{"id":117118,"date":"2019-06-25T14:26:44","date_gmt":"2019-06-25T12:26:44","guid":{"rendered":"http:\/\/gazdasagportal.hu\/?p=117118"},"modified":"2019-06-25T12:33:59","modified_gmt":"2019-06-25T10:33:59","slug":"stabil-jovokeppel-bir-a-hazai-nagyvallalati-szektor","status":"publish","type":"post","link":"https:\/\/gazdasagportal.hu\/index.php\/stabil-jovokeppel-bir-a-hazai-nagyvallalati-szektor\/","title":{"rendered":"Stabil j\u00f6v\u0151k\u00e9ppel b\u00edr a hazai nagyv\u00e1llalati szektor"},"content":{"rendered":"<p><strong>\u00d3vatos optimizmus \u00e9s stabilit\u00e1s jellemzi a hazai nagyv\u00e1llalatok idei \u00e9vi kil\u00e1t\u00e1sait \u2013 jelzi a K&amp;H nagyv\u00e1llalati n\u00f6veked\u00e9si index els\u0151 negyed\u00e9ves eredm\u00e9nye. A legnagyobb hazai c\u00e9gek egy\u00e9ves v\u00e1rakoz\u00e1sait jelz\u0151 mutat\u00f3 mind\u00f6ssze 1 ponttal cs\u00f6kkent, \u00edgy jelenleg 7 ponton \u00e1ll. A c\u00e9gek els\u0151sorban saj\u00e1t helyzet\u00fckkel bizakod\u00f3k, hiszen a beruh\u00e1z\u00e1si sz\u00e1nd\u00e9k \u00e9s az \u00e1rbev\u00e9tel-n\u00f6veked\u00e9s v\u00e1rt m\u00e9rt\u00e9ke is emelkedett, mik\u00f6zben a makrogazdas\u00e1gi k\u00f6rnyezetet kiss\u00e9 negat\u00edvan l\u00e1tj\u00e1k.<\/strong><!--more--><\/p>\n<div class=\"ads-in-post1\"><div id=\"gazdasagportal.hu_fullbanner_wideboard\"><\/div>\r\n<\/div>\n<p>&nbsp;<\/p>\n<p>A hazai, 2 milli\u00e1rd feletti \u00e9ves \u00e1rbev\u00e9tel\u0171 nagyv\u00e1llalatok aktu\u00e1lis gazdas\u00e1gi helyzet\u00e9r\u0151l \u00e9s n\u00f6veked\u00e9si kil\u00e1t\u00e1sair\u00f3l k\u00e9pet ad\u00f3 <strong>K&amp;H nagyv\u00e1llalati n\u00f6veked\u00e9si index <\/strong>gyakorlatilag alig v\u00e1ltozott \u00e9v v\u00e9ge \u00f3ta, ugyanis mind\u00f6ssze egy ponttal cs\u00f6kkent, \u00edgy jelenleg 7 ponton \u00e1ll. \u201eA nagyv\u00e1llalati vezet\u0151k k\u00f6r\u00e9ben v\u00e9gzett felm\u00e9r\u00e9s\u00fcnk szerint \u00f3vatos optimizmus jellemzi a szektort, a c\u00e9gek v\u00e1rakoz\u00e1sai stabilnak tekinthet\u0151k a k\u00f6vetkez\u0151 egy \u00e9vre. A v\u00e1llalatok els\u0151sorban saj\u00e1t helyzet\u00fckre vonatkoz\u00f3an pozit\u00edvak \u2013 hiszen a v\u00e1llalati r\u00e9szindex az el\u0151z\u0151 negyed\u00e9vhez k\u00e9pest v\u00e1ltozatlanul 12 ponton \u00e1ll \u2013, mik\u00f6zben a gazdas\u00e1gi k\u00f6rnyezettel kapcsolatban kiss\u00e9 negat\u00edvak, a makrogazdas\u00e1gi r\u00e9szindex ugyanis -2-r\u0151l -4 pontra m\u00e9rs\u00e9kl\u0151d\u00f6tt\u201d \u2013 mondta el <strong>Patrick Van Overloop, a K&amp;H \u00dczleti \u00fcgyfelek div\u00edzi\u00f3 vezet\u0151je<\/strong>.<\/p><div id=\"gazda-2359539745\" class=\"gazda-tartalomban gazda-entity-placement\"><script async src=\"https:\/\/pagead2.googlesyndication.com\/pagead\/js\/adsbygoogle.js\"><\/script>\r\n<ins class=\"adsbygoogle\"\r\n     style=\"display:block\"\r\n     data-ad-format=\"fluid\"\r\n     data-ad-layout-key=\"-6t+ed+2i-1n-4w\"\r\n     data-ad-client=\"ca-pub-1959107119989764\"\r\n     data-ad-slot=\"4008251320\"><\/ins>\r\n<script>\r\n     (adsbygoogle = window.adsbygoogle || []).push({});\r\n<\/script><\/div>\n<p>&nbsp;<\/p>\n<p>&nbsp;<\/p>\n<p>A hazai nagyv\u00e1llalatok saj\u00e1t kil\u00e1t\u00e1saik kedvez\u0151 meg\u00edt\u00e9l\u00e9s\u00e9n\u00e9l az \u00e1rbev\u00e9telt \u00e9s a beruh\u00e1z\u00e1sokat illet\u0151en is optimist\u00e1k. A szektor \u00e1tlagosan 2,3%-os \u00e1rbev\u00e9tel-n\u00f6veked\u00e9ssel sz\u00e1mol, ami jelent\u0151s el\u0151rel\u00e9p\u00e9s a tavaly \u00e9v k\u00f6zben el\u00e9rt m\u00e9lyponthoz k\u00e9pest (1,2%). Beruh\u00e1z\u00e1sban a c\u00e9gek t\u00f6bb mint fele (53%) gondolkodik id\u00e9n, ami kifejezetten j\u00f3 ar\u00e1nynak tekinthet\u0151, mik\u00f6zben a foglalkoztatottak l\u00e9tsz\u00e1m\u00e1nak alakul\u00e1s\u00e1n\u00e1l nem figyelhet\u0151 meg jelent\u0151s elmozdul\u00e1s, hiszen a v\u00e1llalatok t\u00falnyom\u00f3 r\u00e9sze nem tervez munkaer\u0151-felv\u00e9telt (82%) az el\u0151tt\u00fcnk \u00e1ll\u00f3 egy \u00e9vben.<br \/>\n<div class=\"ads-in-post2\"><script async src=\"https:\/\/pagead2.googlesyndication.com\/pagead\/js\/adsbygoogle.js\"><\/script>\r\n<ins class=\"adsbygoogle\"\r\n     style=\"display:block\"\r\n     data-ad-format=\"fluid\"\r\n     data-ad-layout-key=\"-6t+ed+2i-1n-4w\"\r\n     data-ad-client=\"ca-pub-1959107119989764\"\r\n     data-ad-slot=\"4008251320\"><\/ins>\r\n<script>\r\n     (adsbygoogle = window.adsbygoogle || []).push({});\r\n<\/script><\/div>\n<p><strong>Vegyes gazdas\u00e1gi kil\u00e1t\u00e1sok <\/strong><\/p>\n<p>A makrogazdas\u00e1gi k\u00f6rnyezettel kapcsolatban most enyh\u00e9n m\u00e9rs\u00e9kl\u0151dtek a v\u00e1rakoz\u00e1sok, aminek oka, hogy a v\u00e1llalatok jelent\u0151s r\u00e9sze (35%) forintgyeng\u00fcl\u00e9sre sz\u00e1m\u00edt a k\u00f6vetkez\u0151 6 h\u00f3napban. A gazdas\u00e1g helyzet\u00e9t illet\u0151en egy\u00e9ves id\u0151t\u00e1von a v\u00e1llalatok t\u00f6bbs\u00e9ge (67%) a jelenlegi n\u00f6veked\u00e9si \u00fctem fennmarad\u00e1s\u00e1t val\u00f3sz\u00edn\u0171s\u00edti. H\u00e1rom\u00e9ves id\u0151t\u00e1von viszont m\u00e1r a gazdas\u00e1g tov\u00e1bbi \u00e9l\u00e9nk\u00fcl\u00e9s\u00e9vel sz\u00e1molnak a legnagyobb ar\u00e1nyban, hiszen az el\u0151z\u0151 negyed\u00e9vi 31% helyett most 42% v\u00e9lekedik \u00edgy. Ezzel p\u00e1rhuzamosan sz\u00e1mottev\u0151en, 14%-r\u00f3l 23%-ra megn\u0151tt a gazdas\u00e1gi visszaes\u00e9sre sz\u00e1m\u00edt\u00f3 c\u00e9gek ar\u00e1nya is az el\u0151z\u0151 negyed\u00e9vhez k\u00e9pest, ez azonban nem befoly\u00e1solja jelent\u0151sen a v\u00e1rakoz\u00e1sokat, \u00e9s \u00f6sszess\u00e9g\u00e9ben a v\u00e1llalatok szerint 2022-ig m\u00e9g er\u0151sebb lehet a gazdas\u00e1gi fellend\u00fcl\u00e9s.<\/p>\n<p>&nbsp;<\/p>\n<p>&nbsp;<\/p>\n<p><strong>A K&amp;H nagyv\u00e1llalati n\u00f6veked\u00e9si index kutat\u00e1sr\u00f3l<\/strong><\/p>\n<p>A hazai nagyv\u00e1llalatok jelent\u0151s gazdas\u00e1gi szerepe miatt a K&amp;H Csoport a GfK Hung\u00e1ria Piackutat\u00f3 Int\u00e9zettel egy\u00fcttm\u0171k\u00f6d\u00e9sben 2014-t\u0151l kezd\u0151d\u0151en \u00e1tfog\u00f3 negyed\u00e9ves kutat\u00e1st v\u00e9gez, amelyben felt\u00e9rk\u00e9pezi a hazai nem-\u00e1llami nagyv\u00e1llalati szektor aktu\u00e1lis helyzet\u00e9t, valamint hogy hogyan l\u00e1tj\u00e1k saj\u00e1t c\u00e9g\u00fck \u00e9s a gazdas\u00e1gi k\u00f6rnyezet v\u00e1ltoz\u00e1sait a k\u00f6vetkez\u0151 egy \u00e9vben. A kutat\u00e1s 250, a 2 milli\u00e1rd forint \u00e9ves \u00e1rbev\u00e9telt meghalad\u00f3, nem \u00e1llami tulajdon\u00fa c\u00e9g d\u00f6nt\u00e9shoz\u00f3j\u00e1nak megk\u00e9rdez\u00e9s\u00e9vel t\u00f6rt\u00e9nik. A legut\u00f3bbi felm\u00e9r\u00e9s 2019. febru\u00e1r 21-27. k\u00f6z\u00f6tt zajlott.<\/p>\n<p>&nbsp;<\/p>\n<p><strong>A K&amp;H Csoport<\/strong><\/p>\n<p>Az orsz\u00e1g egyik vezet\u0151 \u00e9s orsz\u00e1gosan k\u00f6zel 4000 munkat\u00e1rsat foglalkoztat\u00f3 p\u00e9nzint\u00e9zetek\u00e9nt a K&amp;H c\u00e9lja, hogy \u00fcgyfelei ig\u00e9nyeit mindenkor magas szinten el\u00e9g\u00edtse ki, \u00e9s a lehet\u0151 legteljesebb term\u00e9kpalett\u00e1t ny\u00fajtsa sz\u00e1mukra. A K&amp;H orsz\u00e1gszerte 206 lakoss\u00e1gi fi\u00f3kot m\u0171k\u00f6dtet, \u00e9s csoportszinten t\u00f6bb mint m\u00e1sf\u00e9lmilli\u00f3 \u00fcgyf\u00e9lnek k\u00edn\u00e1l p\u00e9nz\u00fcgyi szolg\u00e1ltat\u00e1sokat. A magyar gazdas\u00e1g m\u0171k\u00f6d\u00e9s\u00e9t t\u00f6bb mint 2200 milli\u00e1rd forintnyi kihelyezett hitel- \u00e9s hiteljelleg\u0171 \u00e1llom\u00e1nnyal seg\u00edti h\u00e1ztart\u00e1sok, kisv\u00e1llalkoz\u00e1sok, v\u00e1llalatok \u00e9s \u00f6nkorm\u00e1nyzatok finansz\u00edroz\u00e1s\u00e1n kereszt\u00fcl. A c\u00e9gcsoport teljes tev\u00e9kenys\u00e9ge hozz\u00e1vet\u0151legesen 4000 magyar besz\u00e1ll\u00edt\u00f3nak \u00e9s mintegy 700 banki \u00e9s biztos\u00edt\u00e1si \u00fcgyn\u00f6knek biztos\u00edt megrendel\u00e9seket \u00e9s folyamatos tev\u00e9kenys\u00e9get<\/p>\n<p><strong>\u00a0<\/strong><\/p>\n<p><strong>\u00a0<\/strong><\/p>\n<p><strong>K&amp;H Bank<\/strong><\/p>\n<ol start=\"2019\">\n<li><u> I. negyed\u00e9v\u00e9nek v\u00e9g\u00e9n:<\/u><\/li>\n<\/ol>\n<p>saj\u00e1t t\u0151ke (IFRS konszolid\u00e1lt, nem audit\u00e1lt): <strong>320 milli\u00e1rd forint<\/strong><\/p>\n<p>m\u00e9rlegf\u0151\u00f6sszeg (IFRS konszolid\u00e1lt, nem audit\u00e1lt): <strong>3247 milli\u00e1rd forint<\/strong><\/p>\n<p>ad\u00f3z\u00e1s ut\u00e1ni eredm\u00e9ny (IFRS konszolid\u00e1lt, nem audit\u00e1lt):<strong> 12,2 milli\u00e1rd<\/strong> forint<\/p>\n<p>&nbsp;<\/p>\n<p><strong>K&amp;H Biztos\u00edt\u00f3<\/strong><\/p>\n<ol start=\"2019\">\n<li><u> I. negyed\u00e9v\u00e9nek v\u00e9g\u00e9n<\/u><u>:<\/u><\/li>\n<\/ol>\n<p>saj\u00e1t t\u0151ke (IFRS konszolid\u00e1lt, nem audit\u00e1lt):<strong> 11,8 milli\u00e1rd forint<\/strong><\/p>\n<p>m\u00e9rlegf\u0151\u00f6sszeg (IFRS konszolid\u00e1lt, nem audit\u00e1lt):<strong> 179,4 milli\u00e1rd forint<\/strong><\/p>\n<p>biztost\u00e1stechnikai eredm\u00e9ny (IFRS konszolid\u00e1lt, nem audit\u00e1lt):<strong> 1,7 milli\u00e1rd forint<\/strong><\/p>\n<p>ad\u00f3z\u00e1s ut\u00e1ni eredm\u00e9ny (IFRS konszolid\u00e1lt, nem audit\u00e1lt):<strong> 1,3 milli\u00e1rd forint<\/strong><\/p>\n","protected":false},"excerpt":{"rendered":"<p>\u00d3vatos optimizmus \u00e9s stabilit\u00e1s jellemzi a hazai nagyv\u00e1llalatok idei \u00e9vi kil\u00e1t\u00e1sait \u2013 jelzi a K&amp;H nagyv\u00e1llalati n\u00f6veked\u00e9si index els\u0151 negyed\u00e9ves eredm\u00e9nye. A legnagyobb hazai c\u00e9gek egy\u00e9ves v\u00e1rakoz\u00e1sait jelz\u0151 mutat\u00f3 mind\u00f6ssze 1 ponttal cs\u00f6kkent, \u00edgy jelenleg 7 ponton \u00e1ll. A c\u00e9gek els\u0151sorban saj\u00e1t helyzet\u00fckkel bizakod\u00f3k, hiszen a beruh\u00e1z\u00e1si sz\u00e1nd\u00e9k \u00e9s az \u00e1rbev\u00e9tel-n\u00f6veked\u00e9s v\u00e1rt m\u00e9rt\u00e9ke is emelkedett, &#8230;<\/p>\n","protected":false},"author":1,"featured_media":115244,"comment_status":"closed","ping_status":"open","sticky":false,"template":"","format":"standard","meta":[],"categories":[146,4,19],"tags":[],"_links":{"self":[{"href":"https:\/\/gazdasagportal.hu\/index.php\/wp-json\/wp\/v2\/posts\/117118"}],"collection":[{"href":"https:\/\/gazdasagportal.hu\/index.php\/wp-json\/wp\/v2\/posts"}],"about":[{"href":"https:\/\/gazdasagportal.hu\/index.php\/wp-json\/wp\/v2\/types\/post"}],"author":[{"embeddable":true,"href":"https:\/\/gazdasagportal.hu\/index.php\/wp-json\/wp\/v2\/users\/1"}],"replies":[{"embeddable":true,"href":"https:\/\/gazdasagportal.hu\/index.php\/wp-json\/wp\/v2\/comments?post=117118"}],"version-history":[{"count":1,"href":"https:\/\/gazdasagportal.hu\/index.php\/wp-json\/wp\/v2\/posts\/117118\/revisions"}],"predecessor-version":[{"id":117119,"href":"https:\/\/gazdasagportal.hu\/index.php\/wp-json\/wp\/v2\/posts\/117118\/revisions\/117119"}],"wp:featuredmedia":[{"embeddable":true,"href":"https:\/\/gazdasagportal.hu\/index.php\/wp-json\/wp\/v2\/media\/115244"}],"wp:attachment":[{"href":"https:\/\/gazdasagportal.hu\/index.php\/wp-json\/wp\/v2\/media?parent=117118"}],"wp:term":[{"taxonomy":"category","embeddable":true,"href":"https:\/\/gazdasagportal.hu\/index.php\/wp-json\/wp\/v2\/categories?post=117118"},{"taxonomy":"post_tag","embeddable":true,"href":"https:\/\/gazdasagportal.hu\/index.php\/wp-json\/wp\/v2\/tags?post=117118"}],"curies":[{"name":"wp","href":"https:\/\/api.w.org\/{rel}","templated":true}]}}