{"id":117112,"date":"2019-06-25T12:44:23","date_gmt":"2019-06-25T10:44:23","guid":{"rendered":"http:\/\/gazdasagportal.hu\/?p=117112"},"modified":"2019-06-25T12:15:32","modified_gmt":"2019-06-25T10:15:32","slug":"szakerto-egyelore-nincs-szo-amerikai-irani-haborurol","status":"publish","type":"post","link":"https:\/\/gazdasagportal.hu\/index.php\/szakerto-egyelore-nincs-szo-amerikai-irani-haborurol\/","title":{"rendered":"Szak\u00e9rt\u0151: egyel\u0151re nincs sz\u00f3 amerikai-ir\u00e1ni h\u00e1bor\u00far\u00f3l"},"content":{"rendered":"<p><strong>Egyel\u0151re nincs sz\u00f3 h\u00e1bor\u00far\u00f3l az Amerikai Egyes\u00fclt \u00c1llamok \u00e9s Ir\u00e1n k\u00f6z\u00f6tt &#8211; mondta N. R\u00f3zsa Erzs\u00e9bet K\u00f6zel-Kelet szak\u00e9rt\u0151 az M1 aktu\u00e1lis csatorna keddi m\u0171sor\u00e1ban.<\/strong><!--more--><\/p>\n<div class=\"ads-in-post1\"><div id=\"gazdasagportal.hu_fullbanner_wideboard\"><\/div>\r\n<\/div>\n<p>    Donald Trump amerikai eln\u00f6k azt mondta, nem akar h\u00e1bor\u00fat, Ir\u00e1n pedig h\u00e1romsz\u00e1z \u00e9ve nem ind\u00edtott kifel\u00e9 h\u00e1bor\u00fat, csak v\u00e9dekezett, ha sz\u00fcks\u00e9g volt r\u00e1 &#8211; fejtette ki. Fontos azonban, hogy Ir\u00e1n k\u00e9pes v\u00e1laszcsap\u00e1st m\u00e9rni egy esetleges t\u00e1mad\u00e1s ut\u00e1n &#8211; jelezte.<br \/>\n<div class=\"ads-in-post2\"><script async src=\"https:\/\/pagead2.googlesyndication.com\/pagead\/js\/adsbygoogle.js\"><\/script>\r\n<ins class=\"adsbygoogle\"\r\n     style=\"display:block\"\r\n     data-ad-format=\"fluid\"\r\n     data-ad-layout-key=\"-6t+ed+2i-1n-4w\"\r\n     data-ad-client=\"ca-pub-1959107119989764\"\r\n     data-ad-slot=\"4008251320\"><\/ins>\r\n<script>\r\n     (adsbygoogle = window.adsbygoogle || []).push({});\r\n<\/script><\/div>\n    Kit\u00e9rt arra is, az Egyes\u00fclt \u00c1llamok \u00e1ltal kiszabott szankci\u00f3k jelent\u0151s hat\u00e1ssal vannak az ir\u00e1ni gazdas\u00e1gra, de nem b\u00e9n\u00edtj\u00e1k meg, mert az ir\u00e1ni \u00e1llami bev\u00e9telnek csak 15-20 sz\u00e1zal\u00e9ka sz\u00e1rmazik sz\u00e9nhidrog\u00e9nekb\u0151l. A szankci\u00f3k az ir\u00e1ni lakoss\u00e1g \u00e9letsz\u00ednvonal\u00e1t is negat\u00edvan befoly\u00e1solj\u00e1k &#8211; tette hozz\u00e1.(MTI)<\/p>\n","protected":false},"excerpt":{"rendered":"<p>Egyel\u0151re nincs sz\u00f3 h\u00e1bor\u00far\u00f3l az Amerikai Egyes\u00fclt \u00c1llamok \u00e9s Ir\u00e1n k\u00f6z\u00f6tt &#8211; mondta N. R\u00f3zsa Erzs\u00e9bet K\u00f6zel-Kelet szak\u00e9rt\u0151 az M1 aktu\u00e1lis csatorna keddi m\u0171sor\u00e1ban.<\/p>\n","protected":false},"author":1,"featured_media":0,"comment_status":"closed","ping_status":"open","sticky":false,"template":"","format":"standard","meta":[],"categories":[13,16],"tags":[],"_links":{"self":[{"href":"https:\/\/gazdasagportal.hu\/index.php\/wp-json\/wp\/v2\/posts\/117112"}],"collection":[{"href":"https:\/\/gazdasagportal.hu\/index.php\/wp-json\/wp\/v2\/posts"}],"about":[{"href":"https:\/\/gazdasagportal.hu\/index.php\/wp-json\/wp\/v2\/types\/post"}],"author":[{"embeddable":true,"href":"https:\/\/gazdasagportal.hu\/index.php\/wp-json\/wp\/v2\/users\/1"}],"replies":[{"embeddable":true,"href":"https:\/\/gazdasagportal.hu\/index.php\/wp-json\/wp\/v2\/comments?post=117112"}],"version-history":[{"count":1,"href":"https:\/\/gazdasagportal.hu\/index.php\/wp-json\/wp\/v2\/posts\/117112\/revisions"}],"predecessor-version":[{"id":117113,"href":"https:\/\/gazdasagportal.hu\/index.php\/wp-json\/wp\/v2\/posts\/117112\/revisions\/117113"}],"wp:attachment":[{"href":"https:\/\/gazdasagportal.hu\/index.php\/wp-json\/wp\/v2\/media?parent=117112"}],"wp:term":[{"taxonomy":"category","embeddable":true,"href":"https:\/\/gazdasagportal.hu\/index.php\/wp-json\/wp\/v2\/categories?post=117112"},{"taxonomy":"post_tag","embeddable":true,"href":"https:\/\/gazdasagportal.hu\/index.php\/wp-json\/wp\/v2\/tags?post=117112"}],"curies":[{"name":"wp","href":"https:\/\/api.w.org\/{rel}","templated":true}]}}