{"id":117110,"date":"2019-06-25T12:12:51","date_gmt":"2019-06-25T10:12:51","guid":{"rendered":"http:\/\/gazdasagportal.hu\/?p=117110"},"modified":"2019-06-25T12:12:51","modified_gmt":"2019-06-25T10:12:51","slug":"premium-kategoriaba-kerultek-az-autowallis-reszvenyei","status":"publish","type":"post","link":"https:\/\/gazdasagportal.hu\/index.php\/premium-kategoriaba-kerultek-az-autowallis-reszvenyei\/","title":{"rendered":"Pr\u00e9mium kateg\u00f3ri\u00e1ba ker\u00fcltek az AutoWallis r\u00e9szv\u00e9nyei"},"content":{"rendered":"<p><strong>A Budapesti \u00c9rt\u00e9kt\u0151zsde (B\u00c9T) pr\u00e9mium kateg\u00f3ri\u00e1j\u00e1ban kereskednek keddt\u0151l az AutoWallis Nyrt. r\u00e9szv\u00e9nyeivel, kevesebb mint \u00f6t h\u00f3nappal a c\u00e9g \u00faj r\u00e9szv\u00e9nyeinek t\u0151zsdei bevezet\u00e9se ut\u00e1n &#8211; k\u00f6z\u00f6lte az AutoWallis a t\u0151zsde honlapj\u00e1n.<\/strong><!--more--><\/p>\n<div class=\"ads-in-post1\"><div id=\"gazdasagportal.hu_fullbanner_wideboard\"><\/div>\r\n<\/div>\n<p>    A t\u0151zsde aut\u00f3s v\u00e1llalata tavasz \u00f3ta szerepel a BUX \u00e9s BUMIX indexekben, valamint az FTSE egyes indexeiben is.<br \/>\n    V\u00e9gh Rich\u00e1rd, a B\u00c9T vez\u00e9rigazgat\u00f3ja a k\u00f6zlem\u00e9nyben elmondta, hogy a t\u0151zsde sz\u00e1m\u00e1ra is fontos m\u00e9rf\u00f6ldk\u0151 az AutoWallis kateg\u00f3riav\u00e1lt\u00e1sa. Egyre t\u00f6bb t\u0151keer\u0151s magyar nagyv\u00e1llalat v\u00e1lasztja a t\u0151zsd\u00e9t n\u00f6veked\u00e9si platformk\u00e9nt, ami \u00edgy egyre nagyobb m\u00e9rt\u00e9kben hozz\u00e1 tud j\u00e1rulni a magyar c\u00e9gek region\u00e1lis terjeszked\u00e9s\u00e9hez, versenyk\u00e9pess\u00e9g\u00e9nek n\u00f6veked\u00e9s\u00e9hez &#8211; tette hozz\u00e1.<br \/>\n    A k\u00f6zlem\u00e9ny szerint M\u00fcllner Zsolt, a v\u00e1llalat eln\u00f6ke a B\u00c9T-en rendezett \u00fcnnep\u00e9lyes keresked\u00e9sind\u00edt\u00f3 csenget\u00e9si cerem\u00f3ni\u00e1n jelent\u0151s eredm\u00e9nynek nevezte, hogy az AutoWallis \u00faj r\u00e9szv\u00e9nyeinek febru\u00e1ri bevezet\u00e9s\u00e9t k\u00f6vet\u0151en a t\u00e1rsas\u00e1g nem csak m\u00e9ret\u00e9t tekintve tartozik a t\u0151zsde vezet\u0151 v\u00e1llalatai k\u00f6z\u00e9, hanem most m\u00e1r a<br \/>\nkateg\u00f3ri\u00e1t \u00e9s indexeket tekintve is. A r\u00e9szv\u00e9nyeik mind\u00f6ssze k\u00e9t h\u00f3napon bel\u00fcl beker\u00fcltek a BUX \u00e9s BUMIX indexekbe, \u00e9s mostant\u00f3l a pr\u00e9mium kateg\u00f3ri\u00e1ba is. Hozz\u00e1tette: ezzel t\u0151kepiaci terveik megval\u00f3s\u00edt\u00e1s\u00e1nak indul\u00f3 szakasza z\u00e1rult le. A v\u00e1llalat m\u00e1jusban meghirdetett strat\u00e9gi\u00e1j\u00e1ban azzal sz\u00e1mol, hogy 2029-re a kelet-k\u00f6z\u00e9p-eur\u00f3pai r\u00e9gi\u00f3 meghat\u00e1roz\u00f3 mobilit\u00e1si szolg\u00e1ltat\u00f3j\u00e1v\u00e1 v\u00e1lik.<br \/>\n<div class=\"ads-in-post2\"><script async src=\"https:\/\/pagead2.googlesyndication.com\/pagead\/js\/adsbygoogle.js\"><\/script>\r\n<ins class=\"adsbygoogle\"\r\n     style=\"display:block\"\r\n     data-ad-format=\"fluid\"\r\n     data-ad-layout-key=\"-6t+ed+2i-1n-4w\"\r\n     data-ad-client=\"ca-pub-1959107119989764\"\r\n     data-ad-slot=\"4008251320\"><\/ins>\r\n<script>\r\n     (adsbygoogle = window.adsbygoogle || []).push({});\r\n<\/script><\/div>\n    A t\u00e1j\u00e9koztat\u00e1s szerint az AutoWallis robusztus n\u00f6veked\u00e9st tervez a B\u00c9T-en: 2024-re a nemzetk\u00f6zi p\u00e9nz\u00fcgyi besz\u00e1mol\u00e1si standardok (IFRS) szerint akviz\u00edci\u00f3k n\u00e9lk\u00fcl a tavalyi 65,5 milli\u00e1rd forintos \u00e1rbev\u00e9tel\u00e9nek t\u00f6bb mint k\u00e9tszeres\u00e9re sz\u00e1m\u00edt, \u00edgy az 142 milli\u00e1rd forint lehet, m\u00edg akviz\u00edci\u00f3kkal szinte megh\u00e1romszorozza, 187 milli\u00e1rd forinttal kalkul\u00e1l. Mindez a p\u00e9nz\u00fcgyi t\u00e9telekt\u0151l tiszt\u00edtott, ad\u00f3z\u00e1s \u00e9s \u00e9rt\u00e9kcs\u00f6kken\u00e9si le\u00edr\u00e1s el\u0151tti eredm\u00e9nyt enn\u00e9l is nagyobb \u00fctemben n\u00f6velheti: organikus n\u00f6veked\u00e9ssel az EBITDA k\u00f6zel a n\u00e9gyszeres\u00e9re, 7,9 milli\u00e1rd forintra, m\u00edg akviz\u00edci\u00f3kkal n\u00e9gy \u00e9s f\u00e9lszeres\u00e9re, 9,5 milli\u00e1rd forintra ugorhat &#8211; \u00edrt\u00e1k. A t\u00e1rsas\u00e1g stabil eredm\u00e9nytermel\u0151 k\u00e9pess\u00e9ge megfelel\u0151 alapot jelent az osztal\u00e9kfizet\u00e9shez, amit a v\u00e1llalat akviz\u00edci\u00f3s \u00e9s n\u00f6veked\u00e9si terveihez fognak igaz\u00edtani. A v\u00e1llalat k\u00f6z\u00f6lte: a m\u0171k\u00f6d\u00e9si eredm\u00e9ny egy r\u00e9sz\u00e9nek visszaforgat\u00e1sa mellett k\u00f6tv\u00e9nykibocs\u00e1t\u00e1sra, valamint t\u0151kebevon\u00e1sra is \u00e9p\u00edt, amelyben az int\u00e9zm\u00e9nyi befektet\u0151kre is sz\u00e1m\u00edt.<br \/>\n    Az AutoWallis csoport a r\u00e9gi\u00f3 14 orsz\u00e1g\u00e1ban (Alb\u00e1nia, Bosznia-Hercegovina, Csehorsz\u00e1g, Bulg\u00e1ria, Horv\u00e1torsz\u00e1g, Koszov\u00f3, Lengyelorsz\u00e1g, Rom\u00e1nia, Szerbia, Szlov\u00e1kia, Szlov\u00e9nia, Maced\u00f3nia, Magyarorsz\u00e1g, Montenegr\u00f3) g\u00e9pj\u00e1rm\u0171- \u00e9s alkatr\u00e9sz kis- \u00e9s nagykereskedelemmel, szerviz szolg\u00e1ltat\u00e1sokkal, r\u00f6vid- \u00e9s hossz\u00fa t\u00e1v\u00fa g\u00e9pj\u00e1rm\u0171-k\u00f6lcs\u00f6nz\u00e9ssel van jelen. A csoport tagjai k\u00f6z\u00e9 tartozik a Wallis Automotive Europe, a Wallis Motor Pest, a Wallis Motor Duna, valamint a Wallis Aut\u00f3k\u00f6lcs\u00f6nz\u0151. A csoport \u00e1ltal k\u00e9pviselt m\u00e1rk\u00e1k k\u00f6z\u00e9 tartoznak a BMW szem\u00e9lyaut\u00f3k \u00e9s motorker\u00e9kp\u00e1rok, a MINI, az Isuzu, a Jaguar, a Land Rover, a Maserati, a Ssangyong, a Saab alkatr\u00e9szek ut\u00e1np\u00f3tl\u00e1sa \u00e9s a Sixt rent-a-car.(MTI)<\/p>\n","protected":false},"excerpt":{"rendered":"<p>A Budapesti \u00c9rt\u00e9kt\u0151zsde (B\u00c9T) pr\u00e9mium kateg\u00f3ri\u00e1j\u00e1ban kereskednek keddt\u0151l az AutoWallis Nyrt. r\u00e9szv\u00e9nyeivel, kevesebb mint \u00f6t h\u00f3nappal a c\u00e9g \u00faj r\u00e9szv\u00e9nyeinek t\u0151zsdei bevezet\u00e9se ut\u00e1n &#8211; k\u00f6z\u00f6lte az AutoWallis a t\u0151zsde honlapj\u00e1n.<\/p>\n","protected":false},"author":1,"featured_media":0,"comment_status":"closed","ping_status":"open","sticky":false,"template":"","format":"standard","meta":[],"categories":[7],"tags":[],"_links":{"self":[{"href":"https:\/\/gazdasagportal.hu\/index.php\/wp-json\/wp\/v2\/posts\/117110"}],"collection":[{"href":"https:\/\/gazdasagportal.hu\/index.php\/wp-json\/wp\/v2\/posts"}],"about":[{"href":"https:\/\/gazdasagportal.hu\/index.php\/wp-json\/wp\/v2\/types\/post"}],"author":[{"embeddable":true,"href":"https:\/\/gazdasagportal.hu\/index.php\/wp-json\/wp\/v2\/users\/1"}],"replies":[{"embeddable":true,"href":"https:\/\/gazdasagportal.hu\/index.php\/wp-json\/wp\/v2\/comments?post=117110"}],"version-history":[{"count":1,"href":"https:\/\/gazdasagportal.hu\/index.php\/wp-json\/wp\/v2\/posts\/117110\/revisions"}],"predecessor-version":[{"id":117111,"href":"https:\/\/gazdasagportal.hu\/index.php\/wp-json\/wp\/v2\/posts\/117110\/revisions\/117111"}],"wp:attachment":[{"href":"https:\/\/gazdasagportal.hu\/index.php\/wp-json\/wp\/v2\/media?parent=117110"}],"wp:term":[{"taxonomy":"category","embeddable":true,"href":"https:\/\/gazdasagportal.hu\/index.php\/wp-json\/wp\/v2\/categories?post=117110"},{"taxonomy":"post_tag","embeddable":true,"href":"https:\/\/gazdasagportal.hu\/index.php\/wp-json\/wp\/v2\/tags?post=117110"}],"curies":[{"name":"wp","href":"https:\/\/api.w.org\/{rel}","templated":true}]}}