{"id":117108,"date":"2019-06-25T11:58:10","date_gmt":"2019-06-25T09:58:10","guid":{"rendered":"http:\/\/gazdasagportal.hu\/?p=117108"},"modified":"2019-06-25T11:58:10","modified_gmt":"2019-06-25T09:58:10","slug":"oktober-31-lesz-a-banki-adategyeztetes-hatarideje","status":"publish","type":"post","link":"https:\/\/gazdasagportal.hu\/index.php\/oktober-31-lesz-a-banki-adategyeztetes-hatarideje\/","title":{"rendered":"Okt\u00f3ber 31 lesz a banki adategyeztet\u00e9s hat\u00e1rideje"},"content":{"rendered":"<p><strong>Az Orsz\u00e1ggy\u0171l\u00e9s keddi hat\u00e1rozathozatalai sor\u00e1n okt\u00f3ber 31-ig kitolta a banki adategyeztet\u00e9s hat\u00e1ridej\u00e9t. Emellett a k\u00e9pvisel\u0151k elfogadt\u00e1k a K\u00faria eln\u00f6k\u00e9nek 2017-r\u0151l sz\u00f3l\u00f3 besz\u00e1mol\u00f3j\u00e1t.<\/strong><!--more--><\/p>\n<div class=\"ads-in-post1\"><div id=\"gazdasagportal.hu_fullbanner_wideboard\"><\/div>\r\n<\/div>\n<p>    <strong>Nemzetk\u00f6zi szerz\u0151d\u00e9sek kihirdet\u00e9se <\/strong><\/p>\n<p>    A parlament k\u00e9t nemzetk\u00f6zi szerz\u0151d\u00e9s kihirdet\u00e9s\u00e9hez j\u00e1rult hozz\u00e1.<br \/>\n    A k\u00e9pvisel\u0151k els\u0151k\u00e9nt az \u00c9szak-maced\u00f3n K\u00f6zt\u00e1rsas\u00e1g \u00c9szak-atlanti Szerz\u0151d\u00e9s Szervezet\u00e9hez t\u00f6rt\u00e9n\u0151 csatlakoz\u00e1s\u00e1r\u00f3l sz\u00f3l\u00f3 jegyz\u0151k\u00f6nyvet hagyt\u00e1k j\u00f3v\u00e1 egyhang\u00falag, 153 igen szavazattal.<br \/>\n    A szavaz\u00e1son az \u00e9szak-maced\u00f3n parlament eln\u00f6ke, Talat Xhaferi is jelen volt.<br \/>\n    Magyarorsz\u00e1g mindig is k\u00f6vetkezetes t\u00e1mogat\u00f3ja volt a nyugat-balk\u00e1ni orsz\u00e1gok euroatlanti integr\u00e1ci\u00f3s t\u00f6rekv\u00e9seinek &#8211; mondta a hat\u00e1rozathozatal ut\u00e1n K\u00f6v\u00e9r L\u00e1szl\u00f3 h\u00e1zeln\u00f6k. Hozz\u00e1tette: \u00c9szak-Maced\u00f3nia NATO-csatlakoz\u00e1sa mind a sz\u00f6vets\u00e9gnek, mind a r\u00e9gi\u00f3nak sikert\u00f6rt\u00e9net, \u00e9s mindez nem lett volna lehets\u00e9ges a maced\u00f3n \u00e9s a g\u00f6r\u00f6g korm\u00e1ny b\u00e1tors\u00e1ga, er\u0151fesz\u00edt\u00e9sei \u00e9s elk\u00f6telezetts\u00e9ge n\u00e9lk\u00fcl.<br \/>\n    K\u00f6v\u00e9r L\u00e1szl\u00f3 \u00fagy fogalmazott: \u00c9szak-Maced\u00f3ni\u00e1t a NATO-m\u0171veletekhez val\u00f3 hozz\u00e1j\u00e1rul\u00e1sa \u00e9s az illeg\u00e1lis migr\u00e1ci\u00f3 meg\u00e1ll\u00edt\u00e1s\u00e1ban bet\u00f6lt\u00f6tt szerepe a biztons\u00e1g garant\u00e1l\u00f3j\u00e1v\u00e1 tette.<br \/>\n    &#8222;B\u00edzunk abban, hogy a csatlakoz\u00e1si jegyz\u0151k\u00f6nyv gyors \u00e9s teljes k\u00f6r\u0171 tag\u00e1llami ratifik\u00e1l\u00e1s\u00e1val az \u00c9szak-maced\u00f3n K\u00f6zt\u00e1rsas\u00e1g miel\u0151bb a sz\u00f6vets\u00e9g teljes jog\u00fa tagj\u00e1v\u00e1 v\u00e1lik&#8221; &#8211; mondta az Orsz\u00e1ggy\u0171l\u00e9s eln\u00f6ke.<br \/>\n    Ezt k\u00f6vet\u0151en a k\u00e9pvisel\u0151k ratifik\u00e1lt\u00e1k a magyar-szlov\u00e1k hat\u00e1ron, Dr\u00e9gelypal\u00e1nk \u00e9s Ipolyh\u00eddv\u00e9g (Ipel&#8217;sk\u00e9 Predmostie) k\u00f6z\u00e9 tervezett k\u00f6z\u00fati Ipoly-h\u00edd meg\u00e9p\u00edt\u00e9s\u00e9r\u0151l sz\u00f3l\u00f3 korm\u00e1nyk\u00f6zi meg\u00e1llapod\u00e1st szint\u00e9n egyhang\u00falag, 154 igen szavazattal.<br \/>\n<div class=\"ads-in-post2\"><script async src=\"https:\/\/pagead2.googlesyndication.com\/pagead\/js\/adsbygoogle.js\"><\/script>\r\n<ins class=\"adsbygoogle\"\r\n     style=\"display:block\"\r\n     data-ad-format=\"fluid\"\r\n     data-ad-layout-key=\"-6t+ed+2i-1n-4w\"\r\n     data-ad-client=\"ca-pub-1959107119989764\"\r\n     data-ad-slot=\"4008251320\"><\/ins>\r\n<script>\r\n     (adsbygoogle = window.adsbygoogle || []).push({});\r\n<\/script><\/div>\n<p>    <strong>Elfogadt\u00e1k a K\u00faria eln\u00f6k\u00e9nek 2017-r\u0151l sz\u00f3l\u00f3 besz\u00e1mol\u00f3j\u00e1t<\/strong><\/p>\n<p>    Az Orsz\u00e1ggy\u0171l\u00e9s elfogadta a K\u00faria eln\u00f6k\u00e9nek 2017-es tev\u00e9kenys\u00e9g\u00e9r\u0151l sz\u00f3l\u00f3 besz\u00e1mol\u00f3j\u00e1t, amelyet Dar\u00e1k P\u00e9ter a jogegys\u00e9g biztos\u00edt\u00e1sa \u00e9s az \u00f6nkorm\u00e1nyzati normakontroll k\u00f6r\u00e9ben ny\u00fajtott be a H\u00e1z el\u00e9.<br \/>\n    A k\u00e9pvisel\u0151k 151 igen szavazattal, 2 tart\u00f3zkod\u00e1s mellett hagyt\u00e1k j\u00f3v\u00e1 az err\u0151l sz\u00f3l\u00f3 el\u0151terjeszt\u00e9st.<br \/>\n    Dar\u00e1k P\u00e9ter a besz\u00e1mol\u00f3 parlamenti t\u00e1rgyal\u00e1sakor hangs\u00falyozta, a K\u00faria 2017-ben a jogegys\u00e9g megteremt\u00e9se \u00e9rdek\u00e9ben, valamint az \u00f6nkorm\u00e1nyzati normakontroll ter\u00fclet\u00e9n is folytatta a kor\u00e1bbi \u00e9vek el\u0151remutat\u00f3 gyakorlat\u00e1t, \u00e9s igyekezett seg\u00edteni az als\u00f3bb fok\u00fa b\u00edr\u00f3s\u00e1gokat szakmai munk\u00e1jukban.<br \/>\n    \u00daj szerepl\u0151 seg\u00edti a sz\u00f6vetkezeti hitelint\u00e9zeti integr\u00e1ci\u00f3t<br \/>\n    Az Orsz\u00e1ggy\u0171l\u00e9s Holding Sz\u00f6vetkezet n\u00e9ven \u00faj szerepl\u0151 bel\u00e9p\u00e9s\u00e9t tette lehet\u0151v\u00e9 a sz\u00f6vetkezeti hitelint\u00e9zeti integr\u00e1ci\u00f3ba annak \u00e9rdek\u00e9ben, hogy a szektor eddigi r\u00e9szjegytulajdonosai tov\u00e1bbra is sz\u00f6vetkezeti keretek k\u00f6z\u00f6tt lehessenek az integr\u00e1ci\u00f3 r\u00e9sztvev\u0151i.<br \/>\n    A k\u00e9pvisel\u0151k 114 igen szavazattal, 20 nem ellen\u00e9ben \u00e9s 23 tart\u00f3zkod\u00e1s mellett fogadt\u00e1k el a nemzeti vagyon kezel\u00e9s\u00e9\u00e9rt felel\u0151s t\u00e1rca n\u00e9lk\u00fcli miniszter el\u0151terjeszt\u00e9s\u00e9t.<br \/>\n    Az elfogadott javaslat indokl\u00e1sa szerint a m\u00f3dos\u00edt\u00e1s arra ir\u00e1nyul, hogy az integr\u00e1ci\u00f3ban zajl\u00f3 egyes\u00fcl\u00e9si folyamatok sor\u00e1n is biztos\u00edtott legyen a sz\u00f6vetkezeti elv \u00e9rv\u00e9nyes\u00fcl\u00e9se \u00e9s a sz\u00f6vetkezeti hitelint\u00e9zetek tagjainak a sz\u00f6vetkezeti r\u00e9szv\u00e9tel lehet\u0151s\u00e9ge.<br \/>\n    A Holding Sz\u00f6vetkezet ez\u00e9rt a Sz\u00f6vetkezeti Hitelint\u00e9zetek Integr\u00e1ci\u00f3s Szervezete tagjak\u00e9nt j\u00f6n l\u00e9tre, szerepe pedig egy\u00e9rtelm\u0171en a tulajdonosi jogok gyakorl\u00e1s\u00e1ban val\u00f3sulhat meg nem takar\u00e9k- vagy hitelsz\u00f6vetkezetk\u00e9nt m\u0171k\u00f6dve.<br \/>\n    A t\u00f6rv\u00e9nym\u00f3dos\u00edt\u00e1s a fentiek mellett a Tudom\u00e1nyos Ismeretterjeszt\u0151 T\u00e1rsulatot nevezte ki a N\u00e9pligetben tal\u00e1lhat\u00f3, \u00e1llami tulajdonban \u00e1ll\u00f3 Budapesti Planet\u00e1rium vagyonkezel\u0151j\u00e9nek, hogy az \u00e9p\u00fclet fel\u00faj\u00edt\u00e1sakor \u00e9rv\u00e9nyes\u00fclhessenek a tudom\u00e1nyos \u00e9s szakmai szempontok.<\/p>\n<p>    A Nemzeti K\u00f6zszolg\u00e1lati Egyetem k\u00f6z\u00f6ss\u00e9gi \u00e9s sport\u00e9let\u00e9nek fejleszt\u00e9s\u00e9r\u0151l d\u00f6nt\u00f6ttek<br \/>\n    A parlament t\u00f6bb k\u00f6zszolg\u00e1lati t\u00e1rgy\u00fa t\u00f6rv\u00e9nyen is m\u00f3dos\u00edtott, amelyek egy r\u00e9sze a Nemzeti K\u00f6zszolg\u00e1lati Egyetem (NKE) bels\u0151 szervezeti rendj\u00e9nek meg\u00faj\u00edt\u00e1s\u00e1t, valamint k\u00f6z\u00f6ss\u00e9gi \u00e9s sport\u00e9let\u00e9nek fejleszt\u00e9s\u00e9t c\u00e9lozza annak \u00e9rdek\u00e9ben, hogy az int\u00e9zm\u00e9ny m\u00e9g ink\u00e1bb meg tudjon felelni az \u00e1llam ig\u00e9nyeinek, tov\u00e1bb\u00e1 vonz\u00f3bb\u00e1 v\u00e1ljon a fiatalok k\u00f6r\u00e9ben.<br \/>\n    A k\u00e9pvisel\u0151k 115 igen szavazattal, 40 nem ellen\u00e9ben \u00e9s 2 tart\u00f3zkod\u00e1s mellett fogadt\u00e1k el a k\u00fclgazdas\u00e1gi \u00e9s k\u00fcl\u00fcgyminiszter err\u0151l sz\u00f3l\u00f3 javaslat\u00e1t.<br \/>\n    Az elfogadott el\u0151terjeszt\u00e9s indokl\u00e1sa alapj\u00e1n a m\u00f3dos\u00edt\u00e1sok jogot teremtenek az egyetemnek a k\u00e9pz\u00e9s \u00e9s az oktat\u00e1s megfelel\u0151 min\u0151s\u00e9gellen\u0151rz\u00e9s\u00e9re, emellett jelent\u0151sen fejlesztik a k\u00f6z\u00f6ss\u00e9gi \u00e9s sport\u00e9letet, egyr\u00e9szt a finansz\u00edroz\u00e1s, m\u00e1sr\u00e9szt a felv\u00e9teli elj\u00e1r\u00e1s szab\u00e1lyainak ter\u00fclet\u00e9n.<\/p>\n<p>    <strong>Okt\u00f3ber v\u00e9g\u00e9ig egyeztethet\u0151k az adatok a bankokkal<\/strong><\/p>\n<p>    Az Orsz\u00e1ggy\u0171l\u00e9s n\u00e9gy h\u00f3nappal meghosszabb\u00edtva okt\u00f3ber 31-ig tolta ki a banki adategyeztet\u00e9s hat\u00e1ridej\u00e9t egy t\u00f6rv\u00e9nym\u00f3dos\u00edt\u00e1ssal.<br \/>\n    A H\u00e1z 156 igen szavazattal, 1 nem ellen\u00e9ben fogadta el a p\u00e9nzmos\u00e1s \u00e9s a terrorizmus finansz\u00edroz\u00e1sa megel\u0151z\u00e9s\u00e9r\u0151l \u00e9s megakad\u00e1lyoz\u00e1s\u00e1r\u00f3l sz\u00f3l\u00f3 jogszab\u00e1ly m\u00f3dos\u00edt\u00e1s\u00e1t, h\u00e1zszab\u00e1lyt\u00f3l elt\u00e9rve.<br \/>\n    A v\u00e1ltoztat\u00e1s a hat\u00e9kony v\u00e9grehajt\u00e1s \u00e9s a m\u00e9g sz\u00fcks\u00e9ges \u00fcgyf\u00e9l\u00e1tvil\u00e1g\u00edt\u00e1s megfelel\u0151 elv\u00e9gz\u00e9se \u00e9rdek\u00e9ben egy \u00faj \u00e9rtes\u00edt\u00e9si k\u00f6telezetts\u00e9get is bevezet: a szolg\u00e1ltat\u00f3knak a hat\u00e1lybal\u00e9p\u00e9st k\u00f6vet\u0151 3 napon bel\u00fcl t\u00e1j\u00e9koztatniuk kell azon \u00fcgyfeleiket, akiknek az eset\u00e9ben az \u00e1tvil\u00e1g\u00edt\u00e1s m\u00e9g egy\u00e1ltal\u00e1n nem vagy nem teljes k\u00f6r\u0171en t\u00f6rt\u00e9nt meg.(MTI)<\/p>\n","protected":false},"excerpt":{"rendered":"<p>Az Orsz\u00e1ggy\u0171l\u00e9s keddi hat\u00e1rozathozatalai sor\u00e1n okt\u00f3ber 31-ig kitolta a banki adategyeztet\u00e9s hat\u00e1ridej\u00e9t. Emellett a k\u00e9pvisel\u0151k elfogadt\u00e1k a K\u00faria eln\u00f6k\u00e9nek 2017-r\u0151l sz\u00f3l\u00f3 besz\u00e1mol\u00f3j\u00e1t.<\/p>\n","protected":false},"author":1,"featured_media":0,"comment_status":"closed","ping_status":"open","sticky":false,"template":"","format":"standard","meta":[],"categories":[4,19],"tags":[],"_links":{"self":[{"href":"https:\/\/gazdasagportal.hu\/index.php\/wp-json\/wp\/v2\/posts\/117108"}],"collection":[{"href":"https:\/\/gazdasagportal.hu\/index.php\/wp-json\/wp\/v2\/posts"}],"about":[{"href":"https:\/\/gazdasagportal.hu\/index.php\/wp-json\/wp\/v2\/types\/post"}],"author":[{"embeddable":true,"href":"https:\/\/gazdasagportal.hu\/index.php\/wp-json\/wp\/v2\/users\/1"}],"replies":[{"embeddable":true,"href":"https:\/\/gazdasagportal.hu\/index.php\/wp-json\/wp\/v2\/comments?post=117108"}],"version-history":[{"count":1,"href":"https:\/\/gazdasagportal.hu\/index.php\/wp-json\/wp\/v2\/posts\/117108\/revisions"}],"predecessor-version":[{"id":117109,"href":"https:\/\/gazdasagportal.hu\/index.php\/wp-json\/wp\/v2\/posts\/117108\/revisions\/117109"}],"wp:attachment":[{"href":"https:\/\/gazdasagportal.hu\/index.php\/wp-json\/wp\/v2\/media?parent=117108"}],"wp:term":[{"taxonomy":"category","embeddable":true,"href":"https:\/\/gazdasagportal.hu\/index.php\/wp-json\/wp\/v2\/categories?post=117108"},{"taxonomy":"post_tag","embeddable":true,"href":"https:\/\/gazdasagportal.hu\/index.php\/wp-json\/wp\/v2\/tags?post=117108"}],"curies":[{"name":"wp","href":"https:\/\/api.w.org\/{rel}","templated":true}]}}