{"id":117106,"date":"2019-06-25T11:24:30","date_gmt":"2019-06-25T09:24:30","guid":{"rendered":"http:\/\/gazdasagportal.hu\/?p=117106"},"modified":"2019-06-25T10:26:18","modified_gmt":"2019-06-25T08:26:18","slug":"masfel-ev-alatt-450-milliard-forintot-hagy-a-vallalkozasoknal-a-szocialis-hozzajarulasi-ado-csokkentese","status":"publish","type":"post","link":"https:\/\/gazdasagportal.hu\/index.php\/masfel-ev-alatt-450-milliard-forintot-hagy-a-vallalkozasoknal-a-szocialis-hozzajarulasi-ado-csokkentese\/","title":{"rendered":"M\u00e1sf\u00e9l \u00e9v alatt 450 milli\u00e1rd forintot hagy a v\u00e1llalkoz\u00e1sokn\u00e1l a szoci\u00e1lis hozz\u00e1j\u00e1rul\u00e1si ad\u00f3 cs\u00f6kkent\u00e9se"},"content":{"rendered":"<p><strong>A szoci\u00e1lis hozz\u00e1j\u00e1rul\u00e1si ad\u00f3 j\u00falius 1-jei cs\u00f6kkent\u00e9s\u00e9vel az id\u00e9n is biztos\u00edtott a dobog\u00f3s hely az ad\u00f3cs\u00f6kkent\u00e9si versenyben &#8211; t\u00e1j\u00e9koztatta Izer Norbert ad\u00f3\u00fcgyek\u00e9rt felel\u0151s \u00e1llamtitk\u00e1r az MTI-t. <\/strong><!--more--><\/p>\n<div class=\"ads-in-post1\"><div id=\"gazdasagportal.hu_fullbanner_wideboard\"><\/div>\r\n<\/div>\n<p>    A 2017-2018-as k\u00e9t\u00e9ves peri\u00f3dusban a magyar ad\u00f3\u00e9k, azaz a munkab\u00e9r teljes ad\u00f3terhel\u00e9s\u00e9nek a cs\u00f6kken\u00e9se messze a legnagyobb volt az OECD orsz\u00e1gok k\u00f6z\u00f6tt &#8211; jelentette ki az \u00e1llamtitk\u00e1r. Az OECD &#8222;Taxing wages 2019&#8221; kiadv\u00e1nya szerint Magyarorsz\u00e1g ugyanis k\u00e9t \u00e9v alatt 3,2 sz\u00e1zal\u00e9kpontos cs\u00f6kkent\u00e9st hajtott v\u00e9gre, a m\u00e1sodik helyezett \u00c9sztorsz\u00e1g lett 2,5 sz\u00e1zal\u00e9kponttal, harmadik helyen pedig az Egyes\u00fclt \u00c1llamok szerepelt 2,1 sz\u00e1zal\u00e9kponttal &#8211; r\u00e9szletezte.<br \/>\n    Izer Norbert szerint Magyarorsz\u00e1g dobog\u00f3s helye 2019-ben is biztos\u00edtott, hiszen a szoci\u00e1lis hozz\u00e1j\u00e1rul\u00e1si ad\u00f3 m\u00e9rt\u00e9ke j\u00falius 1-t\u0151l 19,5 sz\u00e1zal\u00e9kr\u00f3l 17,5 sz\u00e1zal\u00e9kra cs\u00f6kken. Elmondta, hogy a 2 sz\u00e1zal\u00e9kpontos cs\u00f6kkent\u00e9s 2019-ben 144 milli\u00e1rd forintot, 2020-ban pedig 310 milli\u00e1rd forintot hagy a magyar v\u00e1llalkoz\u00e1sokn\u00e1l.<br \/>\n    J\u00falius 1-t\u0151l nemcsak a szoci\u00e1lis hozz\u00e1j\u00e1rul\u00e1si ad\u00f3 m\u00e9rt\u00e9ke cs\u00f6kken, hanem a kisad\u00f3z\u00f3 v\u00e1llalkoz\u00e1sok t\u00e9teles ad\u00f3ja (kata) \u00e9s az egyszer\u0171s\u00edtett k\u00f6ztehervisel\u00e9si hozz\u00e1j\u00e1rul\u00e1s (ekho) szab\u00e1lyai is kedvez\u0151bbekk\u00e9 v\u00e1lnak &#8211; jelentette ki az \u00e1llamtitk\u00e1r.<br \/>\n<div class=\"ads-in-post2\"><script async src=\"https:\/\/pagead2.googlesyndication.com\/pagead\/js\/adsbygoogle.js\"><\/script>\r\n<ins class=\"adsbygoogle\"\r\n     style=\"display:block\"\r\n     data-ad-format=\"fluid\"\r\n     data-ad-layout-key=\"-6t+ed+2i-1n-4w\"\r\n     data-ad-client=\"ca-pub-1959107119989764\"\r\n     data-ad-slot=\"4008251320\"><\/ins>\r\n<script>\r\n     (adsbygoogle = window.adsbygoogle || []).push({});\r\n<\/script><\/div>\n    V\u00e1ltozatlan ad\u00f3fizet\u00e9si k\u00f6telezetts\u00e9g mellett a f\u0151\u00e1ll\u00e1s\u00fa kat\u00e1s \u00e1ltal ig\u00e9nybe vett p\u00e9nzbeli ell\u00e1t\u00e1sok (pl: gyed, t\u00e1pp\u00e9nz) alapja megemelkedik. Ez azt jelenti, hogy az 50 ezer forintos t\u00e9teles ad\u00f3 megfizet\u00e9se eset\u00e9n 94 400 forintr\u00f3l 98 100 forintra, m\u00edg a magasabb m\u00e9rt\u00e9k\u0171 (75 ezer forintos) t\u00e9teles ad\u00f3 megfizet\u00e9sekor 158 400 forintr\u00f3l 164 000 forintra emelkedik az ell\u00e1t\u00e1si alap &#8211; magyar\u00e1zta Izer Norbert. Hozz\u00e1tette: a j\u00f6v\u0151 h\u00e9t h\u00e9tf\u0151t\u0151l a kifizet\u0151t terhel\u0151 ekh\u00f3 19,5 sz\u00e1zal\u00e9kr\u00f3l 17,5 sz\u00e1zal\u00e9kra cs\u00f6kken.<br \/>\n    Az ad\u00f3cs\u00f6kkent\u00e9st tartalmaz\u00f3 t\u00f6rv\u00e9ny m\u00e1r \u00e9rv\u00e9nyes, hiszen az  a Magyar K\u00f6zl\u00f6nyben megjelent, a hat\u00e1lyba l\u00e9p\u00e9s id\u0151pontja pedig j\u00falius 1. &#8211; k\u00f6z\u00f6lte az \u00e1llamtitk\u00e1r.(MTI)<\/p>\n","protected":false},"excerpt":{"rendered":"<p>A szoci\u00e1lis hozz\u00e1j\u00e1rul\u00e1si ad\u00f3 j\u00falius 1-jei cs\u00f6kkent\u00e9s\u00e9vel az id\u00e9n is biztos\u00edtott a dobog\u00f3s hely az ad\u00f3cs\u00f6kkent\u00e9si versenyben &#8211; t\u00e1j\u00e9koztatta Izer Norbert ad\u00f3\u00fcgyek\u00e9rt felel\u0151s \u00e1llamtitk\u00e1r az MTI-t.<\/p>\n","protected":false},"author":1,"featured_media":0,"comment_status":"closed","ping_status":"open","sticky":false,"template":"","format":"standard","meta":[],"categories":[19],"tags":[],"_links":{"self":[{"href":"https:\/\/gazdasagportal.hu\/index.php\/wp-json\/wp\/v2\/posts\/117106"}],"collection":[{"href":"https:\/\/gazdasagportal.hu\/index.php\/wp-json\/wp\/v2\/posts"}],"about":[{"href":"https:\/\/gazdasagportal.hu\/index.php\/wp-json\/wp\/v2\/types\/post"}],"author":[{"embeddable":true,"href":"https:\/\/gazdasagportal.hu\/index.php\/wp-json\/wp\/v2\/users\/1"}],"replies":[{"embeddable":true,"href":"https:\/\/gazdasagportal.hu\/index.php\/wp-json\/wp\/v2\/comments?post=117106"}],"version-history":[{"count":1,"href":"https:\/\/gazdasagportal.hu\/index.php\/wp-json\/wp\/v2\/posts\/117106\/revisions"}],"predecessor-version":[{"id":117107,"href":"https:\/\/gazdasagportal.hu\/index.php\/wp-json\/wp\/v2\/posts\/117106\/revisions\/117107"}],"wp:attachment":[{"href":"https:\/\/gazdasagportal.hu\/index.php\/wp-json\/wp\/v2\/media?parent=117106"}],"wp:term":[{"taxonomy":"category","embeddable":true,"href":"https:\/\/gazdasagportal.hu\/index.php\/wp-json\/wp\/v2\/categories?post=117106"},{"taxonomy":"post_tag","embeddable":true,"href":"https:\/\/gazdasagportal.hu\/index.php\/wp-json\/wp\/v2\/tags?post=117106"}],"curies":[{"name":"wp","href":"https:\/\/api.w.org\/{rel}","templated":true}]}}