{"id":117104,"date":"2019-06-25T10:41:19","date_gmt":"2019-06-25T08:41:19","guid":{"rendered":"http:\/\/gazdasagportal.hu\/?p=117104"},"modified":"2019-06-25T10:23:02","modified_gmt":"2019-06-25T08:23:02","slug":"tobb-szaz-millio-forintos-karbejelentest-kaptak-a-hazai-biztositok-a-viharok-miatt","status":"publish","type":"post","link":"https:\/\/gazdasagportal.hu\/index.php\/tobb-szaz-millio-forintos-karbejelentest-kaptak-a-hazai-biztositok-a-viharok-miatt\/","title":{"rendered":"T\u00f6bb sz\u00e1z milli\u00f3 forintos k\u00e1rbejelent\u00e9st kaptak a hazai biztos\u00edt\u00f3k a viharok miatt"},"content":{"rendered":"<p><strong>M\u00e1r t\u00f6bb sz\u00e1z milli\u00f3 forintos k\u00e1rbejelent\u00e9st kaptak a vezet\u0151 biztos\u00edt\u00f3k a m\u00falt h\u00e9t v\u00e9gi viharok \u00e9s az elm\u00falt napok sz\u00e9ls\u0151s\u00e9ges id\u0151j\u00e1r\u00e1sa miatt &#8211; k\u00f6z\u00f6lt\u00e9k a biztos\u00edt\u00f3t\u00e1rsas\u00e1gok az MTI-vel.<\/strong><!--more--><\/p>\n<div class=\"ads-in-post1\"><div id=\"gazdasagportal.hu_fullbanner_wideboard\"><\/div>\r\n<\/div>\n<p>A Groupama Biztos\u00edt\u00f3hoz a m\u00falt h\u00e9tv\u00e9ge \u00f3ta tart\u00f3 viharok miatt eddig t\u00f6bb mint 2600 lak\u00e1sbiztos\u00edt\u00e1si k\u00e1rbejelent\u00e9s \u00e9rkezett, melyeknek k\u00e1r\u00e9rt\u00e9ke megk\u00f6zel\u00edti a 300 milli\u00f3 forintot. A biztos\u00edt\u00f3hoz a legt\u00f6bb k\u00e1resetet &#8211; 122-t &#8211; a heves megyei Novajr\u00f3l jelentettek.<br \/>\nKiemelked\u0151en nagy k\u00e1rokat okoztak a felh\u0151szakad\u00e1sok, a bejelentett k\u00e1rok harmada emiatt \u00e9rkezik, a biztos\u00edt\u00f3n\u00e1l csak a felh\u0151szakad\u00e1sok \u00e1ltal okozott k\u00e1rok \u00e9rt\u00e9ke v\u00e1rhat\u00f3an meghaladja a 100 milli\u00f3 forintot. Szabolcs-Szatm\u00e1r-Bereg mellett Heves, J\u00e1sz-Nagykun-Szolnok illetve Borsod-Aba\u00faj-Zempl\u00e9n megy\u00e9ben is n\u0151tt a k\u00e1rbejelent\u00e9sek sz\u00e1ma.<br \/>\nA biztos\u00edt\u00f3t\u00e1rsas\u00e1g szakemberei folyamatosan v\u00e9gzik a k\u00e1rok felm\u00e9r\u00e9s\u00e9t, a Groupama a bejelentett esetekben gyors\u00edtott \u00fctemben, gyakran m\u00e1r a helysz\u00edni szemle napj\u00e1n, vagy az azt k\u00f6vet\u0151 napon fizet, nagyobb k\u00e1rokn\u00e1l pedig sz\u00fcks\u00e9g eset\u00e9n k\u00e1rel\u0151leget ad a t\u00e1rsas\u00e1g.<br \/>\n<div class=\"ads-in-post2\"><script async src=\"https:\/\/pagead2.googlesyndication.com\/pagead\/js\/adsbygoogle.js\"><\/script>\r\n<ins class=\"adsbygoogle\"\r\n     style=\"display:block\"\r\n     data-ad-format=\"fluid\"\r\n     data-ad-layout-key=\"-6t+ed+2i-1n-4w\"\r\n     data-ad-client=\"ca-pub-1959107119989764\"\r\n     data-ad-slot=\"4008251320\"><\/ins>\r\n<script>\r\n     (adsbygoogle = window.adsbygoogle || []).push({});\r\n<\/script><\/div>\nA biztos\u00edt\u00f3 a k\u00e1rbejelent\u00e9seket online a\u00a0<strong><a title=\"Hely megnyit\u00e1sa\" href=\"http:\/\/www.groupamadirekt.hu\/\" target=\"_blank\" rel=\"noopener noreferrer\">www.groupamadirekt.hu<\/a><\/strong>\u00a0&#8222;\u00cdrjon nek\u00fcnk!&#8221; men\u00fcponton kereszt\u00fcl, telefonon, a TeleCenter a 06 1 467 3500 telefonsz\u00e1m\u00e1n, faxon, valamint az \u00fcgyf\u00e9lszolg\u00e1lati irod\u00e1kban szem\u00e9lyesen is megtehet\u0151k.<br \/>\nAz Aegon Biztos\u00edt\u00f3 h\u00e9tf\u0151 estig t\u00f6bb mint 72 milli\u00f3 forint \u00e9rt\u00e9k\u0171 k\u00e1rt fizetett ki \u00fcgyfeleinek, a biztos\u00edtottak a legt\u00f6bb k\u00e1resem\u00e9nyt Kelet-Magyarorsz\u00e1gr\u00f3l jelezt\u00e9k.<br \/>\nEddig 4200 k\u00e1rbejelent\u00e9s \u00e9rkezett az Aegonhoz, mintegy hatezerre sz\u00e1m\u00edtanak az elm\u00falt h\u00e9t id\u0151j\u00e1r\u00e1sa miatt. A c\u00e9gn\u00e9l tov\u00e1bbi, mintegy 26 milli\u00f3 forintnyi k\u00e1rig\u00e9nyt a napokban rendeznek majd.<br \/>\nA k\u00e1rok \u00e1tlagos m\u00e9rt\u00e9ke elmarad a tavaly \u0151szi viharos szezonban tapasztaltt\u00f3l, \u00f6tvenezer forint k\u00f6r\u00fcl alakul. A legt\u00f6bb k\u00e1rbejelent\u00e9s, 1082 a vihar miatt \u00e9rkezett, 647 k\u00e1resem\u00e9nyt a j\u00e9gver\u00e9s okozott, 784 vill\u00e1mcsap\u00e1s miatt keletkezett, m\u00edg\u00a0\u00a0869 eset a felh\u0151szakad\u00e1s okozta.\u00a0\u00a0Szabolcs-Szatm\u00e1r Bereg megy\u00e9b\u0151l 696, Borsod-Aba\u00faj-Zempl\u00e9n megy\u00e9b\u0151l 443, Barany\u00e1b\u00f3l pedig 326 k\u00e1rig\u00e9nyt regisztr\u00e1ltak.<br \/>\nA h\u00e9tv\u00e9g\u00e9n f\u0151leg a Dun\u00e1nt\u00falon voltak jelent\u0151s viharok. A pinc\u00e9ket, gar\u00e1zsokat el\u00f6nt\u0151, nagy mennyis\u00e9g\u0171 es\u0151vel \u00e9s er\u0151s, f\u00e1kat kicsavar\u00f3 sz\u00e9llel lecsap\u00f3, az Adria fel\u0151l \u00e9rkez\u0151 zivatarl\u00e1nc miatt a t\u0171zolt\u00f3knak 210 helysz\u00ednen kellett beavatkozniuk, a legt\u00f6bb riaszt\u00e1st Fej\u00e9r, B\u00e1cs-Kiskun \u00e9s Kom\u00e1rom-Esztergom megy\u00e9ben kapt\u00e1k.(MTI)<\/p>\n<p>&nbsp;<\/p><div id=\"gazda-2254367465\" class=\"gazda-tartalomban gazda-entity-placement\"><script async src=\"https:\/\/pagead2.googlesyndication.com\/pagead\/js\/adsbygoogle.js\"><\/script>\r\n<ins class=\"adsbygoogle\"\r\n     style=\"display:block\"\r\n     data-ad-format=\"fluid\"\r\n     data-ad-layout-key=\"-6t+ed+2i-1n-4w\"\r\n     data-ad-client=\"ca-pub-1959107119989764\"\r\n     data-ad-slot=\"4008251320\"><\/ins>\r\n<script>\r\n     (adsbygoogle = window.adsbygoogle || []).push({});\r\n<\/script><\/div>\n","protected":false},"excerpt":{"rendered":"<p>M\u00e1r t\u00f6bb sz\u00e1z milli\u00f3 forintos k\u00e1rbejelent\u00e9st kaptak a vezet\u0151 biztos\u00edt\u00f3k a m\u00falt h\u00e9t v\u00e9gi viharok \u00e9s az elm\u00falt napok sz\u00e9ls\u0151s\u00e9ges id\u0151j\u00e1r\u00e1sa miatt &#8211; k\u00f6z\u00f6lt\u00e9k a biztos\u00edt\u00f3t\u00e1rsas\u00e1gok az MTI-vel.<\/p>\n","protected":false},"author":1,"featured_media":0,"comment_status":"closed","ping_status":"open","sticky":false,"template":"","format":"standard","meta":[],"categories":[51,19],"tags":[],"_links":{"self":[{"href":"https:\/\/gazdasagportal.hu\/index.php\/wp-json\/wp\/v2\/posts\/117104"}],"collection":[{"href":"https:\/\/gazdasagportal.hu\/index.php\/wp-json\/wp\/v2\/posts"}],"about":[{"href":"https:\/\/gazdasagportal.hu\/index.php\/wp-json\/wp\/v2\/types\/post"}],"author":[{"embeddable":true,"href":"https:\/\/gazdasagportal.hu\/index.php\/wp-json\/wp\/v2\/users\/1"}],"replies":[{"embeddable":true,"href":"https:\/\/gazdasagportal.hu\/index.php\/wp-json\/wp\/v2\/comments?post=117104"}],"version-history":[{"count":1,"href":"https:\/\/gazdasagportal.hu\/index.php\/wp-json\/wp\/v2\/posts\/117104\/revisions"}],"predecessor-version":[{"id":117105,"href":"https:\/\/gazdasagportal.hu\/index.php\/wp-json\/wp\/v2\/posts\/117104\/revisions\/117105"}],"wp:attachment":[{"href":"https:\/\/gazdasagportal.hu\/index.php\/wp-json\/wp\/v2\/media?parent=117104"}],"wp:term":[{"taxonomy":"category","embeddable":true,"href":"https:\/\/gazdasagportal.hu\/index.php\/wp-json\/wp\/v2\/categories?post=117104"},{"taxonomy":"post_tag","embeddable":true,"href":"https:\/\/gazdasagportal.hu\/index.php\/wp-json\/wp\/v2\/tags?post=117104"}],"curies":[{"name":"wp","href":"https:\/\/api.w.org\/{rel}","templated":true}]}}