{"id":117102,"date":"2019-06-25T10:18:18","date_gmt":"2019-06-25T08:18:18","guid":{"rendered":"http:\/\/gazdasagportal.hu\/?p=117102"},"modified":"2019-06-25T10:18:18","modified_gmt":"2019-06-25T08:18:18","slug":"meghosszabbithatjak-a-banki-adategyeztetes-hataridejet","status":"publish","type":"post","link":"https:\/\/gazdasagportal.hu\/index.php\/meghosszabbithatjak-a-banki-adategyeztetes-hataridejet\/","title":{"rendered":"Meghosszabb\u00edthatj\u00e1k a banki adategyeztet\u00e9s hat\u00e1ridej\u00e9t"},"content":{"rendered":"<p><strong>Az Orsz\u00e1ggy\u0171l\u00e9s ma t\u00e1rgyalja az alapvet\u0151 jogok biztos\u00e1nak \u00e9s helyetteseinek 2017-es \u00e9s 2018-as tev\u00e9kenys\u00e9g\u00e9r\u0151l sz\u00f3l\u00f3 besz\u00e1mol\u00f3kat, \u00e9s v\u00e1rhat\u00f3an t\u00f6bb h\u00f3nappal meghosszabb\u00edtja a banki adategyeztet\u00e9s hat\u00e1ridej\u00e9t. <\/strong><!--more--><\/p>\n<div class=\"ads-in-post1\"><div id=\"gazdasagportal.hu_fullbanner_wideboard\"><\/div>\r\n<\/div>\n<p>    A parlament aktu\u00e1lis \u00fcl\u00e9s\u00e9nek m\u00e1sodik, befejez\u0151 napja reggel 9 \u00f3rakor napirend el\u0151tti felsz\u00f3lal\u00e1sokkal kezd\u0151dik, ezt szavaz\u00e1sok k\u00f6vetik.<br \/>\n    Az Orsz\u00e1ggy\u0171l\u00e9s h\u00e9tf\u0151n \u00fagy hat\u00e1rozott, hogy a p\u00e9nzmos\u00e1s \u00e9s a terrorizmus finansz\u00edroz\u00e1sa megel\u0151z\u00e9s\u00e9r\u0151l \u00e9s megakad\u00e1lyoz\u00e1s\u00e1r\u00f3l sz\u00f3l\u00f3 t\u00f6rv\u00e9nym\u00f3dos\u00edt\u00e1si javaslatot h\u00e1zszab\u00e1lyt\u00f3l elt\u00e9rve t\u00e1rgyalja, \u00edgy arr\u00f3l m\u00e1r a nap folyam\u00e1n szavazhatnak. A javaslat indokl\u00e1sa szerint a Magyar Banksz\u00f6vets\u00e9g jelezte, hogy az \u00fcgyfelek egy r\u00e9sz\u00e9n\u00e9l nem z\u00e1rul le az \u00e1tvil\u00e1g\u00edt\u00e1s a j\u00fanius 26-i hat\u00e1rid\u0151ig. A t\u00f6rv\u00e9nyjavaslat c\u00e9lja, hogy kell\u0151 id\u0151t biztos\u00edtson az elj\u00e1r\u00e1sok lefolytat\u00e1s\u00e1ra, megakad\u00e1lyozva ezzel, hogy a banki tranzakci\u00f3k j\u00fanius 26. ut\u00e1n t\u00f6bb mint egymilli\u00f3 \u00fcgyf\u00e9l eset\u00e9n b\u00e1rmilyen akad\u00e1lyba \u00fctk\u00f6zzenek.<br \/>\n<div class=\"ads-in-post2\"><script async src=\"https:\/\/pagead2.googlesyndication.com\/pagead\/js\/adsbygoogle.js\"><\/script>\r\n<ins class=\"adsbygoogle\"\r\n     style=\"display:block\"\r\n     data-ad-format=\"fluid\"\r\n     data-ad-layout-key=\"-6t+ed+2i-1n-4w\"\r\n     data-ad-client=\"ca-pub-1959107119989764\"\r\n     data-ad-slot=\"4008251320\"><\/ins>\r\n<script>\r\n     (adsbygoogle = window.adsbygoogle || []).push({});\r\n<\/script><\/div>\n    A k\u00e9pvisel\u0151k emellett d\u00f6ntenek a korm\u00e1ny vagyongazd\u00e1lkod\u00e1st \u00e9rint\u0151 \u00e9s a nemzeti p\u00e9nz\u00fcgyi szolg\u00e1ltat\u00e1sokkal \u00f6sszef\u00fcgg\u0151 javaslatcsomagj\u00e1r\u00f3l, tov\u00e1bb\u00e1 a kabinet k\u00f6zszolg\u00e1lati t\u00e1rgy\u00fa el\u0151terjeszt\u00e9s\u00e9r\u0151l is.<br \/>\n    A hat\u00e1rozathozatalok ut\u00e1n h\u00e1rom ind\u00edtv\u00e1nyr\u00f3l tartanak \u00e1ltal\u00e1nos vit\u00e1t. A H\u00e1z tagjai ekkor foglalhatnak \u00e1ll\u00e1st az ombudsman elm\u00falt k\u00e9t\u00e9ves munk\u00e1j\u00e1r\u00f3l.(MTI)<\/p>\n","protected":false},"excerpt":{"rendered":"<p>Az Orsz\u00e1ggy\u0171l\u00e9s ma t\u00e1rgyalja az alapvet\u0151 jogok biztos\u00e1nak \u00e9s helyetteseinek 2017-es \u00e9s 2018-as tev\u00e9kenys\u00e9g\u00e9r\u0151l sz\u00f3l\u00f3 besz\u00e1mol\u00f3kat, \u00e9s v\u00e1rhat\u00f3an t\u00f6bb h\u00f3nappal meghosszabb\u00edtja a banki adategyeztet\u00e9s hat\u00e1ridej\u00e9t.<\/p>\n","protected":false},"author":1,"featured_media":0,"comment_status":"closed","ping_status":"open","sticky":false,"template":"","format":"standard","meta":[],"categories":[19],"tags":[],"_links":{"self":[{"href":"https:\/\/gazdasagportal.hu\/index.php\/wp-json\/wp\/v2\/posts\/117102"}],"collection":[{"href":"https:\/\/gazdasagportal.hu\/index.php\/wp-json\/wp\/v2\/posts"}],"about":[{"href":"https:\/\/gazdasagportal.hu\/index.php\/wp-json\/wp\/v2\/types\/post"}],"author":[{"embeddable":true,"href":"https:\/\/gazdasagportal.hu\/index.php\/wp-json\/wp\/v2\/users\/1"}],"replies":[{"embeddable":true,"href":"https:\/\/gazdasagportal.hu\/index.php\/wp-json\/wp\/v2\/comments?post=117102"}],"version-history":[{"count":1,"href":"https:\/\/gazdasagportal.hu\/index.php\/wp-json\/wp\/v2\/posts\/117102\/revisions"}],"predecessor-version":[{"id":117103,"href":"https:\/\/gazdasagportal.hu\/index.php\/wp-json\/wp\/v2\/posts\/117102\/revisions\/117103"}],"wp:attachment":[{"href":"https:\/\/gazdasagportal.hu\/index.php\/wp-json\/wp\/v2\/media?parent=117102"}],"wp:term":[{"taxonomy":"category","embeddable":true,"href":"https:\/\/gazdasagportal.hu\/index.php\/wp-json\/wp\/v2\/categories?post=117102"},{"taxonomy":"post_tag","embeddable":true,"href":"https:\/\/gazdasagportal.hu\/index.php\/wp-json\/wp\/v2\/tags?post=117102"}],"curies":[{"name":"wp","href":"https:\/\/api.w.org\/{rel}","templated":true}]}}