{"id":117073,"date":"2019-06-24T05:24:33","date_gmt":"2019-06-24T03:24:33","guid":{"rendered":"http:\/\/gazdasagportal.hu\/?p=117073"},"modified":"2019-06-23T23:01:00","modified_gmt":"2019-06-23T21:01:00","slug":"a-kovetkezo-napokban-ismet-melegszik-az-ido","status":"publish","type":"post","link":"https:\/\/gazdasagportal.hu\/index.php\/a-kovetkezo-napokban-ismet-melegszik-az-ido\/","title":{"rendered":"A k\u00f6vetkez\u0151 napokban ism\u00e9t melegszik az id\u0151"},"content":{"rendered":"<p><strong>A k\u00f6vetkez\u0151 napokban kevesebb helyen v\u00e1rhat\u00f3 csapad\u00e9k. Sok lesz a naps\u00fct\u00e9s \u00e9s melegszik is az id\u0151: a h\u00e9t k\u00f6zep\u00e9n m\u00e1r 35 fok is lehet, de a h\u00e9tv\u00e9g\u00e9re t\u00f6bb fokkal m\u00e9rs\u00e9kl\u0151dik a k\u00e1nikula &#8211; der\u00fcl ki az Orsz\u00e1gos Meteorol\u00f3giai Szolg\u00e1lat orsz\u00e1gos, k\u00f6z\u00e9pt\u00e1v\u00fa el\u0151rejelz\u00e9s\u00e9b\u0151l, amelyet vas\u00e1rnap juttattak el az MTI-hez.<\/strong><!--more--><\/p>\n<div class=\"ads-in-post1\"><div id=\"gazdasagportal.hu_fullbanner_wideboard\"><\/div>\r\n<\/div>\n<p>    H\u00e9tf\u0151n a d\u00e9li \u00e9s d\u00e9lkeleti megy\u00e9kben felh\u0151sebb id\u0151 v\u00e1rhat\u00f3, ott csak kev\u00e9s naps\u00fct\u00e9s lehet, \u00e9s els\u0151sorban arrafel\u00e9 kell tov\u00e1bbi z\u00e1porokra, zivatarokra sz\u00e1m\u00edtani. M\u00e1sutt a gomoly- \u00e9s f\u00e1tyolfelh\u0151k mellett t\u00f6bb\u00f3r\u00e1s naps\u00fct\u00e9sben lehet b\u00edzni, \u00e9s csak kev\u00e9s helyen lehet csapad\u00e9k. A sz\u00e9l meg\u00e9l\u00e9nk\u00fcl, \u00e9szakkeleten \u00e9s zivatarok k\u00f6rnyezet\u00e9ben er\u0151s sz\u00e9ll\u00f6k\u00e9sek is el\u0151fordulhatnak. A legalacsonyabb h\u0151m\u00e9rs\u00e9klet 14-19, a legmagasabb 26-31 fok k\u00f6z\u00f6tt v\u00e1rhat\u00f3.<br \/>\n    Kedden t\u00falnyom\u00f3an napos id\u0151 v\u00e1rhat\u00f3, de n\u00e9hol el\u0151fordulhat z\u00e1por, zivatar. A minimumh\u0151m\u00e9rs\u00e9klet 15-20, a maximumh\u0151m\u00e9rs\u00e9klet 29-33 fok k\u00f6z\u00f6tt val\u00f3sz\u00edn\u0171.<br \/>\n    Szerd\u00e1n der\u00fclt, napos, csapad\u00e9kmentes id\u0151 \u00edg\u00e9rkezik. A leghidegebb \u00f3r\u00e1kban 16-21 fok lesz. Napk\u00f6zben 30-35 fokig melegszik a leveg\u0151.<br \/>\n<div class=\"ads-in-post2\"><script async src=\"https:\/\/pagead2.googlesyndication.com\/pagead\/js\/adsbygoogle.js\"><\/script>\r\n<ins class=\"adsbygoogle\"\r\n     style=\"display:block\"\r\n     data-ad-format=\"fluid\"\r\n     data-ad-layout-key=\"-6t+ed+2i-1n-4w\"\r\n     data-ad-client=\"ca-pub-1959107119989764\"\r\n     data-ad-slot=\"4008251320\"><\/ins>\r\n<script>\r\n     (adsbygoogle = window.adsbygoogle || []).push({});\r\n<\/script><\/div>\n    Cs\u00fct\u00f6rt\u00f6k\u00f6n kezdetben der\u00fclt, napos id\u0151 v\u00e1rhat\u00f3, majd d\u00e9lut\u00e1nt\u00f3l \u00e1tmenetileg megn\u00f6vekszik a felh\u0151zet. Nagyobb es\u00e9llyel \u00e9szakon, \u00e9szakkeleten sz\u00f3rv\u00e1nyosan z\u00e1por, zivatar is el\u0151fordulhat. Id\u0151nk\u00e9nt meger\u0151s\u00f6dik a sz\u00e9l is. A minimumh\u0151m\u00e9rs\u00e9klet 16-22 fok k\u00f6z\u00f6tt val\u00f3sz\u00edn\u0171. A nappali maximumok 31-35 fok k\u00f6z\u00f6tt alakulnak.<br \/>\n    P\u00e9nteken napos id\u0151 v\u00e1rhat\u00f3, egy-egy fut\u00f3 z\u00e1poron k\u00edv\u00fcl sz\u00e1mottev\u0151 csapad\u00e9k nem val\u00f3sz\u00edn\u0171, de gyakran meger\u0151s\u00f6dik a sz\u00e9l. A legalacsonyabb h\u0151m\u00e9rs\u00e9klet 14-19, a legmagasabb 26-31 fok k\u00f6z\u00f6tt alakul.<br \/>\n    Szombaton \u00e9s vas\u00e1rnap napos id\u0151re lehet sz\u00e1m\u00edtani, \u00e9rdemi csapad\u00e9k nem lesz. A minimumh\u0151m\u00e9rs\u00e9klet szombaton 13-18, vas\u00e1rnap 14-18 fok k\u00f6z\u00f6tt val\u00f3sz\u00edn\u0171. A nappali maximumok szombaton 24-29, vas\u00e1rnap 25-29 fok k\u00f6z\u00f6tt alakulnak &#8211; olvashat\u00f3 az el\u0151rejelz\u00e9sben.(MTI)<\/p>\n","protected":false},"excerpt":{"rendered":"<p>A k\u00f6vetkez\u0151 napokban kevesebb helyen v\u00e1rhat\u00f3 csapad\u00e9k. Sok lesz a naps\u00fct\u00e9s \u00e9s melegszik is az id\u0151: a h\u00e9t k\u00f6zep\u00e9n m\u00e1r 35 fok is lehet, de a h\u00e9tv\u00e9g\u00e9re t\u00f6bb fokkal m\u00e9rs\u00e9kl\u0151dik a k\u00e1nikula &#8211; der\u00fcl ki az Orsz\u00e1gos Meteorol\u00f3giai Szolg\u00e1lat orsz\u00e1gos, k\u00f6z\u00e9pt\u00e1v\u00fa el\u0151rejelz\u00e9s\u00e9b\u0151l, amelyet vas\u00e1rnap juttattak el az MTI-hez.<\/p>\n","protected":false},"author":1,"featured_media":0,"comment_status":"closed","ping_status":"open","sticky":false,"template":"","format":"standard","meta":[],"categories":[4],"tags":[],"_links":{"self":[{"href":"https:\/\/gazdasagportal.hu\/index.php\/wp-json\/wp\/v2\/posts\/117073"}],"collection":[{"href":"https:\/\/gazdasagportal.hu\/index.php\/wp-json\/wp\/v2\/posts"}],"about":[{"href":"https:\/\/gazdasagportal.hu\/index.php\/wp-json\/wp\/v2\/types\/post"}],"author":[{"embeddable":true,"href":"https:\/\/gazdasagportal.hu\/index.php\/wp-json\/wp\/v2\/users\/1"}],"replies":[{"embeddable":true,"href":"https:\/\/gazdasagportal.hu\/index.php\/wp-json\/wp\/v2\/comments?post=117073"}],"version-history":[{"count":1,"href":"https:\/\/gazdasagportal.hu\/index.php\/wp-json\/wp\/v2\/posts\/117073\/revisions"}],"predecessor-version":[{"id":117074,"href":"https:\/\/gazdasagportal.hu\/index.php\/wp-json\/wp\/v2\/posts\/117073\/revisions\/117074"}],"wp:attachment":[{"href":"https:\/\/gazdasagportal.hu\/index.php\/wp-json\/wp\/v2\/media?parent=117073"}],"wp:term":[{"taxonomy":"category","embeddable":true,"href":"https:\/\/gazdasagportal.hu\/index.php\/wp-json\/wp\/v2\/categories?post=117073"},{"taxonomy":"post_tag","embeddable":true,"href":"https:\/\/gazdasagportal.hu\/index.php\/wp-json\/wp\/v2\/tags?post=117073"}],"curies":[{"name":"wp","href":"https:\/\/api.w.org\/{rel}","templated":true}]}}