{"id":117067,"date":"2019-06-24T07:45:16","date_gmt":"2019-06-24T05:45:16","guid":{"rendered":"http:\/\/gazdasagportal.hu\/?p=117067"},"modified":"2019-06-23T22:46:26","modified_gmt":"2019-06-23T20:46:26","slug":"kisebb-foldrenges-volt-a-heves-megyei-tenknel","status":"publish","type":"post","link":"https:\/\/gazdasagportal.hu\/index.php\/kisebb-foldrenges-volt-a-heves-megyei-tenknel\/","title":{"rendered":"Kisebb f\u00f6ldreng\u00e9s volt a Heves megyei Tenkn\u00e9l"},"content":{"rendered":"<p><strong>Kisebb, a Richter-sk\u00e1la szerinti 2,3-as er\u0151ss\u00e9g\u0171 f\u00f6ldreng\u00e9s volt a Heves megyei Tenk k\u00f6zel\u00e9ben vas\u00e1rnap d\u00e9lut\u00e1n.<\/strong><!--more--><br \/>\n<div class=\"ads-in-post1\"><div id=\"gazdasagportal.hu_fullbanner_wideboard\"><\/div>\r\n<\/div>\n<p>    A f\u00f6ldmozg\u00e1s 16.09 \u00f3rakor, mintegy h\u00e9t kilom\u00e9teres m\u00e9lys\u00e9gben keletkezett &#8211; k\u00f6z\u00f6lte a Magyar Tudom\u00e1nyos Akad\u00e9mia Csillag\u00e1szati \u00e9s F\u00f6ldtudom\u00e1nyi Kutat\u00f3k\u00f6zpont K\u00f6vesligethy Rad\u00f3 Szeizmol\u00f3giai Obszervat\u00f3riuma az MTI-vel.<br \/>\n    Azt \u00edrt\u00e1k: a f\u00f6ldreng\u00e9s \u00e9szlel\u00e9s\u00e9r\u0151l lakoss\u00e1gi bejelent\u00e9s nem \u00e9rkezett az obszervat\u00f3riumba.(MTI)<br \/>\n<div class=\"ads-in-post2\"><script async src=\"https:\/\/pagead2.googlesyndication.com\/pagead\/js\/adsbygoogle.js\"><\/script>\r\n<ins class=\"adsbygoogle\"\r\n     style=\"display:block\"\r\n     data-ad-format=\"fluid\"\r\n     data-ad-layout-key=\"-6t+ed+2i-1n-4w\"\r\n     data-ad-client=\"ca-pub-1959107119989764\"\r\n     data-ad-slot=\"4008251320\"><\/ins>\r\n<script>\r\n     (adsbygoogle = window.adsbygoogle || []).push({});\r\n<\/script><\/div>\n","protected":false},"excerpt":{"rendered":"<p>Kisebb, a Richter-sk\u00e1la szerinti 2,3-as er\u0151ss\u00e9g\u0171 f\u00f6ldreng\u00e9s volt a Heves megyei Tenk k\u00f6zel\u00e9ben vas\u00e1rnap d\u00e9lut\u00e1n.<\/p>\n","protected":false},"author":1,"featured_media":0,"comment_status":"closed","ping_status":"open","sticky":false,"template":"","format":"standard","meta":[],"categories":[4],"tags":[],"_links":{"self":[{"href":"https:\/\/gazdasagportal.hu\/index.php\/wp-json\/wp\/v2\/posts\/117067"}],"collection":[{"href":"https:\/\/gazdasagportal.hu\/index.php\/wp-json\/wp\/v2\/posts"}],"about":[{"href":"https:\/\/gazdasagportal.hu\/index.php\/wp-json\/wp\/v2\/types\/post"}],"author":[{"embeddable":true,"href":"https:\/\/gazdasagportal.hu\/index.php\/wp-json\/wp\/v2\/users\/1"}],"replies":[{"embeddable":true,"href":"https:\/\/gazdasagportal.hu\/index.php\/wp-json\/wp\/v2\/comments?post=117067"}],"version-history":[{"count":1,"href":"https:\/\/gazdasagportal.hu\/index.php\/wp-json\/wp\/v2\/posts\/117067\/revisions"}],"predecessor-version":[{"id":117068,"href":"https:\/\/gazdasagportal.hu\/index.php\/wp-json\/wp\/v2\/posts\/117067\/revisions\/117068"}],"wp:attachment":[{"href":"https:\/\/gazdasagportal.hu\/index.php\/wp-json\/wp\/v2\/media?parent=117067"}],"wp:term":[{"taxonomy":"category","embeddable":true,"href":"https:\/\/gazdasagportal.hu\/index.php\/wp-json\/wp\/v2\/categories?post=117067"},{"taxonomy":"post_tag","embeddable":true,"href":"https:\/\/gazdasagportal.hu\/index.php\/wp-json\/wp\/v2\/tags?post=117067"}],"curies":[{"name":"wp","href":"https:\/\/api.w.org\/{rel}","templated":true}]}}