{"id":117058,"date":"2019-06-24T10:28:24","date_gmt":"2019-06-24T08:28:24","guid":{"rendered":"http:\/\/gazdasagportal.hu\/?p=117058"},"modified":"2019-06-23T12:29:47","modified_gmt":"2019-06-23T10:29:47","slug":"szakerto-jo-dontes-lenne-a-banki-adategyeztetes-hataridejenek-meghosszabbitasa","status":"publish","type":"post","link":"https:\/\/gazdasagportal.hu\/index.php\/szakerto-jo-dontes-lenne-a-banki-adategyeztetes-hataridejenek-meghosszabbitasa\/","title":{"rendered":"Szak\u00e9rt\u0151: j\u00f3 d\u00f6nt\u00e9s lenne a banki adategyeztet\u00e9s hat\u00e1ridej\u00e9nek meghosszabb\u00edt\u00e1sa"},"content":{"rendered":"<p><strong>A Magyar Banksz\u00f6vets\u00e9g p\u00e9nzmos\u00e1s elleni munkacsoportj\u00e1nak eln\u00f6ke j\u00f3 d\u00f6nt\u00e9snek tartan\u00e1 a banki adategyeztet\u00e9s hat\u00e1ridej\u00e9nek meghosszabb\u00edt\u00e1s\u00e1t.<\/strong><!--more--><\/p>\n<div class=\"ads-in-post1\"><div id=\"gazdasagportal.hu_fullbanner_wideboard\"><\/div>\r\n<\/div>\n<p>    B\u00e1csfalvi Andr\u00e1s vas\u00e1rnap az M1 aktu\u00e1lis csatorn\u00e1n azt mondta, az augusztus 31-ig meghosszabb\u00edtott id\u0151szak lehet\u0151s\u00e9get biztos\u00edtana, hogy m\u00e9g t\u00f6bben egyeztetni tudj\u00e1k adataikat.<br \/>\n    A bankok a kommunik\u00e1ci\u00f3 tekintet\u00e9ben mindent megtettek, ez\u00e9rt nem lehet azt mondani, hogy az emberek nem hallottak az adategyeztet\u00e9sr\u0151l, ink\u00e1bb csak nem foglalkoztak vele &#8211; v\u00e9lekedett.<br \/>\n    Vannak olyan bankok, akik jobban \u00e1llnak e tekintetben: az MKB-n\u00e1l p\u00e9ld\u00e1ul k\u00f6r\u00fclbel\u00fcl egy sz\u00e1zal\u00e9k k\u00f6r\u00fcl van, akiknek m\u00e9g adategyeztet\u00e9sre lehet sz\u00fcks\u00e9ge &#8211; k\u00f6z\u00f6lte, hangs\u00falyozva, az adatokat viszont szektorszinten kell vizsg\u00e1lni.<br \/>\n<div class=\"ads-in-post2\"><script async src=\"https:\/\/pagead2.googlesyndication.com\/pagead\/js\/adsbygoogle.js\"><\/script>\r\n<ins class=\"adsbygoogle\"\r\n     style=\"display:block\"\r\n     data-ad-format=\"fluid\"\r\n     data-ad-layout-key=\"-6t+ed+2i-1n-4w\"\r\n     data-ad-client=\"ca-pub-1959107119989764\"\r\n     data-ad-slot=\"4008251320\"><\/ins>\r\n<script>\r\n     (adsbygoogle = window.adsbygoogle || []).push({});\r\n<\/script><\/div>\n    Kiemelte, az adategyeztet\u00e9s az \u00fcgyfelek \u00e9rdeke, hogy a bankok nagyobb biztons\u00e1got tudjanak ny\u00fajtani nekik.<br \/>\n    Varga Mih\u00e1ly p\u00e9nz\u00fcgyminiszter a p\u00e9nzmos\u00e1s \u00e9s terrorizmus finansz\u00edroz\u00e1sa megel\u0151z\u00e9s\u00e9r\u0151l \u00e9s megakad\u00e1lyoz\u00e1s\u00e1r\u00f3l sz\u00f3l\u00f3 t\u00f6rv\u00e9nyhez p\u00e9nteken beny\u00fajtott m\u00f3dos\u00edt\u00f3 javaslattal kezdem\u00e9nyezte, hogy a parlament k\u00e9t h\u00f3nappal hosszabb\u00edtsa meg a banki adategyeztet\u00e9s hat\u00e1ridej\u00e9t augusztus 31-ig, mert az \u00fcgyfelek egy r\u00e9sz\u00e9n\u00e9l nem z\u00e1rul le az \u00e1tvil\u00e1g\u00edt\u00e1s a j\u00fanius 26-i hat\u00e1rid\u0151ig.(MTI)<\/p>\n","protected":false},"excerpt":{"rendered":"<p>A Magyar Banksz\u00f6vets\u00e9g p\u00e9nzmos\u00e1s elleni munkacsoportj\u00e1nak eln\u00f6ke j\u00f3 d\u00f6nt\u00e9snek tartan\u00e1 a banki adategyeztet\u00e9s hat\u00e1ridej\u00e9nek meghosszabb\u00edt\u00e1s\u00e1t.<\/p>\n","protected":false},"author":1,"featured_media":0,"comment_status":"closed","ping_status":"open","sticky":false,"template":"","format":"standard","meta":[],"categories":[19],"tags":[],"_links":{"self":[{"href":"https:\/\/gazdasagportal.hu\/index.php\/wp-json\/wp\/v2\/posts\/117058"}],"collection":[{"href":"https:\/\/gazdasagportal.hu\/index.php\/wp-json\/wp\/v2\/posts"}],"about":[{"href":"https:\/\/gazdasagportal.hu\/index.php\/wp-json\/wp\/v2\/types\/post"}],"author":[{"embeddable":true,"href":"https:\/\/gazdasagportal.hu\/index.php\/wp-json\/wp\/v2\/users\/1"}],"replies":[{"embeddable":true,"href":"https:\/\/gazdasagportal.hu\/index.php\/wp-json\/wp\/v2\/comments?post=117058"}],"version-history":[{"count":1,"href":"https:\/\/gazdasagportal.hu\/index.php\/wp-json\/wp\/v2\/posts\/117058\/revisions"}],"predecessor-version":[{"id":117059,"href":"https:\/\/gazdasagportal.hu\/index.php\/wp-json\/wp\/v2\/posts\/117058\/revisions\/117059"}],"wp:attachment":[{"href":"https:\/\/gazdasagportal.hu\/index.php\/wp-json\/wp\/v2\/media?parent=117058"}],"wp:term":[{"taxonomy":"category","embeddable":true,"href":"https:\/\/gazdasagportal.hu\/index.php\/wp-json\/wp\/v2\/categories?post=117058"},{"taxonomy":"post_tag","embeddable":true,"href":"https:\/\/gazdasagportal.hu\/index.php\/wp-json\/wp\/v2\/tags?post=117058"}],"curies":[{"name":"wp","href":"https:\/\/api.w.org\/{rel}","templated":true}]}}