{"id":117056,"date":"2019-06-23T17:16:43","date_gmt":"2019-06-23T15:16:43","guid":{"rendered":"http:\/\/gazdasagportal.hu\/?p=117056"},"modified":"2019-06-23T10:17:59","modified_gmt":"2019-06-23T08:17:59","slug":"73-ezer-hektaron-megalakult-a-tapio-naturpark","status":"publish","type":"post","link":"https:\/\/gazdasagportal.hu\/index.php\/73-ezer-hektaron-megalakult-a-tapio-naturpark\/","title":{"rendered":"73 ezer hekt\u00e1ron megalakult a T\u00e1pi\u00f3 Nat\u00farpark"},"content":{"rendered":"<p><strong>Az orsz\u00e1gban 14. nat\u00farparkk\u00e9nt 18 telep\u00fcl\u00e9sen, 75 ezer lakossal, 73 ezer hekt\u00e1ron megalakult a T\u00e1pi\u00f3 Nat\u00farpark &#8211; mondta az Agr\u00e1rminiszt\u00e9rium k\u00f6rnyezet\u00fcgy\u00e9rt felel\u0151s \u00e1llamtitk\u00e1ra Farmoson, szombaton.<\/strong><!--more--><\/p>\n<div class=\"ads-in-post1\"><div id=\"gazdasagportal.hu_fullbanner_wideboard\"><\/div>\r\n<\/div>\n<p>    R\u00e1cz Andr\u00e1s a Pest megyei telep\u00fcl\u00e9sen rendezett T\u00e1pi\u00f3 Nat\u00farpark c\u00edm\u00e1tad\u00f3 \u00fcnneps\u00e9gen elmondta, az \u00faj nat\u00farparkban k\u00e9t erdei iskola, Farmoson egy XXI. sz\u00e1zadi k\u00f6vetelm\u00e9nyeknek megfelel\u0151 term\u00e9szetv\u00e9delmi oktat\u00f3k\u00f6zpont \u00e9s 13 tan\u00f6sv\u00e9ny tal\u00e1lhat\u00f3.<br \/>\n    Hozz\u00e1tette, m\u00e1ra az orsz\u00e1g ter\u00fclet\u00e9nek kilenc sz\u00e1zal\u00e9k\u00e1n tal\u00e1lhat\u00f3 nat\u00farpark, \u00e9s 19 megy\u00e9b\u0151l 15 \u00e9rintett.<br \/>\n&#8211;R\u00d6VID&#8211;<br \/>\n    Az \u00e1llamtitk\u00e1r eml\u00e9keztetett, hogy a nat\u00farparki kezdem\u00e9nyez\u00e9sek m\u00e1r a rendszerv\u00e1lt\u00e1skor megjelentek Magyarorsz\u00e1gon, de a term\u00e9szetv\u00e9delmi t\u00f6rv\u00e9nybe csak 2004-ben ker\u00fclt bele a nat\u00farpark fogalma, majd 2005-ben j\u00f6tt l\u00e9tre a Magyar Nat\u00farpark Sz\u00f6vets\u00e9g. Hozz\u00e1tette, nemr\u00e9g k\u00e9sz\u00fclt el a magyar nat\u00farparkokr\u00f3l sz\u00f3l rendelet is, amely szab\u00e1lyozza majd a c\u00edmadom\u00e1nyoz\u00e1st, m\u0171k\u00f6d\u00e9st \u00e9s minden olyan k\u00e9rd\u00e9st, amely a mindennapi tev\u00e9kenys\u00e9ghez sz\u00fcks\u00e9ges.<br \/>\n    Czerv\u00e1n Gy\u00f6rgy, a t\u00e9rs\u00e9g fideszes orsz\u00e1ggy\u0171l\u00e9si k\u00e9pvisel\u0151je arr\u00f3l besz\u00e9lt, hogy korunk egyik legnagyobb kih\u00edv\u00e1sa a vid\u00e9ken \u00e9l\u0151 fiatalok megtart\u00e1sa a v\u00e1rosok elsz\u00edv\u00f3 hat\u00e1s\u00e1val szemben. Hozz\u00e1tette, a vid\u00e9ki ember sz\u00e1m\u00e1ra sz\u00fcks\u00e9g van munkahelyekre \u00e9s j\u00f6v\u0151k\u00e9pre, hogy szeressen ott \u00e9lni, \u00e9s el tudja k\u00e9pzelni a j\u00f6v\u0151j\u00e9t.<br \/>\n<div class=\"ads-in-post2\"><script async src=\"https:\/\/pagead2.googlesyndication.com\/pagead\/js\/adsbygoogle.js\"><\/script>\r\n<ins class=\"adsbygoogle\"\r\n     style=\"display:block\"\r\n     data-ad-format=\"fluid\"\r\n     data-ad-layout-key=\"-6t+ed+2i-1n-4w\"\r\n     data-ad-client=\"ca-pub-1959107119989764\"\r\n     data-ad-slot=\"4008251320\"><\/ins>\r\n<script>\r\n     (adsbygoogle = window.adsbygoogle || []).push({});\r\n<\/script><\/div>\n    Az orsz\u00e1ggy\u0171l\u00e9si k\u00e9pvisel\u0151 szerint a probl\u00e9ma nem csak magyar saj\u00e1toss\u00e1g, az Eur\u00f3pa m\u00e1s t\u00e9rs\u00e9geire is t\u00f6bb\u00e9-kev\u00e9sb\u00e9 jellemz\u0151 \u00e9s szint\u00e9n keresik a megold\u00e1st a vid\u00e9ki \u00e9let fenntart\u00e1s\u00e1ra. Erre a kih\u00edv\u00e1sra sz\u00fcletett a nat\u00farparkok modellje &#8211; f\u0171zte hozz\u00e1.     Elmondta, a nat\u00farpark els\u0151sorban a t\u00e1ji \u00f6r\u00f6ks\u00e9gre \u00e9s a term\u00e9szeti \u00e9rt\u00e9kek v\u00e9delm\u00e9re alapoz, de \u00fajdons\u00e1ga \u00e9s a nemzeti parkokt\u00f3l megk\u00fcl\u00f6nb\u00f6ztet\u0151 saj\u00e1toss\u00e1ga, hogy c\u00e9ljait a helyi emberek, k\u00f6z\u00f6ss\u00e9gek bevon\u00e1s\u00e1val k\u00edv\u00e1nja megval\u00f3s\u00edtani, hogy keretei k\u00f6z\u00f6tt a helyb\u00e9liek is megtal\u00e1lj\u00e1k szerep\u00fcket, j\u00f3 esetben gyarapod\u00e1suk forr\u00e1s\u00e1t is. (MTI)<\/p>\n","protected":false},"excerpt":{"rendered":"<p>Az orsz\u00e1gban 14. nat\u00farparkk\u00e9nt 18 telep\u00fcl\u00e9sen, 75 ezer lakossal, 73 ezer hekt\u00e1ron megalakult a T\u00e1pi\u00f3 Nat\u00farpark &#8211; mondta az Agr\u00e1rminiszt\u00e9rium k\u00f6rnyezet\u00fcgy\u00e9rt felel\u0151s \u00e1llamtitk\u00e1ra Farmoson, szombaton.<\/p>\n","protected":false},"author":1,"featured_media":0,"comment_status":"closed","ping_status":"open","sticky":false,"template":"","format":"standard","meta":[],"categories":[19],"tags":[],"_links":{"self":[{"href":"https:\/\/gazdasagportal.hu\/index.php\/wp-json\/wp\/v2\/posts\/117056"}],"collection":[{"href":"https:\/\/gazdasagportal.hu\/index.php\/wp-json\/wp\/v2\/posts"}],"about":[{"href":"https:\/\/gazdasagportal.hu\/index.php\/wp-json\/wp\/v2\/types\/post"}],"author":[{"embeddable":true,"href":"https:\/\/gazdasagportal.hu\/index.php\/wp-json\/wp\/v2\/users\/1"}],"replies":[{"embeddable":true,"href":"https:\/\/gazdasagportal.hu\/index.php\/wp-json\/wp\/v2\/comments?post=117056"}],"version-history":[{"count":1,"href":"https:\/\/gazdasagportal.hu\/index.php\/wp-json\/wp\/v2\/posts\/117056\/revisions"}],"predecessor-version":[{"id":117057,"href":"https:\/\/gazdasagportal.hu\/index.php\/wp-json\/wp\/v2\/posts\/117056\/revisions\/117057"}],"wp:attachment":[{"href":"https:\/\/gazdasagportal.hu\/index.php\/wp-json\/wp\/v2\/media?parent=117056"}],"wp:term":[{"taxonomy":"category","embeddable":true,"href":"https:\/\/gazdasagportal.hu\/index.php\/wp-json\/wp\/v2\/categories?post=117056"},{"taxonomy":"post_tag","embeddable":true,"href":"https:\/\/gazdasagportal.hu\/index.php\/wp-json\/wp\/v2\/tags?post=117056"}],"curies":[{"name":"wp","href":"https:\/\/api.w.org\/{rel}","templated":true}]}}