{"id":117054,"date":"2019-06-23T15:13:42","date_gmt":"2019-06-23T13:13:42","guid":{"rendered":"http:\/\/gazdasagportal.hu\/?p=117054"},"modified":"2019-06-23T10:14:40","modified_gmt":"2019-06-23T08:14:40","slug":"heti-makronaptar-kamatdontes-munkaeropiaci-kereseti-adatok-jonnek-2","status":"publish","type":"post","link":"https:\/\/gazdasagportal.hu\/index.php\/heti-makronaptar-kamatdontes-munkaeropiaci-kereseti-adatok-jonnek-2\/","title":{"rendered":"Heti makronapt\u00e1r &#8211; Kamatd\u00f6nt\u00e9s, munkaer\u0151piaci, kereseti adatok j\u00f6nnek"},"content":{"rendered":"<p><strong>A j\u00f6v\u0151 h\u00e9t makronapt\u00e1r\u00e1nak legfontosabb esem\u00e9nye a jegybank j\u00faniusi kamatmeghat\u00e1roz\u00f3 \u00fcl\u00e9se lesz, emellett munkaer\u0151piaci \u00e9s kereseti statisztik\u00e1k is megjelennek.<\/strong><!--more--><\/p>\n<div class=\"ads-in-post1\"><div id=\"gazdasagportal.hu_fullbanner_wideboard\"><\/div>\r\n<\/div>\n<p>    Kedden tartja j\u00faniusi kamatmeghat\u00e1roz\u00f3 \u00fcl\u00e9s\u00e9t a Magyar Nemzeti Bank Monet\u00e1ris Tan\u00e1csa. M\u00e1jusi \u00fcl\u00e9s\u00e9n a jegybank monet\u00e1ris tan\u00e1csa nem v\u00e1ltoztatott a jegybanki alapkamat 0,90 sz\u00e1zal\u00e9kos szintj\u00e9n, \u00e9s a kamatfolyos\u00f3t is v\u00e1ltozatlanul hagyta. A jegybanki alapkamat 2016. m\u00e1jus 25. \u00f3ta 0,90 sz\u00e1zal\u00e9kon \u00e1ll. Az elemz\u0151k szerint a j\u00faniusi Infl\u00e1ci\u00f3s jelent\u00e9s alapj\u00e1n d\u00f6nthet a jegybank a monet\u00e1ris politika \u00fajabb szigor\u00edt\u00e1s\u00e1r\u00f3l, kamatemel\u00e9s azonban legkor\u00e1bban a j\u00f6v\u0151 \u00e9v k\u00f6zep\u00e9n v\u00e1rhat\u00f3.<br \/>\n<div class=\"ads-in-post2\"><script async src=\"https:\/\/pagead2.googlesyndication.com\/pagead\/js\/adsbygoogle.js\"><\/script>\r\n<ins class=\"adsbygoogle\"\r\n     style=\"display:block\"\r\n     data-ad-format=\"fluid\"\r\n     data-ad-layout-key=\"-6t+ed+2i-1n-4w\"\r\n     data-ad-client=\"ca-pub-1959107119989764\"\r\n     data-ad-slot=\"4008251320\"><\/ins>\r\n<script>\r\n     (adsbygoogle = window.adsbygoogle || []).push({});\r\n<\/script><\/div>\n    Cs\u00fct\u00f6rt\u00f6k\u00f6n a foglalkoztatotts\u00e1g, munkan\u00e9lk\u00fclis\u00e9g m\u00e1rcius-m\u00e1jusi g\u00f6rd\u00fcl\u0151 negyed\u00e9ves adatait k\u00f6zli a K\u00f6zponti Statisztikai Hivatal (KSH). Az el\u0151z\u0151, febru\u00e1r-\u00e1prilisi id\u0151szakban a munkan\u00e9lk\u00fcliek \u00e1tlagos l\u00e9tsz\u00e1ma 162 ezer, a munkan\u00e9lk\u00fclis\u00e9gi r\u00e1ta 3,5 sz\u00e1zal\u00e9k volt. Id\u00e9n a febru\u00e1r-\u00e1prilisi id\u0151szakban a foglalkoztatottak \u00e1tlagos l\u00e9tsz\u00e1ma 4 milli\u00f3 492 ezer volt, 47 ezerrel t\u00f6bb, mint egy \u00e9vvel kor\u00e1bban. A 15-64 \u00e9vesek foglalkoztat\u00e1si r\u00e1t\u00e1ja 1,0 sz\u00e1zal\u00e9kponttal 69,8 sz\u00e1zal\u00e9kra emelkedett.<br \/>\n    P\u00e9nteken az ipari termel\u0151i \u00e1rak m\u00e1jusi, \u00e9s a keresetek \u00e1prilisi alakul\u00e1s\u00e1r\u00f3l k\u00f6z\u00f6l statisztik\u00e1t a KSH. M\u00e1rciusban is k\u00e9tsz\u00e1mjegy\u0171 volt a keresetek emelked\u00e9se: 10,2 sz\u00e1zal\u00e9kkal, 367 ezer forintra n\u0151tt a brutt\u00f3 \u00e1tlagkereset az egy \u00e9vvel kor\u00e1bbihoz k\u00e9pest. A n\u00f6veked\u00e9s 26. h\u00f3napja, 2017 febru\u00e1rja \u00f3ta k\u00e9tsz\u00e1mjegy\u0171.(MTI)<\/p>\n","protected":false},"excerpt":{"rendered":"<p>A j\u00f6v\u0151 h\u00e9t makronapt\u00e1r\u00e1nak legfontosabb esem\u00e9nye a jegybank j\u00faniusi kamatmeghat\u00e1roz\u00f3 \u00fcl\u00e9se lesz, emellett munkaer\u0151piaci \u00e9s kereseti statisztik\u00e1k is megjelennek.<\/p>\n","protected":false},"author":1,"featured_media":0,"comment_status":"closed","ping_status":"open","sticky":false,"template":"","format":"standard","meta":[],"categories":[19],"tags":[],"_links":{"self":[{"href":"https:\/\/gazdasagportal.hu\/index.php\/wp-json\/wp\/v2\/posts\/117054"}],"collection":[{"href":"https:\/\/gazdasagportal.hu\/index.php\/wp-json\/wp\/v2\/posts"}],"about":[{"href":"https:\/\/gazdasagportal.hu\/index.php\/wp-json\/wp\/v2\/types\/post"}],"author":[{"embeddable":true,"href":"https:\/\/gazdasagportal.hu\/index.php\/wp-json\/wp\/v2\/users\/1"}],"replies":[{"embeddable":true,"href":"https:\/\/gazdasagportal.hu\/index.php\/wp-json\/wp\/v2\/comments?post=117054"}],"version-history":[{"count":1,"href":"https:\/\/gazdasagportal.hu\/index.php\/wp-json\/wp\/v2\/posts\/117054\/revisions"}],"predecessor-version":[{"id":117055,"href":"https:\/\/gazdasagportal.hu\/index.php\/wp-json\/wp\/v2\/posts\/117054\/revisions\/117055"}],"wp:attachment":[{"href":"https:\/\/gazdasagportal.hu\/index.php\/wp-json\/wp\/v2\/media?parent=117054"}],"wp:term":[{"taxonomy":"category","embeddable":true,"href":"https:\/\/gazdasagportal.hu\/index.php\/wp-json\/wp\/v2\/categories?post=117054"},{"taxonomy":"post_tag","embeddable":true,"href":"https:\/\/gazdasagportal.hu\/index.php\/wp-json\/wp\/v2\/tags?post=117054"}],"curies":[{"name":"wp","href":"https:\/\/api.w.org\/{rel}","templated":true}]}}