{"id":117049,"date":"2019-06-23T08:15:58","date_gmt":"2019-06-23T06:15:58","guid":{"rendered":"http:\/\/gazdasagportal.hu\/?p=117049"},"modified":"2019-06-21T21:17:27","modified_gmt":"2019-06-21T19:17:27","slug":"pecsen-boviti-magyarorszagi-gyartasat-a-thyssenkrupp","status":"publish","type":"post","link":"https:\/\/gazdasagportal.hu\/index.php\/pecsen-boviti-magyarorszagi-gyartasat-a-thyssenkrupp\/","title":{"rendered":"P\u00e9csen b\u0151v\u00edti magyarorsz\u00e1gi gy\u00e1rt\u00e1s\u00e1t a Thyssenkrupp"},"content":{"rendered":"<p><strong>A n\u00e9met Thyssenkrupp a korm\u00e1ny t\u00e1mogat\u00e1s\u00e1val 17,4 milli\u00e1rd forintb\u00f3l vez\u00e9rm\u0171tengelyeket gy\u00e1rt\u00f3 \u00fczemet \u00e9p\u00edt P\u00e9csen &#8211; jelentette be a k\u00fclgazdas\u00e1gi \u00e9s k\u00fcl\u00fcgyminiszter p\u00e9nteken Budapesten sajt\u00f3t\u00e1j\u00e9koztat\u00f3n.<\/strong><!--more--><\/p>\n<div class=\"ads-in-post1\"><div id=\"gazdasagportal.hu_fullbanner_wideboard\"><\/div>\r\n<\/div>\n<p>    Szijj\u00e1rt\u00f3 P\u00e9ter k\u00f6z\u00f6lte, hogy a korm\u00e1ny 5,57 milli\u00e1rd forinttal t\u00e1mogatja a 200 \u00faj munkahelyet teremt\u0151 beruh\u00e1z\u00e1st. A Thyssenkrupp helyi tev\u00e9kenys\u00e9g\u00e9nek b\u0151v\u00edt\u00e9se is igazolja, hogy Magyarorsz\u00e1g az aut\u00f3ipar \u00faj korszak\u00e1ban is a gy\u00e1rt\u00e1s fellegv\u00e1ra lehet &#8211; tette hozz\u00e1.<br \/>\n    A t\u00e1rcavezet\u0151 arra sz\u00e1m\u00edt, hogy az \u00e1gazat az id\u00e9n is termel\u00e9si rekordot d\u00f6nthet, hiszen ennek \u00e9rt\u00e9ke az \u00e9v els\u0151 harmad\u00e1ban el\u00e9rte a 3225 milli\u00e1rd forintot, 11 sz\u00e1zal\u00e9kkal haladva meg az el\u0151z\u0151 \u00e9v azonos id\u0151szak\u00e1nak termel\u00e9s\u00e9t. A belf\u00f6ldi aut\u00f3ipari \u00e9ves termel\u00e9s \u00e9rt\u00e9ke 2010 \u00f3ta 4 ezer milli\u00e1rd forintr\u00f3l 8,5 ezer milli\u00e1rd forintra ugrott, a tov\u00e1bbi fejl\u0151d\u00e9s a miniszter megfogalmaz\u00e1sa szerint el\u00e9rhet\u0151 k\u00f6zels\u00e9gbe hozta az \u00e9vi 10 ezer milli\u00e1rd forintot meghalad\u00f3 aut\u00f3ipari termel\u00e9st Magyarorsz\u00e1gon.<br \/>\n<div class=\"ads-in-post2\"><script async src=\"https:\/\/pagead2.googlesyndication.com\/pagead\/js\/adsbygoogle.js\"><\/script>\r\n<ins class=\"adsbygoogle\"\r\n     style=\"display:block\"\r\n     data-ad-format=\"fluid\"\r\n     data-ad-layout-key=\"-6t+ed+2i-1n-4w\"\r\n     data-ad-client=\"ca-pub-1959107119989764\"\r\n     data-ad-slot=\"4008251320\"><\/ins>\r\n<script>\r\n     (adsbygoogle = window.adsbygoogle || []).push({});\r\n<\/script><\/div>\n    A beruh\u00e1z\u00e1sok r\u00e1ad\u00e1sul nem csak mennyis\u00e9gi, hanem min\u0151s\u00e9gi ugr\u00e1st is eredm\u00e9nyeznek, hiszen kutat\u00e1si \u00e9s fejleszt\u00e9si ar\u00e1nyuk, technol\u00f3giai sz\u00ednvonaluk \u00e9vr\u0151l \u00e9vre magasabb &#8211; hangs\u00falyozta Szijj\u00e1rt\u00f3 P\u00e9ter.<br \/>\n    A miniszter rekord\u00e9vet v\u00e1r a n\u00e9met-magyar gazdas\u00e1gi kapcsolatokban is, mivel a k\u00e9t \u00e1llam kereskedelmi forgalma m\u00e1r az els\u0151 h\u00e1rom h\u00f3napban kiemelked\u0151 \u00e9rt\u00e9ket, t\u00f6bb mint 14 milli\u00e1rd eur\u00f3t \u00e9rt el. N\u00e9metorsz\u00e1g \u00e9s a t\u00f6bbi k\u00f6z\u00e9p-eur\u00f3pai orsz\u00e1g kapcsolat\u00e1nak erej\u00e9t jelzi, hogy a visegr\u00e1di \u00e1llamokkal lebonyol\u00edtott 300 milli\u00e1rd eur\u00f3 \u00e9ves kereskedelmi forgalom 74 sz\u00e1zal\u00e9kkal haladja meg a n\u00e9met-francia kereskedelem \u00e9rt\u00e9k\u00e9t &#8211; mutatott r\u00e1.<br \/>\n    A Thyssenkrupp \u00faj gy\u00e1r\u00e1t befogad\u00f3 P\u00e9cs orsz\u00e1ggy\u0171l\u00e9si k\u00e9pvisel\u0151je k\u00fcl\u00f6nleges m\u00e9rf\u00f6ldk\u0151nek nevezte a v\u00e1ros t\u00f6rt\u00e9net\u00e9ben, hogy egy aut\u00f3ipari vil\u00e1gc\u00e9g beruh\u00e1z\u00e1s\u00e1t fogadhatja. Hopp\u00e1l P\u00e9ter abban b\u00edzik, hogy a gy\u00e1r sikere a p\u00e9csi beruh\u00e1z\u00e1s b\u0151v\u00edt\u00e9s\u00e9t eredm\u00e9nyezheti. Ehhez a v\u00e1ros g\u00e9pgy\u00e1rt\u00e1si hagyom\u00e1nyai mellett a m\u00e9g szabad d\u00e9l-dun\u00e1nt\u00fali munkaer\u0151, P\u00e9cs egyeteme \u00e9s a du\u00e1lis k\u00e9pz\u00e9s helyi lehet\u0151s\u00e9gei is hozz\u00e1j\u00e1rulhatnak &#8211; tette hozz\u00e1.<br \/>\n    Marc de Bastos Eckstein, a Thyssenkrupp \u00fcgyvezet\u0151je a sajt\u00f3t\u00e1j\u00e9koztat\u00f3n elmondta, hogy a v\u00e1llalat 80 orsz\u00e1gban van jelen vil\u00e1gszerte, termel\u00e9se \u00e9s a foglalkoztatottak sz\u00e1ma alapj\u00e1n a vil\u00e1g legnagyobb gy\u00e1rt\u00f3inak egyike. Az aut\u00f3ipari v\u00e1llalat P\u00e9csen az \u00f6t\u00f6dik magyarorsz\u00e1gi telephely\u00e9t \u00e9p\u00edti ki a legkorszer\u0171bb, 4.0 ipari megold\u00e1sokkal, magas hozz\u00e1adott \u00e9rt\u00e9ket el\u0151\u00e1ll\u00edt\u00f3 munkahelyeket teremtve &#8211; tette hozz\u00e1. A c\u00e9g vezet\u0151je k\u00f6z\u00f6lte, hogy a z\u00f6ldmez\u0151s beruh\u00e1z\u00e1s m\u00e9g ebben az \u00e9vben elkezd\u0151dik, a termel\u00e9s 2020 k\u00f6zep\u00e9n indulhat.<br \/>\n    A Thyssenkrupp Components Technology budapesti le\u00e1nyv\u00e1llalata 1999 \u00f3ta foglalkozik szem\u00e9lyaut\u00f3k elektromos korm\u00e1nyrendszer\u00e9nek fejleszt\u00e9s\u00e9vel mint a c\u00e9gcsoport egyetlen elektronikai \u00e9s szoftverfejleszt\u00e9si k\u00f6zpontja. Gy\u0151rben a Thyssenkrupp Automotive Systems alv\u00e1z-specialist\u00e1i 2013 \u00f3ta komplett fut\u00f3m\u0171veket \u00e1ll\u00edtanak \u00f6ssze az Audi Hung\u00e1ria Motor Kft. r\u00e9sz\u00e9re. 2016-ban J\u00e1szf\u00e9nyszarun k\u00e9t \u00fczemben korm\u00e1nym\u0171vek \u00e9s hengerfejbe integr\u00e1lt vez\u00e9rm\u0171tengelyek gy\u00e1rt\u00e1s\u00e1t ind\u00edtott\u00e1k el 2018-ban, Debrecenben pedig csavarrug\u00f3- \u00e9s stabiliz\u00e1torgy\u00e1rat m\u0171k\u00f6dtetnek.<br \/>\n    A nyilv\u00e1nos c\u00e9gadatok szerint a Thyssenkrupp Components Technology Hungary a tavaly szeptemberrel z\u00e1rult \u00fczleti \u00e9vben 63 milli\u00e1rd forintot meghalad\u00f3 nett\u00f3 \u00e1rbev\u00e9telt \u00e9s t\u00f6bb mint 522 milli\u00f3 forint ad\u00f3zott eredm\u00e9nyt \u00e9rt el. (MTI)<\/p>\n","protected":false},"excerpt":{"rendered":"<p>A n\u00e9met Thyssenkrupp a korm\u00e1ny t\u00e1mogat\u00e1s\u00e1val 17,4 milli\u00e1rd forintb\u00f3l vez\u00e9rm\u0171tengelyeket gy\u00e1rt\u00f3 \u00fczemet \u00e9p\u00edt P\u00e9csen &#8211; jelentette be a k\u00fclgazdas\u00e1gi \u00e9s k\u00fcl\u00fcgyminiszter p\u00e9nteken Budapesten sajt\u00f3t\u00e1j\u00e9koztat\u00f3n.<\/p>\n","protected":false},"author":1,"featured_media":0,"comment_status":"closed","ping_status":"open","sticky":false,"template":"","format":"standard","meta":[],"categories":[19],"tags":[],"_links":{"self":[{"href":"https:\/\/gazdasagportal.hu\/index.php\/wp-json\/wp\/v2\/posts\/117049"}],"collection":[{"href":"https:\/\/gazdasagportal.hu\/index.php\/wp-json\/wp\/v2\/posts"}],"about":[{"href":"https:\/\/gazdasagportal.hu\/index.php\/wp-json\/wp\/v2\/types\/post"}],"author":[{"embeddable":true,"href":"https:\/\/gazdasagportal.hu\/index.php\/wp-json\/wp\/v2\/users\/1"}],"replies":[{"embeddable":true,"href":"https:\/\/gazdasagportal.hu\/index.php\/wp-json\/wp\/v2\/comments?post=117049"}],"version-history":[{"count":1,"href":"https:\/\/gazdasagportal.hu\/index.php\/wp-json\/wp\/v2\/posts\/117049\/revisions"}],"predecessor-version":[{"id":117050,"href":"https:\/\/gazdasagportal.hu\/index.php\/wp-json\/wp\/v2\/posts\/117049\/revisions\/117050"}],"wp:attachment":[{"href":"https:\/\/gazdasagportal.hu\/index.php\/wp-json\/wp\/v2\/media?parent=117049"}],"wp:term":[{"taxonomy":"category","embeddable":true,"href":"https:\/\/gazdasagportal.hu\/index.php\/wp-json\/wp\/v2\/categories?post=117049"},{"taxonomy":"post_tag","embeddable":true,"href":"https:\/\/gazdasagportal.hu\/index.php\/wp-json\/wp\/v2\/tags?post=117049"}],"curies":[{"name":"wp","href":"https:\/\/api.w.org\/{rel}","templated":true}]}}