{"id":117045,"date":"2019-06-22T15:00:33","date_gmt":"2019-06-22T13:00:33","guid":{"rendered":"http:\/\/gazdasagportal.hu\/?p=117045"},"modified":"2019-06-21T21:05:49","modified_gmt":"2019-06-21T19:05:49","slug":"eladta-a-danubius-a-gellert-hotelt","status":"publish","type":"post","link":"https:\/\/gazdasagportal.hu\/index.php\/eladta-a-danubius-a-gellert-hotelt\/","title":{"rendered":"Eladta a Danubius a Gell\u00e9rt Hotelt"},"content":{"rendered":"<p><strong>Eladta a Danubius Hotels Group a Gell\u00e9rt Hotelt az ingatlanfejleszt\u0151 Indotek Groupnak, a t\u00f6bb mint sz\u00e1z\u00e9ves Duna-parti sz\u00e1lloda \u00e9rt\u00e9kes\u00edt\u00e9s\u00e9r\u0151l a napokban k\u00f6t\u00f6tt\u00e9k meg a meg\u00e1llapod\u00e1st &#8211; jelentette be p\u00e9nteken a Danubius \u00e9s az Indotek. <\/strong><!--more--><\/p>\n<div class=\"ads-in-post1\"><div id=\"gazdasagportal.hu_fullbanner_wideboard\"><\/div>\r\n<\/div>\n<p>    Az ingatlanfejleszt\u0151 c\u00e9g az MTI-nek megk\u00fcld\u00f6tt k\u00f6zlem\u00e9nyben k\u00f6z\u00f6lte: a Gell\u00e9rt Hotel, amely Budapest egyik legpatin\u00e1sabb sz\u00e1llod\u00e1ja, mostanra alaposan meg\u00e9rett a fel\u00faj\u00edt\u00e1sra, n\u00e9h\u00e1ny \u00e9ven bel\u00fcl \u00f6tcsillagos sz\u00e1llodak\u00e9nt \u00fajulhat meg. Az \u00e9p\u00fcletet megv\u00e1s\u00e1rl\u00f3 Indotek Group teljes rekonstrukci\u00f3t k\u00edv\u00e1n v\u00e9grehajtani a m\u0171eml\u00e9ki v\u00e9delem alatt \u00e1ll\u00f3 l\u00e9tes\u00edtm\u00e9nyben az eredeti k\u00fcls\u0151 megtart\u00e1s\u00e1val, azzal a c\u00e9llal, hogy a sz\u00e1lloda az eddigin\u00e9l is sz\u00ednvonalasabb szolg\u00e1ltat\u00e1sokkal er\u0151s\u00edtse a min\u0151s\u00e9gi turizmust Budapesten.<br \/>\n    &#8222;Akviz\u00edci\u00f3ink sor\u00e1n mindig azokat a lehet\u0151s\u00e9geket keress\u00fck, ahol megfelel\u0151 r\u00e1ford\u00edt\u00e1s mellett j\u00f3 alkalmat l\u00e1tunk az \u00e9rt\u00e9kteremt\u00e9sre. A Gell\u00e9rt Sz\u00e1ll\u00f3 Budapest, s\u0151t Eur\u00f3pa egyik legszebb \u00e9p\u00fclete, az orsz\u00e1g b\u00fcszkes\u00e9ge. \u00c9ppen ez\u00e9rt az ad\u00e1sv\u00e9teli meg\u00e1llapod\u00e1s megk\u00f6t\u00e9s\u00e9t megel\u0151z\u0151en elk\u00e9sz\u00edtett r\u00e9szletes \u00e1llapotfelm\u00e9r\u00e9st m\u00e1r a fejleszt\u00e9si lehet\u0151s\u00e9gek sz\u00e1mbav\u00e9tel\u00e9vel v\u00e9gezt\u00fck el&#8221; &#8211; k\u00f6z\u00f6lte Jellinek D\u00e1niel, az Indotek Group vez\u00e9rigazgat\u00f3ja \u00e9s t\u00f6bbs\u00e9gi tulajdonosa.<br \/>\n    Mark Hennebry, a Danubius Hotels Group igazgat\u00f3s\u00e1g\u00e1nak aleln\u00f6ke a c\u00e9g k\u00f6zlem\u00e9ny\u00e9ben ismerteti: nem hozt\u00e1k meg k\u00f6nnyen ezt a d\u00f6nt\u00e9st, hiszen a Danubius strat\u00e9gi\u00e1ja alapvet\u0151en a n\u00f6veked\u00e9sre \u00e9s a beruh\u00e1z\u00e1sokra \u00e9p\u00fcl. Az elm\u00falt k\u00e9t \u00e9vben a Danubius strat\u00e9giai partnert, p\u00e9nz\u00fcgyi t\u00e1rsbefektet\u0151t keresett a fel\u00faj\u00edt\u00e1shoz, hogy visszaadhassa a Gell\u00e9rt Hotel kor\u00e1bbi dics\u0151s\u00e9g\u00e9t, a keres\u00e9s azonban nem vezetett sikerre. Az Indotekt\u0151l ett\u0151l a folyamatt\u00f3l f\u00fcggetlen\u00fcl \u00e9rkezett aj\u00e1nlat a teljes hotel megv\u00e1s\u00e1rl\u00e1s\u00e1ra. A Danubiusn\u00e1l \u00fagy gondolj\u00e1k, hogy az \u00faj tulajdonos jelent\u0151s t\u0151k\u00e9t ford\u00edt majd a hotel fel\u00faj\u00edt\u00e1s\u00e1ra, hogy ism\u00e9t elfoglalhassa m\u00e9lt\u00f3 hely\u00e9t Budapest luxussz\u00e1llod\u00e1i k\u00f6z\u00f6tt.<br \/>\n<div class=\"ads-in-post2\"><script async src=\"https:\/\/pagead2.googlesyndication.com\/pagead\/js\/adsbygoogle.js\"><\/script>\r\n<ins class=\"adsbygoogle\"\r\n     style=\"display:block\"\r\n     data-ad-format=\"fluid\"\r\n     data-ad-layout-key=\"-6t+ed+2i-1n-4w\"\r\n     data-ad-client=\"ca-pub-1959107119989764\"\r\n     data-ad-slot=\"4008251320\"><\/ins>\r\n<script>\r\n     (adsbygoogle = window.adsbygoogle || []).push({});\r\n<\/script><\/div>\n    A tranzakci\u00f3 lez\u00e1r\u00e1s\u00e1hoz sz\u00e1mos jogi \u00e9s adminisztrat\u00edv k\u00e9rd\u00e9st kell a feleknek rendezni\u00fck, amely v\u00e1rhat\u00f3an h\u00f3napokig is eltart. A Gell\u00e9rt Hotelt tov\u00e1bbra is a Danubius \u00fczemelteti az \u00e1t\u00e9p\u00edt\u00e9s tervez\u00e9si szakasz\u00e1ban, illetve az enged\u00e9lyez\u00e9si elj\u00e1r\u00e1s befejez\u00e9s\u00e9ig. A fel\u00faj\u00edt\u00e1st k\u00f6vet\u0151en az Indotek Group luxus sz\u00ednvonal\u00fa nemzetk\u00f6zi hotell\u00e1ncot k\u00edv\u00e1n megb\u00edzni a sz\u00e1lloda m\u0171k\u00f6dtet\u00e9s\u00e9vel. Az ad\u00e1sv\u00e9tel a sz\u00e1lloda napi m\u0171k\u00f6d\u00e9s\u00e9t nem \u00e9rinti k\u00f6zvetlen\u00fcl, a vend\u00e9gek fogad\u00e1sa \u00e9s a foglal\u00e1sok kezel\u00e9se a megszokott m\u00f3don folyik tov\u00e1bb &#8211; \u00edrt\u00e1k a k\u00f6zlem\u00e9nyben.<br \/>\n    Az \u00f6t szinten 234 szob\u00e1val rendelkez\u0151 hotel\u00e9p\u00fclet elad\u00e1sa a sz\u00e1lloda k\u00f6zvetlen szomsz\u00e9ds\u00e1g\u00e1ban m\u0171k\u00f6d\u0151 Szent Gell\u00e9rt Gy\u00f3gyf\u00fcrd\u0151re nem terjed ki, ugyanis az a Budapest f\u00fcrd\u0151it kezel\u0151 \u00f6nkorm\u00e1nyzati v\u00e1llalat tulajdon\u00e1ba tartozik.<br \/>\n    A magyar-amerikai tulajdonban m\u0171k\u00f6d\u0151 Indotek Group jelenleg piacvezet\u0151 a B \u00e9s C kateg\u00f3ri\u00e1s kereskedelmi ingatlanok magyarorsz\u00e1gi piac\u00e1n. A mintegy 240 f\u0151t foglalkoztat\u00f3 c\u00e9gcsoport t\u00f6bb mint 300 ingatlan felett rendelkezik. A be\u00e9p\u00edtett \u00e9s b\u00e9rbe adhat\u00f3 ingatlanter\u00fclet nagys\u00e1ga \u00f6sszess\u00e9g\u00e9ben meghaladja az 1,3 milli\u00f3 n\u00e9gyzetm\u00e9tert, amelyen t\u00f6bb mint 2500 b\u00e9rl\u0151 osztozik. Ingatlanportf\u00f3li\u00f3j\u00e1ba tartozik &#8211; egyebek mellett &#8211; t\u00f6bb mint 20 irodah\u00e1z, p\u00e9ld\u00e1ul az EMKE irodah\u00e1z vagy a Doh\u00e1ny utcai Focus Point Irodah\u00e1z, 14 vid\u00e9ki bev\u00e1s\u00e1rl\u00f3k\u00f6zpont, sz\u00e1llod\u00e1k \u00e9s sz\u00e1mtalan rakt\u00e1r\u00e9p\u00fclet \u00e9s iparter\u00fclet. Az Indotek Group t\u00f6bb saj\u00e1t fejleszt\u00e9s\u0171 lak\u00f3parkprojekttel jelen van a lakoss\u00e1gi ingatlanpiacon is.(MTI)<\/p>\n","protected":false},"excerpt":{"rendered":"<p>Eladta a Danubius Hotels Group a Gell\u00e9rt Hotelt az ingatlanfejleszt\u0151 Indotek Groupnak, a t\u00f6bb mint sz\u00e1z\u00e9ves Duna-parti sz\u00e1lloda \u00e9rt\u00e9kes\u00edt\u00e9s\u00e9r\u0151l a napokban k\u00f6t\u00f6tt\u00e9k meg a meg\u00e1llapod\u00e1st &#8211; jelentette be p\u00e9nteken a Danubius \u00e9s az Indotek.<\/p>\n","protected":false},"author":1,"featured_media":0,"comment_status":"closed","ping_status":"open","sticky":false,"template":"","format":"standard","meta":[],"categories":[19],"tags":[],"_links":{"self":[{"href":"https:\/\/gazdasagportal.hu\/index.php\/wp-json\/wp\/v2\/posts\/117045"}],"collection":[{"href":"https:\/\/gazdasagportal.hu\/index.php\/wp-json\/wp\/v2\/posts"}],"about":[{"href":"https:\/\/gazdasagportal.hu\/index.php\/wp-json\/wp\/v2\/types\/post"}],"author":[{"embeddable":true,"href":"https:\/\/gazdasagportal.hu\/index.php\/wp-json\/wp\/v2\/users\/1"}],"replies":[{"embeddable":true,"href":"https:\/\/gazdasagportal.hu\/index.php\/wp-json\/wp\/v2\/comments?post=117045"}],"version-history":[{"count":1,"href":"https:\/\/gazdasagportal.hu\/index.php\/wp-json\/wp\/v2\/posts\/117045\/revisions"}],"predecessor-version":[{"id":117046,"href":"https:\/\/gazdasagportal.hu\/index.php\/wp-json\/wp\/v2\/posts\/117045\/revisions\/117046"}],"wp:attachment":[{"href":"https:\/\/gazdasagportal.hu\/index.php\/wp-json\/wp\/v2\/media?parent=117045"}],"wp:term":[{"taxonomy":"category","embeddable":true,"href":"https:\/\/gazdasagportal.hu\/index.php\/wp-json\/wp\/v2\/categories?post=117045"},{"taxonomy":"post_tag","embeddable":true,"href":"https:\/\/gazdasagportal.hu\/index.php\/wp-json\/wp\/v2\/tags?post=117045"}],"curies":[{"name":"wp","href":"https:\/\/api.w.org\/{rel}","templated":true}]}}