{"id":117037,"date":"2019-06-21T16:03:18","date_gmt":"2019-06-21T14:03:18","guid":{"rendered":"http:\/\/gazdasagportal.hu\/?p=117037"},"modified":"2019-06-21T15:04:19","modified_gmt":"2019-06-21T13:04:19","slug":"a-hazai-kkv-k-termelekenysegenek-noveleset-celozza-az-itm-kkv-strategiaja","status":"publish","type":"post","link":"https:\/\/gazdasagportal.hu\/index.php\/a-hazai-kkv-k-termelekenysegenek-noveleset-celozza-az-itm-kkv-strategiaja\/","title":{"rendered":"A hazai kkv-k termel\u00e9kenys\u00e9g\u00e9nek n\u00f6vel\u00e9s\u00e9t c\u00e9lozza az ITM kkv-strat\u00e9gi\u00e1ja"},"content":{"rendered":"<p><strong>Az innov\u00e1ci\u00f3s t\u00e1rca kkv-strat\u00e9gi\u00e1j\u00e1nak f\u0151 c\u00e9lja a teljes szektor m\u0171k\u00f6d\u00e9s\u00e9hez sz\u00fcks\u00e9ges kisz\u00e1m\u00edthat\u00f3 keretek biztos\u00edt\u00e1sa, a komoly n\u00f6veked\u00e9sre k\u00e9pes v\u00e1llalati k\u00f6r \u00e9rt\u00e9kteremt\u0151 k\u00e9pess\u00e9g\u00e9nek fokoz\u00e1sa &#8211; mondta el Palkovics L\u00e1szl\u00f3 innov\u00e1ci\u00f3s \u00e9s technol\u00f3giai miniszter a V\u00e1llalkoz\u00e1sfejleszt\u00e9si Tan\u00e1cs p\u00e9nteki \u00fcl\u00e9s\u00e9n Budapesten a t\u00e1rca k\u00f6zlem\u00e9nye szerint.<\/strong><!--more--><\/p>\n<div class=\"ads-in-post1\"><div id=\"gazdasagportal.hu_fullbanner_wideboard\"><\/div>\r\n<\/div>\n<p>    Az Innov\u00e1ci\u00f3s \u00e9s Technol\u00f3giai Miniszt\u00e9rium (ITM) a Magyar Kereskedelmi \u00e9s Iparkamara javaslatait \u00e9s a V\u00e1llalkoz\u00e1sfejleszt\u00e9si Tan\u00e1cs ir\u00e1nymutat\u00e1sait figyelembe v\u00e9ve, mintegy ezer v\u00e1llalkoz\u00e1s ig\u00e9nyeit felm\u00e9rve k\u00e9sz\u00edtette el kkv-strat\u00e9gi\u00e1j\u00e1t. A dokumentum \u00f6sszhangban van a miniszt\u00e9rium gazdas\u00e1gfejleszt\u00e9si strat\u00e9gi\u00e1j\u00e1val is, amely a magyarok \u00e9letmin\u0151s\u00e9g\u00e9nek n\u00f6vel\u00e9s\u00e9t t\u00e1mogat\u00f3 gazdas\u00e1gi korszak- \u00e9s technol\u00f3giav\u00e1lt\u00e1st tartja alapvet\u0151 feladat\u00e1nak &#8211; k\u00f6z\u00f6lt\u00e9k.<br \/>\n    A miniszter a tan\u00e1cs\u00fcl\u00e9sen elmondta: a magyar kkv-k nemzetk\u00f6zi \u00f6sszevet\u00e9sben is j\u00f3l teljes\u00edtettek az elm\u00falt \u00e9vekben. 2010 \u00e9s 2017 k\u00f6z\u00f6tt a hazai kkv-k termel\u00e9kenys\u00e9ge 31,6 sz\u00e1zal\u00e9kkal n\u0151tt, szemben a V4 orsz\u00e1gok 6,3 sz\u00e1zal\u00e9kos \u00e9s az uni\u00f3s tag\u00e1llamok 9,8 sz\u00e1zal\u00e9kos javul\u00e1s\u00e1val. &#8222;A magyar gazdas\u00e1g dinamikus n\u00f6veked\u00e9s\u00e9nek fenntart\u00e1s\u00e1hoz a kkv-k termel\u00e9kenys\u00e9g\u00e9nek m\u00e9g er\u0151teljesebb felz\u00e1rk\u00f3ztat\u00e1s\u00e1ra van sz\u00fcks\u00e9g&#8221; &#8211; fogalmazott a k\u00f6zlem\u00e9nyben Palkovics L\u00e1szl\u00f3.<br \/>\n<div class=\"ads-in-post2\"><script async src=\"https:\/\/pagead2.googlesyndication.com\/pagead\/js\/adsbygoogle.js\"><\/script>\r\n<ins class=\"adsbygoogle\"\r\n     style=\"display:block\"\r\n     data-ad-format=\"fluid\"\r\n     data-ad-layout-key=\"-6t+ed+2i-1n-4w\"\r\n     data-ad-client=\"ca-pub-1959107119989764\"\r\n     data-ad-slot=\"4008251320\"><\/ins>\r\n<script>\r\n     (adsbygoogle = window.adsbygoogle || []).push({});\r\n<\/script><\/div>\n    A miniszter arr\u00f3l is besz\u00e9lt, hogy az ITM \u00f6sszehangolt korm\u00e1nyzati programokkal javasolja lebontani a kkv-k m\u0171k\u00f6d\u00e9se \u00e9s n\u00f6veked\u00e9se \u00fatj\u00e1ban \u00e1ll\u00f3 akad\u00e1lyokat. &#8222;A kkv-strat\u00e9gia egyszerre tartja fontosnak egy nemzetk\u00f6zileg is sikeres, dinamikus magyar v\u00e1llalkoz\u00f3i k\u00f6r kialak\u00edt\u00e1s\u00e1t, t\u00e1mogat\u00e1s\u00e1t \u00e9s a hazai munkav\u00e1llal\u00f3k k\u00e9tharmad\u00e1nak meg\u00e9lhet\u00e9s\u00e9t biztos\u00edt\u00f3, sz\u00e9les kisv\u00e1llalkoz\u00f3i k\u00f6r m\u0171k\u00f6d\u00e9s\u00e9nek, t\u00e1rsadalomszervez\u0151 szerep\u00e9nek meger\u0151s\u00edt\u00e9s\u00e9t&#8221; &#8211; id\u00e9zi a k\u00f6zlem\u00e9ny Palkovics L\u00e1szl\u00f3t.<br \/>\n    A t\u00e1rca elk\u00e9pzel\u00e9sei szerint a k\u00f6vetkez\u0151 h\u00e1rom \u00e9vben legal\u00e1bb 167,5 milli\u00e1rd forinttal seg\u00edti a magyar kkv-k technol\u00f3giai meg\u00fajul\u00e1s\u00e1t, gener\u00e1ci\u00f3v\u00e1lt\u00e1s\u00e1t \u00e9s nemzetk\u00f6zi terjeszked\u00e9s\u00e9t. A tetemes forr\u00e1smennyis\u00e9g nagyobbik r\u00e9sze, 90 milli\u00e1rd forint vissza nem t\u00e9r\u00edtend\u0151 t\u00e1mogat\u00e1s lesz. A legnagyobb t\u00e9telt a piacvez\u00e9relt K+F+I t\u00e1mogat\u00e1s\u00e1ra sz\u00e1nt 45 milli\u00e1rd forintos keret jelenti.<br \/>\n    Palkovics L\u00e1szl\u00f3 az \u00fcl\u00e9sen kifejtette: a tervezett l\u00e9p\u00e9sek k\u00f6z\u00e9ppontj\u00e1ban a termel\u00e9kenys\u00e9g- \u00e9s hat\u00e9konys\u00e1gn\u00f6vel\u00e9s \u00e1ll, ennek meghat\u00e1roz\u00f3 eszk\u00f6zei a szakk\u00e9pz\u00e9si rendszer meg\u00faj\u00edt\u00e1sa \u00e9s a technol\u00f3gia korszer\u0171s\u00edt\u00e9se, a digitaliz\u00e1ci\u00f3 \u00e9s robotiz\u00e1ci\u00f3 is. A t\u00e1rcavezet\u0151 kiemelte, hogy a V\u00e1llalkoz\u00e1sfejleszt\u00e9si Tan\u00e1cs fontos k\u00f6zvet\u00edt\u0151 szerepet t\u00f6lthet be abban, hogy a kkv-k megismerj\u00e9k a korm\u00e1nyd\u00f6nt\u00e9sre v\u00e1r\u00f3 strat\u00e9gi\u00e1t \u00e9s a t\u00e1mogat\u00e1si lehet\u0151s\u00e9geket &#8211; olvashat\u00f3 a k\u00f6zlem\u00e9nyben.(MTI)<\/p>\n","protected":false},"excerpt":{"rendered":"<p>Az innov\u00e1ci\u00f3s t\u00e1rca kkv-strat\u00e9gi\u00e1j\u00e1nak f\u0151 c\u00e9lja a teljes szektor m\u0171k\u00f6d\u00e9s\u00e9hez sz\u00fcks\u00e9ges kisz\u00e1m\u00edthat\u00f3 keretek biztos\u00edt\u00e1sa, a komoly n\u00f6veked\u00e9sre k\u00e9pes v\u00e1llalati k\u00f6r \u00e9rt\u00e9kteremt\u0151 k\u00e9pess\u00e9g\u00e9nek fokoz\u00e1sa &#8211; mondta el Palkovics L\u00e1szl\u00f3 innov\u00e1ci\u00f3s \u00e9s technol\u00f3giai miniszter a V\u00e1llalkoz\u00e1sfejleszt\u00e9si Tan\u00e1cs p\u00e9nteki \u00fcl\u00e9s\u00e9n Budapesten a t\u00e1rca k\u00f6zlem\u00e9nye szerint.<\/p>\n","protected":false},"author":1,"featured_media":0,"comment_status":"closed","ping_status":"open","sticky":false,"template":"","format":"standard","meta":[],"categories":[19],"tags":[],"_links":{"self":[{"href":"https:\/\/gazdasagportal.hu\/index.php\/wp-json\/wp\/v2\/posts\/117037"}],"collection":[{"href":"https:\/\/gazdasagportal.hu\/index.php\/wp-json\/wp\/v2\/posts"}],"about":[{"href":"https:\/\/gazdasagportal.hu\/index.php\/wp-json\/wp\/v2\/types\/post"}],"author":[{"embeddable":true,"href":"https:\/\/gazdasagportal.hu\/index.php\/wp-json\/wp\/v2\/users\/1"}],"replies":[{"embeddable":true,"href":"https:\/\/gazdasagportal.hu\/index.php\/wp-json\/wp\/v2\/comments?post=117037"}],"version-history":[{"count":1,"href":"https:\/\/gazdasagportal.hu\/index.php\/wp-json\/wp\/v2\/posts\/117037\/revisions"}],"predecessor-version":[{"id":117038,"href":"https:\/\/gazdasagportal.hu\/index.php\/wp-json\/wp\/v2\/posts\/117037\/revisions\/117038"}],"wp:attachment":[{"href":"https:\/\/gazdasagportal.hu\/index.php\/wp-json\/wp\/v2\/media?parent=117037"}],"wp:term":[{"taxonomy":"category","embeddable":true,"href":"https:\/\/gazdasagportal.hu\/index.php\/wp-json\/wp\/v2\/categories?post=117037"},{"taxonomy":"post_tag","embeddable":true,"href":"https:\/\/gazdasagportal.hu\/index.php\/wp-json\/wp\/v2\/tags?post=117037"}],"curies":[{"name":"wp","href":"https:\/\/api.w.org\/{rel}","templated":true}]}}