{"id":116989,"date":"2019-06-20T12:36:16","date_gmt":"2019-06-20T10:36:16","guid":{"rendered":"http:\/\/gazdasagportal.hu\/?p=116989"},"modified":"2019-06-20T08:37:13","modified_gmt":"2019-06-20T06:37:13","slug":"szazadveg-akar-ujra-elerheti-az-5-szazalekot-a-gazdasagi-novekedes","status":"publish","type":"post","link":"https:\/\/gazdasagportal.hu\/index.php\/szazadveg-akar-ujra-elerheti-az-5-szazalekot-a-gazdasagi-novekedes\/","title":{"rendered":"Sz\u00e1zadv\u00e9g: ak\u00e1r \u00fajra el\u00e9rheti az 5 sz\u00e1zal\u00e9kot a gazdas\u00e1gi n\u00f6veked\u00e9s"},"content":{"rendered":"<p><strong>Jav\u00edtotta n\u00f6veked\u00e9si v\u00e1rakoz\u00e1sait a Sz\u00e1zadv\u00e9g Gazdas\u00e1gkutat\u00f3 Zrt., kedvez\u0151 esetben azt sem tartj\u00e1k kiz\u00e1rtnak, hogy id\u00e9n is megk\u00f6zel\u00edtse, s\u0151t el\u00e9rje az 5 sz\u00e1zal\u00e9kot a magyar gazdas\u00e1g b\u0151v\u00fcl\u00e9si \u00fcteme.<\/strong><!--more--><\/p>\n<div class=\"ads-in-post1\"><div id=\"gazdasagportal.hu_fullbanner_wideboard\"><\/div>\r\n<\/div>\n<p>    H\u00e9tf\u0151i k\u00f6zlem\u00e9ny\u00e9ben a Sz\u00e1zadv\u00e9g a 4,3 sz\u00e1zal\u00e9kos n\u00f6veked\u00e9st tartja a legval\u00f3sz\u00edn\u0171bbnek id\u00e9n, j\u00f6v\u0151re pedig 3,7 sz\u00e1zal\u00e9kot v\u00e1r.<br \/>\n    A h\u00e1ztart\u00e1sok fogyaszt\u00e1si kiad\u00e1s\u00e1nak volumenindexe a tavalyi 5,3 sz\u00e1zal\u00e9kr\u00f3l 4,5 sz\u00e1zal\u00e9kra m\u00e9rs\u00e9kl\u0151dik, j\u00f6v\u0151re viszont 4,9 sz\u00e1zal\u00e9kra n\u0151.<br \/>\n    A k\u00fclkereskedelmi \u00e1ruforgalom id\u00e9n 4,1 milli\u00e1rd eur\u00f3val, j\u00f6v\u0151re pedig 4,5 milli\u00e1rd eur\u00f3val z\u00e1rhat, m\u00edg az infl\u00e1ci\u00f3 3,5 sz\u00e1zal\u00e9k, illetve 3,2 sz\u00e1zal\u00e9k lehet &#8211; \u00edrt\u00e1k.<br \/>\n    A Sz\u00e1zadv\u00e9g a munkan\u00e9lk\u00fclis\u00e9g cs\u00f6kken\u00e9s\u00e9re sz\u00e1m\u00edt a k\u00f6vetkez\u0151 m\u00e1sf\u00e9l \u00e9vben is, amely \u00edgy id\u00e9n 3,4 sz\u00e1zal\u00e9kra, j\u00f6v\u0151re pedig 3,2 sz\u00e1zal\u00e9kra eshet.<br \/>\n    A brutt\u00f3 \u00e1tlagkeresetek tov\u00e1bbra is 10 sz\u00e1zal\u00e9k felett n\u0151hetnek, id\u00e9n 10,5 sz\u00e1zal\u00e9kot, j\u00f6v\u0151re 10,8 sz\u00e1zal\u00e9kot \u00e9rthet el az \u00fctem &#8211; tett\u00e9k hozz\u00e1.<br \/>\n<div class=\"ads-in-post2\"><script async src=\"https:\/\/pagead2.googlesyndication.com\/pagead\/js\/adsbygoogle.js\"><\/script>\r\n<ins class=\"adsbygoogle\"\r\n     style=\"display:block\"\r\n     data-ad-format=\"fluid\"\r\n     data-ad-layout-key=\"-6t+ed+2i-1n-4w\"\r\n     data-ad-client=\"ca-pub-1959107119989764\"\r\n     data-ad-slot=\"4008251320\"><\/ins>\r\n<script>\r\n     (adsbygoogle = window.adsbygoogle || []).push({});\r\n<\/script><\/div>\n    V\u00e1rakoz\u00e1suk szerint az alapkamatot j\u00f6v\u0151 \u00e9v v\u00e9g\u00e9re 1,35 sz\u00e1zal\u00e9kra emelheti a jegybank.<br \/>\n    A k\u00f6zlem\u00e9ny szerint a n\u00f6veked\u00e9s egyik hajt\u00f3ereje tov\u00e1bbra is a b\u00e9remelked\u00e9snek k\u00f6sz\u00f6nhet\u0151 fogyaszt\u00e1s lesz. A kock\u00e1zatok k\u00f6z\u00fcl a k\u00fcls\u0151 k\u00f6rnyezet alakul\u00e1s\u00e1t, els\u0151sorban a n\u00e9met gazdas\u00e1g gyeng\u00e9lked\u00e9s\u00e9t, a Brexit miatti bizonytalans\u00e1got \u00e9s a kereskedelmi h\u00e1bor\u00fakat, a mez\u0151gazdas\u00e1g eredm\u00e9nyeit, a versenyk\u00e9pess\u00e9gi int\u00e9zked\u00e9sek kimenetel\u00e9t, az olaj \u00e1r\u00e1nak vil\u00e1gpiaci alakul\u00e1s\u00e1t \u00e9s a forint \u00e1rfolyam\u00e1t emelt\u00e9k ki.<br \/>\n    A nemzeti valuta alul\u00e9rt\u00e9kelt, \u00e9s ez k\u00f6zvetve a fogyaszt\u00e1s b\u0151v\u00fcl\u00e9s\u00e9t is visszafogja. Az infl\u00e1ci\u00f3 ugyanakkor a jegybanki c\u00e9ls\u00e1von bel\u00fcl alakulhat, a monet\u00e1ris kond\u00edci\u00f3k alapvet\u0151en tov\u00e1bbra is laz\u00e1k maradnak &#8211; olvashat\u00f3 a k\u00f6zlem\u00e9nyben.<br \/>\n    A Sz\u00e1zadv\u00e9g m\u00e1r tavaly \u00e9v v\u00e9g\u00e9n f\u00f6lfel\u00e9 m\u00f3dos\u00edtotta a n\u00f6veked\u00e9si v\u00e1rakoz\u00e1sait. Decemberi k\u00f6zlem\u00e9ny\u00fckben 3,5 sz\u00e1zal\u00e9k helyett 3,9 sz\u00e1zal\u00e9kos n\u00f6veked\u00e9s val\u00f3sz\u00edn\u0171s\u00edtettek 2019-re.(MTI)<\/p>\n","protected":false},"excerpt":{"rendered":"<p>Jav\u00edtotta n\u00f6veked\u00e9si v\u00e1rakoz\u00e1sait a Sz\u00e1zadv\u00e9g Gazdas\u00e1gkutat\u00f3 Zrt., kedvez\u0151 esetben azt sem tartj\u00e1k kiz\u00e1rtnak, hogy id\u00e9n is megk\u00f6zel\u00edtse, s\u0151t el\u00e9rje az 5 sz\u00e1zal\u00e9kot a magyar gazdas\u00e1g b\u0151v\u00fcl\u00e9si \u00fcteme.<\/p>\n","protected":false},"author":1,"featured_media":0,"comment_status":"closed","ping_status":"open","sticky":false,"template":"","format":"standard","meta":[],"categories":[19],"tags":[],"_links":{"self":[{"href":"https:\/\/gazdasagportal.hu\/index.php\/wp-json\/wp\/v2\/posts\/116989"}],"collection":[{"href":"https:\/\/gazdasagportal.hu\/index.php\/wp-json\/wp\/v2\/posts"}],"about":[{"href":"https:\/\/gazdasagportal.hu\/index.php\/wp-json\/wp\/v2\/types\/post"}],"author":[{"embeddable":true,"href":"https:\/\/gazdasagportal.hu\/index.php\/wp-json\/wp\/v2\/users\/1"}],"replies":[{"embeddable":true,"href":"https:\/\/gazdasagportal.hu\/index.php\/wp-json\/wp\/v2\/comments?post=116989"}],"version-history":[{"count":1,"href":"https:\/\/gazdasagportal.hu\/index.php\/wp-json\/wp\/v2\/posts\/116989\/revisions"}],"predecessor-version":[{"id":116990,"href":"https:\/\/gazdasagportal.hu\/index.php\/wp-json\/wp\/v2\/posts\/116989\/revisions\/116990"}],"wp:attachment":[{"href":"https:\/\/gazdasagportal.hu\/index.php\/wp-json\/wp\/v2\/media?parent=116989"}],"wp:term":[{"taxonomy":"category","embeddable":true,"href":"https:\/\/gazdasagportal.hu\/index.php\/wp-json\/wp\/v2\/categories?post=116989"},{"taxonomy":"post_tag","embeddable":true,"href":"https:\/\/gazdasagportal.hu\/index.php\/wp-json\/wp\/v2\/tags?post=116989"}],"curies":[{"name":"wp","href":"https:\/\/api.w.org\/{rel}","templated":true}]}}