{"id":116984,"date":"2019-06-20T10:58:26","date_gmt":"2019-06-20T08:58:26","guid":{"rendered":"http:\/\/gazdasagportal.hu\/?p=116984"},"modified":"2019-06-20T08:32:15","modified_gmt":"2019-06-20T06:32:15","slug":"a-greengo-autoival-is-elerheto-mar-a-repuloter","status":"publish","type":"post","link":"https:\/\/gazdasagportal.hu\/index.php\/a-greengo-autoival-is-elerheto-mar-a-repuloter\/","title":{"rendered":"A GreenGo aut\u00f3ival is el\u00e9rhet\u0151 m\u00e1r a rep\u00fcl\u0151t\u00e9r"},"content":{"rendered":"<p><strong>A Budapesten m\u0171k\u00f6d\u0151, kiz\u00e1r\u00f3lag elektromos aut\u00f3kb\u00f3l \u00e1ll\u00f3 flott\u00e1val rendelkez\u0151 GreenGo aut\u00f3megoszt\u00f3 j\u00e1rm\u0171veivel is el\u00e9rhet\u0151 m\u00e1r a Liszt Ferenc Rep\u00fcl\u0151t\u00e9r &#8211; k\u00f6z\u00f6lte a t\u00e1rsas\u00e1g az MTI-vel.<\/strong><!--more--><\/p>\n<div class=\"ads-in-post1\"><div id=\"gazdasagportal.hu_fullbanner_wideboard\"><\/div>\r\n<\/div>\nAz aut\u00f3megoszt\u00f3 startup 2016-ban indult el, kezdetben 45 j\u00e1rm\u0171b\u0151l \u00e1llt a c\u00e9g flott\u00e1ja, sz\u00e1muk m\u00e1ra el\u00e9ri a 300-at, a t\u00e1rsas\u00e1g szolg\u00e1ltat\u00e1si ter\u00fclete pedig 76,2 n\u00e9gyzetkilom\u00e9ter.     A c\u00e9g a terjeszked\u00e9s \u00e9rdek\u00e9ben egy\u00fcttm\u0171k\u00f6d\u00e9si meg\u00e1llapod\u00e1st k\u00f6t\u00f6tt az Airport Hotel Budapesttel, \u00edgy a GreenGo jelz\u00e9s\u0171 aut\u00f3kkal \u00e9rkez\u0151k m\u00e1r haszn\u00e1lhatj\u00e1k a rep\u00fcl\u0151t\u00e9r termin\u00e1ljait\u00f3l 5 percre tal\u00e1lhat\u00f3 sz\u00e1lloda VIP parkol\u00f3j\u00e1t, innen pedig ingyenes transzferrel juthatnak \u00e1t az \u00e9rintettek a rep\u00fcl\u0151t\u00e9rre.     A k\u00f6zlem\u00e9ny szerint a meg\u00e1llapod\u00e1s r\u00e9szek\u00e9nt a t\u00e1rsas\u00e1g 6 \u00faj saj\u00e1t t\u00f6lt\u0151pontot alak\u00edtott ki a rep\u00fcl\u0151t\u00e9ri hotel parkol\u00f3j\u00e1ban, a t\u00f6lt\u0151pontokat egyel\u0151re csak az aut\u00f3megoszt\u00f3 flott\u00e1j\u00e1nak j\u00e1rm\u0171vei haszn\u00e1lhatj\u00e1k. A beruh\u00e1z\u00e1s \u00e9rt\u00e9ke 6-10 milli\u00f3 forint k\u00f6z\u00f6tt mozog.<br \/>\n<div class=\"ads-in-post2\"><script async src=\"https:\/\/pagead2.googlesyndication.com\/pagead\/js\/adsbygoogle.js\"><\/script>\r\n<ins class=\"adsbygoogle\"\r\n     style=\"display:block\"\r\n     data-ad-format=\"fluid\"\r\n     data-ad-layout-key=\"-6t+ed+2i-1n-4w\"\r\n     data-ad-client=\"ca-pub-1959107119989764\"\r\n     data-ad-slot=\"4008251320\"><\/ins>\r\n<script>\r\n     (adsbygoogle = window.adsbygoogle || []).push({});\r\n<\/script><\/div>\n     A GreenGo szolg\u00e1ltat\u00e1s\u00e1t a felhaszn\u00e1l\u00f3k percalap\u00fa d\u00edjaz\u00e1s mellett egy mobil alkalmaz\u00e1s seg\u00edts\u00e9g\u00e9vel tudj\u00e1k ig\u00e9nybe venni, eddig m\u00e1r k\u00f6zel 40 ezren regisztr\u00e1ltak.     A nyilv\u00e1nosan el\u00e9rhet\u0151 c\u00e9gadatok szerint a GreenGo Car Europe Kft. nett\u00f3 \u00e1rbev\u00e9tele a 2018-as lez\u00e1rt \u00fczleti \u00e9vben 266,4 milli\u00f3 forint volt, ami 155,6 milli\u00f3 forinttal meghaladta a 2017-es adatot. A t\u00e1rsas\u00e1g tavaly ad\u00f3z\u00e1s ut\u00e1n 327,4 milli\u00f3 forint vesztes\u00e9ggel z\u00e1rt, m\u00edg 2017-ben 158,5 milli\u00f3 forint volt a vesztes\u00e9ge.(MTI)<\/p>\n","protected":false},"excerpt":{"rendered":"<p>A Budapesten m\u0171k\u00f6d\u0151, kiz\u00e1r\u00f3lag elektromos aut\u00f3kb\u00f3l \u00e1ll\u00f3 flott\u00e1val rendelkez\u0151 GreenGo aut\u00f3megoszt\u00f3 j\u00e1rm\u0171veivel is el\u00e9rhet\u0151 m\u00e1r a Liszt Ferenc Rep\u00fcl\u0151t\u00e9r &#8211; k\u00f6z\u00f6lte a t\u00e1rsas\u00e1g az MTI-vel.<\/p>\n","protected":false},"author":1,"featured_media":0,"comment_status":"closed","ping_status":"open","sticky":false,"template":"","format":"standard","meta":[],"categories":[4,19],"tags":[],"_links":{"self":[{"href":"https:\/\/gazdasagportal.hu\/index.php\/wp-json\/wp\/v2\/posts\/116984"}],"collection":[{"href":"https:\/\/gazdasagportal.hu\/index.php\/wp-json\/wp\/v2\/posts"}],"about":[{"href":"https:\/\/gazdasagportal.hu\/index.php\/wp-json\/wp\/v2\/types\/post"}],"author":[{"embeddable":true,"href":"https:\/\/gazdasagportal.hu\/index.php\/wp-json\/wp\/v2\/users\/1"}],"replies":[{"embeddable":true,"href":"https:\/\/gazdasagportal.hu\/index.php\/wp-json\/wp\/v2\/comments?post=116984"}],"version-history":[{"count":2,"href":"https:\/\/gazdasagportal.hu\/index.php\/wp-json\/wp\/v2\/posts\/116984\/revisions"}],"predecessor-version":[{"id":116987,"href":"https:\/\/gazdasagportal.hu\/index.php\/wp-json\/wp\/v2\/posts\/116984\/revisions\/116987"}],"wp:attachment":[{"href":"https:\/\/gazdasagportal.hu\/index.php\/wp-json\/wp\/v2\/media?parent=116984"}],"wp:term":[{"taxonomy":"category","embeddable":true,"href":"https:\/\/gazdasagportal.hu\/index.php\/wp-json\/wp\/v2\/categories?post=116984"},{"taxonomy":"post_tag","embeddable":true,"href":"https:\/\/gazdasagportal.hu\/index.php\/wp-json\/wp\/v2\/tags?post=116984"}],"curies":[{"name":"wp","href":"https:\/\/api.w.org\/{rel}","templated":true}]}}