{"id":116975,"date":"2019-06-20T10:07:42","date_gmt":"2019-06-20T08:07:42","guid":{"rendered":"http:\/\/gazdasagportal.hu\/?p=116975"},"modified":"2019-06-20T07:49:20","modified_gmt":"2019-06-20T05:49:20","slug":"az-uj-amerikai-ensz-nagykovetjelolt-szerint-a-klimavaltozas-valos-veszely","status":"publish","type":"post","link":"https:\/\/gazdasagportal.hu\/index.php\/az-uj-amerikai-ensz-nagykovetjelolt-szerint-a-klimavaltozas-valos-veszely\/","title":{"rendered":"Az \u00faj amerikai ENSZ-nagyk\u00f6vetjel\u00f6lt szerint a kl\u00edmav\u00e1ltoz\u00e1s val\u00f3s vesz\u00e9ly"},"content":{"rendered":"<p><strong>A kl\u00edmav\u00e1ltoz\u00e1s &#8222;val\u00f3s vesz\u00e9ly&#8221; &#8211; jelentette ki szerdai szen\u00e1tusi bizotts\u00e1gi meghallgat\u00e1s\u00e1n Kelly Knight Craft, aki Donald Trump amerikai eln\u00f6k \u00faj jel\u00f6ltje az ENSZ-nagyk\u00f6veti posztra. <\/strong><!--more--><\/p>\n<div class=\"ads-in-post1\"><div id=\"gazdasagportal.hu_fullbanner_wideboard\"><\/div>\r\n<\/div>\n<p>    Craft, aki jelenleg az Egyes\u00fclt \u00c1llamok kanadai nagyk\u00f6vete, a szen\u00e1tus k\u00fcl\u00fcgyi bizotts\u00e1ga el\u0151tt hangs\u00falyozta, hogy szerinte az emberi viselked\u00e9s igenis hozz\u00e1j\u00e1rul a kl\u00edmav\u00e1ltoz\u00e1shoz, amellyel okvetlen\u00fcl foglalkoznia kell minden orsz\u00e1gnak.       Hozz\u00e1tette ugyanakkor, hogy az Egyes\u00fclt \u00c1llamoknak nem szabad &#8222;ar\u00e1nytalanul nagy terhet&#8221; v\u00e1llalnia az \u00e9ghajlatv\u00e1ltoz\u00e1s k\u00f6vetkezm\u00e9nyeinek elh\u00e1r\u00edt\u00e1s\u00e1ban, nem szabad olyan int\u00e9zked\u00e9seket hoznia, amelyek vesz\u00e9lybe sodorhatj\u00e1k a gazdas\u00e1g n\u00f6veked\u00e9s\u00e9t. Azzal \u00e9rvelt, hogy a k\u00e9t legnagyobb k\u00e1rosanyag-kibocs\u00e1t\u00f3 orsz\u00e1got, K\u00edn\u00e1t \u00e9s Indi\u00e1t senki nem k\u00e9rte, hogy az Egyes\u00fclt \u00c1llamokhoz hasonl\u00f3 m\u00e9rt\u00e9k\u0171 terhet v\u00e1llaljon a kl\u00edmav\u00e1ltoz\u00e1s elleni k\u00fczdelemben.<br \/>\n<div class=\"ads-in-post2\"><script async src=\"https:\/\/pagead2.googlesyndication.com\/pagead\/js\/adsbygoogle.js\"><\/script>\r\n<ins class=\"adsbygoogle\"\r\n     style=\"display:block\"\r\n     data-ad-format=\"fluid\"\r\n     data-ad-layout-key=\"-6t+ed+2i-1n-4w\"\r\n     data-ad-client=\"ca-pub-1959107119989764\"\r\n     data-ad-slot=\"4008251320\"><\/ins>\r\n<script>\r\n     (adsbygoogle = window.adsbygoogle || []).push({});\r\n<\/script><\/div>\n    &#8222;Tiszt\u00e1ban vagyok azon tudom\u00e1nyos eredm\u00e9nyek j\u00f3 r\u00e9sz\u00e9vel, amelyek a kl\u00edmav\u00e1ltoz\u00e1sra \u00e9s az embernek a kl\u00edmav\u00e1ltoz\u00e1sban j\u00e1tszott szerep\u00e9re vonatkoznak, \u00e9s ha megszavazz\u00e1k jel\u00f6lts\u00e9gemet, a kl\u00edmav\u00e1ltoz\u00e1s elleni k\u00fczdelem sz\u00f3sz\u00f3l\u00f3ja leszek&#8221; &#8211; fogalmazott a nagyk\u00f6vetjel\u00f6lt. Ezzel l\u00e9nyeg\u00e9ben azoknak az aggodalmaikat hangoztat\u00f3 demokrata p\u00e1rti szen\u00e1toroknak v\u00e1laszolt, akik kifog\u00e1solt\u00e1k, hogy kor\u00e1bban v\u00e9delm\u00e9be vette a kl\u00edmav\u00e1ltoz\u00e1ssal kapcsolatban szkeptikus \u00e1ll\u00e1spontot. A demokrata politikusok felvetett\u00e9k azt is, hogy Craftnak \u00e9s f\u00e9rj\u00e9nek jelent\u0151s \u00e9rdekelts\u00e9gei vannak fosszilis f\u0171t\u0151anyagokkal foglalkoz\u00f3 ipar\u00e1gakban, \u00e9s Joe Craft az egyik legnagyobb amerikai sz\u00e9nkitermel\u0151 v\u00e1llalat igazgat\u00f3ja.<br \/>\n    A Trump-korm\u00e1nyzatot eddig er\u0151teljes b\u00edr\u00e1latok \u00e9rt\u00e9k mind k\u00f6rnyezetv\u00e9d\u0151k, mind pedig tud\u00f3sok r\u00e9sz\u00e9r\u0151l, mivel feloldotta az \u00fcvegh\u00e1zhat\u00e1st kiv\u00e1lt\u00f3 g\u00e1zok visszafog\u00e1s\u00e1t c\u00e9lz\u00f3 szab\u00e1lyokat, tov\u00e1bb\u00e1 bejelentette kil\u00e9p\u00e9s\u00e9t a p\u00e1rizsi kl\u00edmaegyezm\u00e9nyb\u0151l.     Kelly Knight Craft a meghallgat\u00e1son kifejtette, hogy a j\u00f6v\u0151re v\u00e1rhat\u00f3 kil\u00e9p\u00e9s a p\u00e1rizsi egyezm\u00e9nyb\u0151l nem jelenti azt, hogy Washington lemondott volna a kl\u00edmav\u00e1ltoz\u00e1s elleni k\u00fczdelemben v\u00e1llalt vezet\u0151 szerep\u00e9r\u0151l. &#8222;Nincs sz\u00fcks\u00e9g\u00fcnk tags\u00e1gra ahhoz, hogy \u00e9lj\u00fcnk vezet\u0151 szerep\u00fcnkkel&#8221; &#8211; mondta a jel\u00f6lt.<br \/>\n    Craft Nikki Haley ENSZ-nagyk\u00f6vetet k\u00f6vetn\u00e9 a poszton. Haley tavaly decemberben mondott le. Donald Trump jel\u00f6ltje el\u0151sz\u00f6r Heather Nauert, a k\u00fcl\u00fcgyminiszt\u00e9rium sz\u00f3viv\u0151je volt, \u0151 azonban csal\u00e1di okokra hivatkozva visszal\u00e9pett a jel\u00f6lts\u00e9gt\u0151l.(MTI)<\/p>\n","protected":false},"excerpt":{"rendered":"<p>A kl\u00edmav\u00e1ltoz\u00e1s &#8222;val\u00f3s vesz\u00e9ly&#8221; &#8211; jelentette ki szerdai szen\u00e1tusi bizotts\u00e1gi meghallgat\u00e1s\u00e1n Kelly Knight Craft, aki Donald Trump amerikai eln\u00f6k \u00faj jel\u00f6ltje az ENSZ-nagyk\u00f6veti posztra.<\/p>\n","protected":false},"author":1,"featured_media":0,"comment_status":"closed","ping_status":"open","sticky":false,"template":"","format":"standard","meta":[],"categories":[246],"tags":[],"_links":{"self":[{"href":"https:\/\/gazdasagportal.hu\/index.php\/wp-json\/wp\/v2\/posts\/116975"}],"collection":[{"href":"https:\/\/gazdasagportal.hu\/index.php\/wp-json\/wp\/v2\/posts"}],"about":[{"href":"https:\/\/gazdasagportal.hu\/index.php\/wp-json\/wp\/v2\/types\/post"}],"author":[{"embeddable":true,"href":"https:\/\/gazdasagportal.hu\/index.php\/wp-json\/wp\/v2\/users\/1"}],"replies":[{"embeddable":true,"href":"https:\/\/gazdasagportal.hu\/index.php\/wp-json\/wp\/v2\/comments?post=116975"}],"version-history":[{"count":1,"href":"https:\/\/gazdasagportal.hu\/index.php\/wp-json\/wp\/v2\/posts\/116975\/revisions"}],"predecessor-version":[{"id":116976,"href":"https:\/\/gazdasagportal.hu\/index.php\/wp-json\/wp\/v2\/posts\/116975\/revisions\/116976"}],"wp:attachment":[{"href":"https:\/\/gazdasagportal.hu\/index.php\/wp-json\/wp\/v2\/media?parent=116975"}],"wp:term":[{"taxonomy":"category","embeddable":true,"href":"https:\/\/gazdasagportal.hu\/index.php\/wp-json\/wp\/v2\/categories?post=116975"},{"taxonomy":"post_tag","embeddable":true,"href":"https:\/\/gazdasagportal.hu\/index.php\/wp-json\/wp\/v2\/tags?post=116975"}],"curies":[{"name":"wp","href":"https:\/\/api.w.org\/{rel}","templated":true}]}}