{"id":116973,"date":"2019-06-20T09:26:05","date_gmt":"2019-06-20T07:26:05","guid":{"rendered":"http:\/\/gazdasagportal.hu\/?p=116973"},"modified":"2019-06-20T07:47:10","modified_gmt":"2019-06-20T05:47:10","slug":"folytatodik-a-jovo-evi-budzse-altalanos-vitaja","status":"publish","type":"post","link":"https:\/\/gazdasagportal.hu\/index.php\/folytatodik-a-jovo-evi-budzse-altalanos-vitaja\/","title":{"rendered":"Folytat\u00f3dik a j\u00f6v\u0151 \u00e9vi b\u00fcdzs\u00e9 \u00e1ltal\u00e1nos vit\u00e1ja"},"content":{"rendered":"<p><strong>Az Orsz\u00e1ggy\u0171l\u00e9sben ma k\u00e9pvisel\u0151i felsz\u00f3lal\u00e1sokkal folytat\u00f3dik a korm\u00e1ny 2020-as k\u00f6lts\u00e9gvet\u00e9si javaslat\u00e1nak \u00e1ltal\u00e1nos vit\u00e1ja.<\/strong><!--more--><\/p>\n<div class=\"ads-in-post1\"><div id=\"gazdasagportal.hu_fullbanner_wideboard\"><\/div>\r\n<\/div>\n<p>    Az aktu\u00e1lis \u00fcl\u00e9s negyedik napja reggel 8 \u00f3rakor kezd\u0151dik, a vit\u00e1ra napk\u00f6zben 14 \u00f3r\u00e1s id\u0151keret \u00e1ll rendelkez\u00e9sre.<br \/>\n    A j\u00f6v\u0151 \u00e9vi b\u00fcdzs\u00e9 t\u00e1rgyal\u00e1sa szerd\u00e1n, a p\u00e9nz\u00fcgyminiszter nyit\u00f3besz\u00e9d\u00e9vel kezd\u0151d\u00f6tt. Varga Mih\u00e1ly elmondta, a 2020-as k\u00f6lts\u00e9gvet\u00e9s a csal\u00e1dok t\u00e1mogat\u00e1sa mellett az eddig el\u00e9rt gazdas\u00e1gi eredm\u00e9nyek megv\u00e9d\u00e9s\u00e9r\u0151l \u00e9s a folytat\u00f3d\u00f3 ad\u00f3cs\u00f6kkent\u00e9sekr\u0151l is sz\u00f3l. A t\u00e1rcavezet\u0151 a csal\u00e1dok t\u00e1mogat\u00e1s\u00e1t \u00e9s a gazdas\u00e1gv\u00e9delmi akci\u00f3terv forr\u00e1sainak biztos\u00edt\u00e1s\u00e1t nevezte a f\u0151 c\u00e9loknak.<br \/>\n<div class=\"ads-in-post2\"><script async src=\"https:\/\/pagead2.googlesyndication.com\/pagead\/js\/adsbygoogle.js\"><\/script>\r\n<ins class=\"adsbygoogle\"\r\n     style=\"display:block\"\r\n     data-ad-format=\"fluid\"\r\n     data-ad-layout-key=\"-6t+ed+2i-1n-4w\"\r\n     data-ad-client=\"ca-pub-1959107119989764\"\r\n     data-ad-slot=\"4008251320\"><\/ins>\r\n<script>\r\n     (adsbygoogle = window.adsbygoogle || []).push({});\r\n<\/script><\/div>\n    Domokos L\u00e1szl\u00f3, az \u00c1llami Sz\u00e1mvev\u0151sz\u00e9k (\u00c1SZ) eln\u00f6ke felsz\u00f3lal\u00e1s\u00e1ban megalapozottnak nevezte a 2020-as k\u00f6lts\u00e9gvet\u00e9st, amely szerinte hozz\u00e1j\u00e1rul a magyar gazdas\u00e1g fenntarthat\u00f3 kifeh\u00e9r\u00edt\u00e9s\u00e9hez \u00e9s a kisz\u00e1m\u00edthat\u00f3, stabil gazdas\u00e1gi folyamatokhoz, valamint megfelel\u0151 keretet biztos\u00edt a t\u00e1rsadalompolitikai c\u00e9lkit\u0171z\u00e9sek megval\u00f3s\u00edt\u00e1s\u00e1hoz.<br \/>\n    Kov\u00e1cs \u00c1rp\u00e1d, a K\u00f6lts\u00e9gvet\u00e9si Tan\u00e1cs eln\u00f6ke hangs\u00falyozta, a j\u00f6v\u0151 \u00e9vi k\u00f6lts\u00e9gvet\u00e9si t\u00f6rv\u00e9nyjavaslat a p\u00e9nz\u00fcgyi stabilit\u00e1st t\u00fckr\u00f6zi. Ahol stabilit\u00e1s van, ott van gazdas\u00e1g- \u00e9s t\u00e1rsadalompolitikai mozg\u00e1st\u00e9r, \u00e9s ez l\u00e1tszik megval\u00f3sulni imm\u00e1r lassan egy \u00e9vtizede a k\u00f6lts\u00e9gvet\u00e9sekben &#8211; mondta.<br \/>\n    A 2020-as k\u00f6lts\u00e9gvet\u00e9si javaslat \u00e1ltal\u00e1nos vit\u00e1ja p\u00e9nteken fejez\u0151dik be.(MTI)<\/p>\n","protected":false},"excerpt":{"rendered":"<p>Az Orsz\u00e1ggy\u0171l\u00e9sben ma k\u00e9pvisel\u0151i felsz\u00f3lal\u00e1sokkal folytat\u00f3dik a korm\u00e1ny 2020-as k\u00f6lts\u00e9gvet\u00e9si javaslat\u00e1nak \u00e1ltal\u00e1nos vit\u00e1ja.<\/p>\n","protected":false},"author":1,"featured_media":0,"comment_status":"closed","ping_status":"open","sticky":false,"template":"","format":"standard","meta":[],"categories":[19],"tags":[],"_links":{"self":[{"href":"https:\/\/gazdasagportal.hu\/index.php\/wp-json\/wp\/v2\/posts\/116973"}],"collection":[{"href":"https:\/\/gazdasagportal.hu\/index.php\/wp-json\/wp\/v2\/posts"}],"about":[{"href":"https:\/\/gazdasagportal.hu\/index.php\/wp-json\/wp\/v2\/types\/post"}],"author":[{"embeddable":true,"href":"https:\/\/gazdasagportal.hu\/index.php\/wp-json\/wp\/v2\/users\/1"}],"replies":[{"embeddable":true,"href":"https:\/\/gazdasagportal.hu\/index.php\/wp-json\/wp\/v2\/comments?post=116973"}],"version-history":[{"count":1,"href":"https:\/\/gazdasagportal.hu\/index.php\/wp-json\/wp\/v2\/posts\/116973\/revisions"}],"predecessor-version":[{"id":116974,"href":"https:\/\/gazdasagportal.hu\/index.php\/wp-json\/wp\/v2\/posts\/116973\/revisions\/116974"}],"wp:attachment":[{"href":"https:\/\/gazdasagportal.hu\/index.php\/wp-json\/wp\/v2\/media?parent=116973"}],"wp:term":[{"taxonomy":"category","embeddable":true,"href":"https:\/\/gazdasagportal.hu\/index.php\/wp-json\/wp\/v2\/categories?post=116973"},{"taxonomy":"post_tag","embeddable":true,"href":"https:\/\/gazdasagportal.hu\/index.php\/wp-json\/wp\/v2\/tags?post=116973"}],"curies":[{"name":"wp","href":"https:\/\/api.w.org\/{rel}","templated":true}]}}