{"id":116971,"date":"2019-06-20T07:36:12","date_gmt":"2019-06-20T05:36:12","guid":{"rendered":"http:\/\/gazdasagportal.hu\/?p=116971"},"modified":"2019-06-20T07:36:12","modified_gmt":"2019-06-20T05:36:12","slug":"javitotta-a-gki-idei-gazdasagi-varakozasait","status":"publish","type":"post","link":"https:\/\/gazdasagportal.hu\/index.php\/javitotta-a-gki-idei-gazdasagi-varakozasait\/","title":{"rendered":"Jav\u00edtotta a GKI idei gazdas\u00e1gi v\u00e1rakoz\u00e1sait"},"content":{"rendered":"<p><strong>Jelent\u0151sen emelte t\u00f6bb makrogazdas\u00e1gi mutat\u00f3ra vonatkoz\u00f3 el\u0151rejelz\u00e9s\u00e9t a GKI Gazdas\u00e1gkutat\u00f3 m\u00e1rciusi el\u0151rejelz\u00e9s\u00e9hez k\u00e9pest az els\u0151 negyed\u00e9ves robusztus GDP-n\u00f6veked\u00e9s hat\u00e1s\u00e1ra.<\/strong><!--more--><\/p>\n<div class=\"ads-in-post1\"><div id=\"gazdasagportal.hu_fullbanner_wideboard\"><\/div>\r\n<\/div>\n<p>    Az id\u00e9n a beruh\u00e1z\u00e1sok 13 sz\u00e1zal\u00e9kkal b\u0151v\u00fclhetnek a kor\u00e1bban v\u00e1rt  7 sz\u00e1zal\u00e9k helyett, a fogyaszt\u00e1s pedig 4,3 sz\u00e1zal\u00e9kkal b\u0151v\u00fclhet. Az ipar n\u00f6veked\u00e9si \u00fctem\u00e9t 3,0 sz\u00e1zal\u00e9kosr\u00f3l 3,5 sz\u00e1zal\u00e9kra, az \u00e9p\u00edt\u0151ipari n\u00f6veked\u00e9s m\u00e9rt\u00e9k\u00e9t 8-r\u00f3l 17 sz\u00e1zal\u00e9kosra jav\u00edtotta \u00faj progn\u00f3zis\u00e1ban a GKI, a GDP-n\u00f6veked\u00e9si el\u0151rejelz\u00e9st pedig m\u00e1r kor\u00e1bban 3,5 sz\u00e1zal\u00e9kr\u00f3l 4 sz\u00e1zal\u00e9kra emelte.<br \/>\n    Az MTI-nek k\u00fcld\u00f6tt elemz\u00e9s szerint a gazdas\u00e1g t\u00falf\u0171t\u00f6tts\u00e9ge k\u00f6vetkezt\u00e9ben a GKI a kor\u00e1bban gondoltn\u00e1l l\u00e9nyegesen gyorsabb, 3,2 sz\u00e1zal\u00e9k helyett 3,7 sz\u00e1zal\u00e9kos infl\u00e1ci\u00f3ra, \u00e9s a foly\u00f3 fizet\u00e9si \u00e9s t\u0151kem\u00e9rleg l\u00e9nyegesen kisebb akt\u00edvum\u00e1ra &#8211; a GDP 3,2 sz\u00e1zal\u00e9ka helyett csak 1,4 sz\u00e1zal\u00e9k\u00e1ra sz\u00e1m\u00edt.<br \/>\n    A m\u00e1sodik negyed\u00e9vt\u0151l m\u00e1r szinte biztosan elkezd\u0151dik a lassul\u00e1s, els\u0151sorban az EU-transzferek n\u00f6veked\u00e9sgyors\u00edt\u00f3 hat\u00e1s\u00e1nak kifullad\u00e1sa, a l\u00e1tv\u00e1nyosan gyors b\u00e9rki\u00e1raml\u00e1s versenyk\u00e9pess\u00e9gi akad\u00e1lyai, illetve a kivitel b\u0151v\u00edt\u00e9s\u00e9nek keresleti \u00e9s k\u00edn\u00e1lati akad\u00e1lyai k\u00f6vetkezt\u00e9ben.<br \/>\n<div class=\"ads-in-post2\"><script async src=\"https:\/\/pagead2.googlesyndication.com\/pagead\/js\/adsbygoogle.js\"><\/script>\r\n<ins class=\"adsbygoogle\"\r\n     style=\"display:block\"\r\n     data-ad-format=\"fluid\"\r\n     data-ad-layout-key=\"-6t+ed+2i-1n-4w\"\r\n     data-ad-client=\"ca-pub-1959107119989764\"\r\n     data-ad-slot=\"4008251320\"><\/ins>\r\n<script>\r\n     (adsbygoogle = window.adsbygoogle || []).push({});\r\n<\/script><\/div>\n    A GKI elemz\u00e9se szerint a korm\u00e1ny folytatja az \u00e9vente legal\u00e1bb 4 sz\u00e1zal\u00e9kos n\u00f6veked\u00e9st c\u00e9lz\u00f3 gazdas\u00e1gpolitik\u00e1j\u00e1t, amit a versenyk\u00e9pess\u00e9g jav\u00edt\u00e1s\u00e1val k\u00edv\u00e1n megalapozni. &#8222;Mivel az eddig ismertt\u00e9 v\u00e1lt l\u00e9p\u00e9sek k\u00f6z\u00fcl \u00e9ppen a piaci verseny er\u0151s\u00edt\u00e9se &#8211; p\u00e9ld\u00e1ul a gyakran el\u0151re sejthet\u0151 nyertesek \u00e9s vesztesek rendszer\u00e9nek megsz\u00fcntet\u00e9se, a t\u00falcentraliz\u00e1lt, lojalit\u00e1salapon ir\u00e1ny\u00edt\u00f3 \u00e1llam moderniz\u00e1ci\u00f3ja &#8211; hi\u00e1nyzik, s\u0151t ink\u00e1bb mindezen k\u00e1ros jellemz\u0151k kiterjeszt\u00e9se folyik, ennek megval\u00f3sul\u00e1sa val\u00f3sz\u00edn\u0171tlen&#8221; &#8211; \u00edrt\u00e1k. A prociklikus fisk\u00e1lis \u00e9s monet\u00e1ris politik\u00e1t mindink\u00e1bb egy rejtett, nem deklar\u00e1lt, de infl\u00e1ci\u00f3s kock\u00e1zatokkal j\u00e1r\u00f3 gazdas\u00e1gpolitika korrig\u00e1lja, illetve eg\u00e9sz\u00edti ki a GKI szerint.<br \/>\n    Az elemz\u00e9s szerint a magyar korm\u00e1ny \u00e9rdek\u00e9rv\u00e9nyes\u00edt\u0151 k\u00e9pess\u00e9ge az Eur\u00f3pai Uni\u00f3ban &#8211; bele\u00e9rtve ebbe az EU-forr\u00e1sokhoz val\u00f3 j\u00f6v\u0151beni hozz\u00e1f\u00e9r\u00e9st is &#8211; jelent\u0151sen cs\u00f6kkenni l\u00e1tszik. Mindezek alapj\u00e1n a magyar gazdas\u00e1g korm\u00e1ny \u00e1ltal v\u00e1rt 4 sz\u00e1zal\u00e9k k\u00f6r\u00fcli n\u00f6veked\u00e9si p\u00e1ly\u00e1ja hosszabb t\u00e1von nem lesz fenntarthat\u00f3 &#8211; \u00edrt\u00e1k.(MTI)<\/p>\n","protected":false},"excerpt":{"rendered":"<p>Jelent\u0151sen emelte t\u00f6bb makrogazdas\u00e1gi mutat\u00f3ra vonatkoz\u00f3 el\u0151rejelz\u00e9s\u00e9t a GKI Gazdas\u00e1gkutat\u00f3 m\u00e1rciusi el\u0151rejelz\u00e9s\u00e9hez k\u00e9pest az els\u0151 negyed\u00e9ves robusztus GDP-n\u00f6veked\u00e9s hat\u00e1s\u00e1ra.<\/p>\n","protected":false},"author":1,"featured_media":0,"comment_status":"closed","ping_status":"open","sticky":false,"template":"","format":"standard","meta":[],"categories":[19],"tags":[],"_links":{"self":[{"href":"https:\/\/gazdasagportal.hu\/index.php\/wp-json\/wp\/v2\/posts\/116971"}],"collection":[{"href":"https:\/\/gazdasagportal.hu\/index.php\/wp-json\/wp\/v2\/posts"}],"about":[{"href":"https:\/\/gazdasagportal.hu\/index.php\/wp-json\/wp\/v2\/types\/post"}],"author":[{"embeddable":true,"href":"https:\/\/gazdasagportal.hu\/index.php\/wp-json\/wp\/v2\/users\/1"}],"replies":[{"embeddable":true,"href":"https:\/\/gazdasagportal.hu\/index.php\/wp-json\/wp\/v2\/comments?post=116971"}],"version-history":[{"count":1,"href":"https:\/\/gazdasagportal.hu\/index.php\/wp-json\/wp\/v2\/posts\/116971\/revisions"}],"predecessor-version":[{"id":116972,"href":"https:\/\/gazdasagportal.hu\/index.php\/wp-json\/wp\/v2\/posts\/116971\/revisions\/116972"}],"wp:attachment":[{"href":"https:\/\/gazdasagportal.hu\/index.php\/wp-json\/wp\/v2\/media?parent=116971"}],"wp:term":[{"taxonomy":"category","embeddable":true,"href":"https:\/\/gazdasagportal.hu\/index.php\/wp-json\/wp\/v2\/categories?post=116971"},{"taxonomy":"post_tag","embeddable":true,"href":"https:\/\/gazdasagportal.hu\/index.php\/wp-json\/wp\/v2\/tags?post=116971"}],"curies":[{"name":"wp","href":"https:\/\/api.w.org\/{rel}","templated":true}]}}