{"id":116920,"date":"2019-06-18T13:13:06","date_gmt":"2019-06-18T11:13:06","guid":{"rendered":"http:\/\/gazdasagportal.hu\/?p=116920"},"modified":"2019-06-18T13:13:06","modified_gmt":"2019-06-18T11:13:06","slug":"mnb-alelnok-a-magyar-nemzeti-bank-a-magyar-kinai-penzugyi-es-gazdasagi-kapcsolatok-erositesen-dolgozik","status":"publish","type":"post","link":"https:\/\/gazdasagportal.hu\/index.php\/mnb-alelnok-a-magyar-nemzeti-bank-a-magyar-kinai-penzugyi-es-gazdasagi-kapcsolatok-erositesen-dolgozik\/","title":{"rendered":"MNB-aleln\u00f6k: a Magyar Nemzeti Bank a magyar-k\u00ednai p\u00e9nz\u00fcgyi \u00e9s gazdas\u00e1gi kapcsolatok er\u0151s\u00edt\u00e9s\u00e9n dolgozik"},"content":{"rendered":"<p><strong>A Magyar Nemzeti Bank m\u00e1r eddig is sokat tett K\u00edna \u00e9s Magyarorsz\u00e1g kapcsolatainak er\u0151s\u00edt\u00e9s\u00e9\u00e9rt, \u00e9s folyamatosan a magyar-k\u00ednai p\u00e9nz\u00fcgyi \u00e9s gazdas\u00e1gi egy\u00fcttm\u0171k\u00f6d\u00e9s szorosabbra f\u0171z\u00e9s\u00e9n dolgozik &#8211; mondta Patai Mih\u00e1ly, a jegybank aleln\u00f6ke kedden Budapesten azon a rendezv\u00e9nyen, amelyet a magyar-k\u00ednai diplom\u00e1ciai kapcsolatok felv\u00e9tel\u00e9nek 70. \u00e9vfordul\u00f3ja alkalm\u00e1b\u00f3l tartottak.<\/strong><!--more--><\/p>\n<div class=\"ads-in-post1\"><div id=\"gazdasagportal.hu_fullbanner_wideboard\"><\/div>\r\n<\/div>\n<p>    Ezt szolg\u00e1lta az is, hogy Magyarorsz\u00e1g K\u00edn\u00e1ban renminbiben k\u00f6tv\u00e9nyt bocs\u00e1tott ki, \u00e9s er\u0151s\u00edtik a k\u00e9t orsz\u00e1g tudom\u00e1nyos kapcsolatait is &#8211; f\u0171zte hozz\u00e1 az MNB aleln\u00f6ke.<br \/>\n    Magyar Levente, a K\u00fclgazdas\u00e1gi \u00e9s K\u00fcl\u00fcgyminiszt\u00e9rium parlamenti \u00e1llamtitk\u00e1ra r\u00e1mutatott: 70 \u00e9vvel ezel\u0151tt a k\u00e9t orsz\u00e1g kapcsolat\u00e1t els\u0151sorban a k\u00f6z\u00f6s ideol\u00f3gia hat\u00e1rozta meg, napjainkban az ideol\u00f3gia helyett a gazdas\u00e1gi, p\u00e9nz\u00fcgyi \u00e9rdekek \u00e9s \u00e9rt\u00e9kek alapozz\u00e1k meg a partneri kapcsolatokat.<br \/>\n    Csu Jung-lej, a K\u00ednai Kommunista P\u00e1rt Sanghaj \u00f6nkorm\u00e1nyzati bizotts\u00e1g\u00e1nak f\u0151titk\u00e1rhelyettese arr\u00f3l sz\u00f3lt, hogy K\u00edna er\u0151teljesen fejleszti nemzetk\u00f6zi kapcsolatait, egy\u00fcttm\u0171k\u00f6d\u00e9s\u00e9t az Egy \u00fat &#8211; egy \u00f6vezet strat\u00e9giai elk\u00e9pzel\u00e9s alapj\u00e1n, ez egybeesik a magyar korm\u00e1ny keleti nyit\u00e1s politik\u00e1j\u00e1val.<br \/>\n<div class=\"ads-in-post2\"><script async src=\"https:\/\/pagead2.googlesyndication.com\/pagead\/js\/adsbygoogle.js\"><\/script>\r\n<ins class=\"adsbygoogle\"\r\n     style=\"display:block\"\r\n     data-ad-format=\"fluid\"\r\n     data-ad-layout-key=\"-6t+ed+2i-1n-4w\"\r\n     data-ad-client=\"ca-pub-1959107119989764\"\r\n     data-ad-slot=\"4008251320\"><\/ins>\r\n<script>\r\n     (adsbygoogle = window.adsbygoogle || []).push({});\r\n<\/script><\/div>\n    Jelezte: Sanghaj K\u00edna egyik legfontosabb p\u00e9nz\u00fcgyi \u00e9s gazdas\u00e1gi k\u00f6zpontja, a k\u00ednai nagyv\u00e1rosban id\u00e9n novemberben ism\u00e9t megtartj\u00e1k a tavaly el\u0151sz\u00f6r megrendezett Sanghaji nemzetk\u00f6zi exp\u00f3t, melyre a magyar ki\u00e1ll\u00edt\u00f3kat, keresked\u0151ket is v\u00e1rj\u00e1k. A gazdas\u00e1gi-kereskedelmi kapcsolatok fejleszt\u00e9s\u00e9t seg\u00edti az is, hogy a k\u00f6zelm\u00faltban elindult a Sanghaj \u00e9s Budapest k\u00f6z\u00f6tti k\u00f6zvetlen l\u00e9gi j\u00e1rat.(MTI)<\/p>\n","protected":false},"excerpt":{"rendered":"<p>A Magyar Nemzeti Bank m\u00e1r eddig is sokat tett K\u00edna \u00e9s Magyarorsz\u00e1g kapcsolatainak er\u0151s\u00edt\u00e9s\u00e9\u00e9rt, \u00e9s folyamatosan a magyar-k\u00ednai p\u00e9nz\u00fcgyi \u00e9s gazdas\u00e1gi egy\u00fcttm\u0171k\u00f6d\u00e9s szorosabbra f\u0171z\u00e9s\u00e9n dolgozik &#8211; mondta Patai Mih\u00e1ly, a jegybank aleln\u00f6ke kedden Budapesten azon a rendezv\u00e9nyen, amelyet a magyar-k\u00ednai diplom\u00e1ciai kapcsolatok felv\u00e9tel\u00e9nek 70. \u00e9vfordul\u00f3ja alkalm\u00e1b\u00f3l tartottak.<\/p>\n","protected":false},"author":1,"featured_media":0,"comment_status":"closed","ping_status":"open","sticky":false,"template":"","format":"standard","meta":[],"categories":[19],"tags":[],"_links":{"self":[{"href":"https:\/\/gazdasagportal.hu\/index.php\/wp-json\/wp\/v2\/posts\/116920"}],"collection":[{"href":"https:\/\/gazdasagportal.hu\/index.php\/wp-json\/wp\/v2\/posts"}],"about":[{"href":"https:\/\/gazdasagportal.hu\/index.php\/wp-json\/wp\/v2\/types\/post"}],"author":[{"embeddable":true,"href":"https:\/\/gazdasagportal.hu\/index.php\/wp-json\/wp\/v2\/users\/1"}],"replies":[{"embeddable":true,"href":"https:\/\/gazdasagportal.hu\/index.php\/wp-json\/wp\/v2\/comments?post=116920"}],"version-history":[{"count":1,"href":"https:\/\/gazdasagportal.hu\/index.php\/wp-json\/wp\/v2\/posts\/116920\/revisions"}],"predecessor-version":[{"id":116921,"href":"https:\/\/gazdasagportal.hu\/index.php\/wp-json\/wp\/v2\/posts\/116920\/revisions\/116921"}],"wp:attachment":[{"href":"https:\/\/gazdasagportal.hu\/index.php\/wp-json\/wp\/v2\/media?parent=116920"}],"wp:term":[{"taxonomy":"category","embeddable":true,"href":"https:\/\/gazdasagportal.hu\/index.php\/wp-json\/wp\/v2\/categories?post=116920"},{"taxonomy":"post_tag","embeddable":true,"href":"https:\/\/gazdasagportal.hu\/index.php\/wp-json\/wp\/v2\/tags?post=116920"}],"curies":[{"name":"wp","href":"https:\/\/api.w.org\/{rel}","templated":true}]}}