{"id":116916,"date":"2019-06-18T11:44:35","date_gmt":"2019-06-18T09:44:35","guid":{"rendered":"http:\/\/gazdasagportal.hu\/?p=116916"},"modified":"2019-06-18T11:44:35","modified_gmt":"2019-06-18T09:44:35","slug":"a-penzugyminiszterium-36-milliard-forinttal-tamogatja-az-idei-diakmunka-programot","status":"publish","type":"post","link":"https:\/\/gazdasagportal.hu\/index.php\/a-penzugyminiszterium-36-milliard-forinttal-tamogatja-az-idei-diakmunka-programot\/","title":{"rendered":"A P\u00e9nz\u00fcgyminiszt\u00e9rium 3,6 milli\u00e1rd forinttal t\u00e1mogatja az idei di\u00e1kmunka programot"},"content":{"rendered":"<p><strong>A P\u00e9nz\u00fcgyminiszt\u00e9rium az id\u00e9n 3,6 milli\u00e1rd forintos keretet biztos\u00edt a j\u00falius 1. \u00e9s augusztus 30. k\u00f6z\u00f6tti di\u00e1kmunka programra, amelyben sz\u00e1m\u00edt\u00e1suk szerint mintegy 30 ezer di\u00e1k vesz r\u00e9szt a tavalyi 29 ezerrel szemben &#8211; mondta Marczink\u00f3 Zolt\u00e1n, a P\u00e9nz\u00fcgyminiszt\u00e9rium (PM) munkaer\u0151piac\u00e9rt \u00e9s v\u00e1llalati kapcsolatok\u00e9rt felel\u0151s helyettes \u00e1llamtitk\u00e1ra kedden az M1 aktu\u00e1lis csatorn\u00e1n.<\/strong><!--more--><\/p>\n<div class=\"ads-in-post1\"><div id=\"gazdasagportal.hu_fullbanner_wideboard\"><\/div>\r\n<\/div>\n<p>    Kifejtette: a programban a di\u00e1kok foglalkoztat\u00e1s\u00e1t t\u00e1mogatj\u00e1k az \u00f6nkorm\u00e1nyzatokn\u00e1l, illetve a versenyszf\u00e9r\u00e1ban, jelentkezni a korm\u00e1nyhivatalok foglalkoztat\u00e1si oszt\u00e1lyain lehet.<br \/>\n    A helyettes \u00e1llamtitk\u00e1r r\u00e9szletezte, a programban az \u00e1llam az \u00f6nkorm\u00e1nyzatokn\u00e1l 6 \u00f3r\u00e1s di\u00e1kfoglalkoztat\u00e1st t\u00e1mogat a minim\u00e1lb\u00e9r, illetve a garant\u00e1lt b\u00e9rminimum \u00e9s j\u00e1rul\u00e9kai m\u00e9rt\u00e9k\u00e9ig. Az \u00fczleti c\u00e9llal foglalkoztat\u00f3 versenyszf\u00e9r\u00e1ban ar\u00e1nyos\u00edtanak, a munk\u00e1ltat\u00f3nak is hozz\u00e1 kell j\u00e1rulnia a di\u00e1kfoglalkoztat\u00e1shoz. P\u00e9ldak\u00e9nt eml\u00edtette, hogy 8 \u00f3r\u00e1s munkaid\u0151 eset\u00e9n az \u00e1llam 6 \u00f3r\u00e1s foglalkoztat\u00e1st \u00e1ll a minim\u00e1lb\u00e9r \u00e9s a garant\u00e1lt b\u00e9rminimum \u00e9s j\u00e1rul\u00e9kai m\u00e9rt\u00e9k\u00e9ig, a munk\u00e1ltat\u00f3nak a 2 \u00f3r\u00e1t kell hozz\u00e1tennie.<br \/>\n<div class=\"ads-in-post2\"><script async src=\"https:\/\/pagead2.googlesyndication.com\/pagead\/js\/adsbygoogle.js\"><\/script>\r\n<ins class=\"adsbygoogle\"\r\n     style=\"display:block\"\r\n     data-ad-format=\"fluid\"\r\n     data-ad-layout-key=\"-6t+ed+2i-1n-4w\"\r\n     data-ad-client=\"ca-pub-1959107119989764\"\r\n     data-ad-slot=\"4008251320\"><\/ins>\r\n<script>\r\n     (adsbygoogle = window.adsbygoogle || []).push({});\r\n<\/script><\/div>\n    Marczink\u00f3 Zolt\u00e1n \u00fagy \u00e9rt\u00e9kelte, a di\u00e1kmunka programok eddigi tapasztalatai azt mutatj\u00e1k, hogy a di\u00e1kok alkalmaz\u00e1s\u00e1val biztos\u00edtani lehet a szezonalit\u00e1s miatt jelentkez\u0151 t\u00f6bblet munkaer\u0151 ig\u00e9nyt, valamint hozz\u00e1j\u00e1rul a munkahelyi szocializ\u00e1ci\u00f3 miel\u0151bbi elsaj\u00e1t\u00edt\u00e1s\u00e1hoz.(MTI)<\/p>\n","protected":false},"excerpt":{"rendered":"<p>A P\u00e9nz\u00fcgyminiszt\u00e9rium az id\u00e9n 3,6 milli\u00e1rd forintos keretet biztos\u00edt a j\u00falius 1. \u00e9s augusztus 30. k\u00f6z\u00f6tti di\u00e1kmunka programra, amelyben sz\u00e1m\u00edt\u00e1suk szerint mintegy 30 ezer di\u00e1k vesz r\u00e9szt a tavalyi 29 ezerrel szemben &#8211; mondta Marczink\u00f3 Zolt\u00e1n, a P\u00e9nz\u00fcgyminiszt\u00e9rium (PM) munkaer\u0151piac\u00e9rt \u00e9s v\u00e1llalati kapcsolatok\u00e9rt felel\u0151s helyettes \u00e1llamtitk\u00e1ra kedden az M1 aktu\u00e1lis csatorn\u00e1n.<\/p>\n","protected":false},"author":1,"featured_media":0,"comment_status":"closed","ping_status":"open","sticky":false,"template":"","format":"standard","meta":[],"categories":[19],"tags":[],"_links":{"self":[{"href":"https:\/\/gazdasagportal.hu\/index.php\/wp-json\/wp\/v2\/posts\/116916"}],"collection":[{"href":"https:\/\/gazdasagportal.hu\/index.php\/wp-json\/wp\/v2\/posts"}],"about":[{"href":"https:\/\/gazdasagportal.hu\/index.php\/wp-json\/wp\/v2\/types\/post"}],"author":[{"embeddable":true,"href":"https:\/\/gazdasagportal.hu\/index.php\/wp-json\/wp\/v2\/users\/1"}],"replies":[{"embeddable":true,"href":"https:\/\/gazdasagportal.hu\/index.php\/wp-json\/wp\/v2\/comments?post=116916"}],"version-history":[{"count":1,"href":"https:\/\/gazdasagportal.hu\/index.php\/wp-json\/wp\/v2\/posts\/116916\/revisions"}],"predecessor-version":[{"id":116917,"href":"https:\/\/gazdasagportal.hu\/index.php\/wp-json\/wp\/v2\/posts\/116916\/revisions\/116917"}],"wp:attachment":[{"href":"https:\/\/gazdasagportal.hu\/index.php\/wp-json\/wp\/v2\/media?parent=116916"}],"wp:term":[{"taxonomy":"category","embeddable":true,"href":"https:\/\/gazdasagportal.hu\/index.php\/wp-json\/wp\/v2\/categories?post=116916"},{"taxonomy":"post_tag","embeddable":true,"href":"https:\/\/gazdasagportal.hu\/index.php\/wp-json\/wp\/v2\/tags?post=116916"}],"curies":[{"name":"wp","href":"https:\/\/api.w.org\/{rel}","templated":true}]}}