{"id":116899,"date":"2019-06-17T18:36:31","date_gmt":"2019-06-17T16:36:31","guid":{"rendered":"http:\/\/gazdasagportal.hu\/?p=116899"},"modified":"2019-06-17T17:27:31","modified_gmt":"2019-06-17T15:27:31","slug":"boviti-strategiai-egyuttmukodeset-debrecen-es-a-wizz-air-legitarsasag","status":"publish","type":"post","link":"https:\/\/gazdasagportal.hu\/index.php\/boviti-strategiai-egyuttmukodeset-debrecen-es-a-wizz-air-legitarsasag\/","title":{"rendered":"B\u0151v\u00edti strat\u00e9giai egy\u00fcttm\u0171k\u00f6d\u00e9s\u00e9t Debrecen \u00e9s a Wizz Air l\u00e9git\u00e1rsas\u00e1g"},"content":{"rendered":"<p><strong>B\u0151v\u00edti strat\u00e9giai egy\u00fcttm\u0171k\u00f6d\u00e9s\u00e9t Debrecen v\u00e1ros \u00e9s a Wizz Air l\u00e9git\u00e1rsas\u00e1g; egyebek mellett \u00faj fut\u00f3p\u00e1ly\u00e1t \u00e9p\u00edtenek \u00e9s b\u0151v\u00edtik a rept\u00e9r kapacit\u00e1s\u00e1t is a n\u00f6vekv\u0151 forgalom kiszolg\u00e1l\u00e1sa \u00e9rdek\u00e9ben &#8211; jelentette be a v\u00e1ros \u00e9s a c\u00e9g vezet\u0151je h\u00e9tf\u0151n a helyi v\u00e1rosh\u00e1z\u00e1n.<\/strong><!--more--><\/p>\n<div class=\"ads-in-post1\"><div id=\"gazdasagportal.hu_fullbanner_wideboard\"><\/div>\r\n<\/div>\n<p>    Papp L\u00e1szl\u00f3 (Fidesz-KDNP) polg\u00e1rmester eml\u00e9kezetett r\u00e1, hogy 2012-ben indult el az els\u0151 Debrecen-London menetrend szerinti Wizz-j\u00e1rat, az\u00f3ta m\u00e1r k\u00e9t b\u00e1zisg\u00e9p is \u00fczemel a debreceni nemzetk\u00f6zi rep\u00fcl\u0151t\u00e9ren.<br \/>\n    Az idei, v\u00e1rhat\u00f3an 600 ezres utassz\u00e1m kiszolg\u00e1l\u00e1sa \u00e9rdek\u00e9ben jelent\u0151sen b\u0151v\u00edtett\u00e9k a kapacit\u00e1st az utasbiztons\u00e1gi z\u00f3n\u00e1ban, az \u00e1tereszt\u0151k\u00e9pess\u00e9g n\u00f6vel\u00e9se \u00e9rdek\u00e9ben k\u00e9t \u00faj biztons\u00e1gi kapu pr\u00f3ba\u00fczeme kezd\u0151d\u00f6tt meg, k\u00e9t \u00faj utasbesz\u00e1ll\u00edt\u00f3 kaput is kialak\u00edtottak, n\u00f6velik a parkol\u00f3kapacit\u00e1st, a b\u00fcf\u00e9 \u00e9s a shop ter\u00fclet\u00e9t, illetve b\u0151v\u00edtik a transzferszolg\u00e1ltat\u00e1st &#8211; sorolta a polg\u00e1rmester.<br \/>\n<div class=\"ads-in-post2\"><script async src=\"https:\/\/pagead2.googlesyndication.com\/pagead\/js\/adsbygoogle.js\"><\/script>\r\n<ins class=\"adsbygoogle\"\r\n     style=\"display:block\"\r\n     data-ad-format=\"fluid\"\r\n     data-ad-layout-key=\"-6t+ed+2i-1n-4w\"\r\n     data-ad-client=\"ca-pub-1959107119989764\"\r\n     data-ad-slot=\"4008251320\"><\/ins>\r\n<script>\r\n     (adsbygoogle = window.adsbygoogle || []).push({});\r\n<\/script><\/div>\n    Kor\u00e1bbi k\u00f6zl\u00e9s szerint Debrecenb\u0151l 2018-ban 353 ezer utas vette ig\u00e9nybe a Wizz Air szolg\u00e1ltat\u00e1sait.<br \/>\n    Papp L\u00e1szl\u00f3 bejelentette: a jelenlegi fut\u00f3p\u00e1lya melletti haszn\u00e1laton k\u00edv\u00fcli betoncs\u00edkot elbontj\u00e1k, \u00e9s a hely\u00e9n egy teljesen \u00faj, 45 m\u00e9ter sz\u00e9les fut\u00f3p\u00e1ly\u00e1t \u00e9p\u00edtenek korszer\u0171, ILS 3 m\u0171szeres lesz\u00e1ll\u00edt\u00f3 rendszerrel.<br \/>\n    A Wizz Air vez\u00e9rigazgat\u00f3ja hozz\u00e1tette: az \u00faj fut\u00f3p\u00e1lya meg\u00e9p\u00edt\u00e9se a j\u00e1ratsz\u00e1mok, az \u00fati c\u00e9lok sz\u00e1m\u00e1nak n\u00f6vel\u00e9se mellett lehet\u0151v\u00e9 teszi az egy\u00fcttm\u0171k\u00f6d\u00e9s b\u0151v\u00edt\u00e9s\u00e9t m\u00e1s ter\u00fcleteken is.<br \/>\n     V\u00e1radi J\u00f3zsef p\u00e9ldak\u00e9nt a rep\u00fcl\u0151karbantart\u00e1s Debrecenbe helyez\u00e9s\u00e9t, illetve a debreceni b\u00e1zis\u00fa pil\u00f3ta- \u00e9s rep\u00fcl\u0151g\u00e9pm\u00e9rn\u00f6k-k\u00e9pz\u00e9s beind\u00edt\u00e1s\u00e1t eml\u00edtette.<br \/>\n    Bejelentette azt is: a Wizz Air november 19-\u00e9n Debrecenb\u0151l is ind\u00edt szurkol\u00f3i j\u00e1ratot a magyar labdar\u00fag\u00f3 v\u00e1logatott walesi m\u00e9rk\u0151z\u00e9s\u00e9re.(MTI)<\/p>\n","protected":false},"excerpt":{"rendered":"<p>B\u0151v\u00edti strat\u00e9giai egy\u00fcttm\u0171k\u00f6d\u00e9s\u00e9t Debrecen v\u00e1ros \u00e9s a Wizz Air l\u00e9git\u00e1rsas\u00e1g; egyebek mellett \u00faj fut\u00f3p\u00e1ly\u00e1t \u00e9p\u00edtenek \u00e9s b\u0151v\u00edtik a rept\u00e9r kapacit\u00e1s\u00e1t is a n\u00f6vekv\u0151 forgalom kiszolg\u00e1l\u00e1sa \u00e9rdek\u00e9ben &#8211; jelentette be a v\u00e1ros \u00e9s a c\u00e9g vezet\u0151je h\u00e9tf\u0151n a helyi v\u00e1rosh\u00e1z\u00e1n.<\/p>\n","protected":false},"author":1,"featured_media":0,"comment_status":"closed","ping_status":"open","sticky":false,"template":"","format":"standard","meta":[],"categories":[19],"tags":[],"_links":{"self":[{"href":"https:\/\/gazdasagportal.hu\/index.php\/wp-json\/wp\/v2\/posts\/116899"}],"collection":[{"href":"https:\/\/gazdasagportal.hu\/index.php\/wp-json\/wp\/v2\/posts"}],"about":[{"href":"https:\/\/gazdasagportal.hu\/index.php\/wp-json\/wp\/v2\/types\/post"}],"author":[{"embeddable":true,"href":"https:\/\/gazdasagportal.hu\/index.php\/wp-json\/wp\/v2\/users\/1"}],"replies":[{"embeddable":true,"href":"https:\/\/gazdasagportal.hu\/index.php\/wp-json\/wp\/v2\/comments?post=116899"}],"version-history":[{"count":1,"href":"https:\/\/gazdasagportal.hu\/index.php\/wp-json\/wp\/v2\/posts\/116899\/revisions"}],"predecessor-version":[{"id":116900,"href":"https:\/\/gazdasagportal.hu\/index.php\/wp-json\/wp\/v2\/posts\/116899\/revisions\/116900"}],"wp:attachment":[{"href":"https:\/\/gazdasagportal.hu\/index.php\/wp-json\/wp\/v2\/media?parent=116899"}],"wp:term":[{"taxonomy":"category","embeddable":true,"href":"https:\/\/gazdasagportal.hu\/index.php\/wp-json\/wp\/v2\/categories?post=116899"},{"taxonomy":"post_tag","embeddable":true,"href":"https:\/\/gazdasagportal.hu\/index.php\/wp-json\/wp\/v2\/tags?post=116899"}],"curies":[{"name":"wp","href":"https:\/\/api.w.org\/{rel}","templated":true}]}}