{"id":116895,"date":"2019-06-17T17:09:07","date_gmt":"2019-06-17T15:09:07","guid":{"rendered":"http:\/\/gazdasagportal.hu\/?p=116895"},"modified":"2019-06-17T17:09:07","modified_gmt":"2019-06-17T15:09:07","slug":"kreml-fennall-a-kiberhaboru-lehetosege-az-egyesult-allamok-es-oroszorszag-kozott","status":"publish","type":"post","link":"https:\/\/gazdasagportal.hu\/index.php\/kreml-fennall-a-kiberhaboru-lehetosege-az-egyesult-allamok-es-oroszorszag-kozott\/","title":{"rendered":"Kreml: fenn\u00e1ll a kiberh\u00e1bor\u00fa lehet\u0151s\u00e9ge az Egyes\u00fclt \u00c1llamok \u00e9s Oroszorsz\u00e1g k\u00f6z\u00f6tt"},"content":{"rendered":"<p><strong>Elm\u00e9letileg fenn\u00e1ll a kiberh\u00e1bor\u00fa lehet\u0151s\u00e9ge az Egyes\u00fclt \u00c1llamok \u00e9s Oroszorsz\u00e1g k\u00f6z\u00f6tt &#8211; jelentette ki h\u00e9tf\u0151n Dmitrij Peszkov, a Kreml sz\u00f3viv\u0151je arra a The New York Times c\u00edm\u0171 amerikai napilapban k\u00e9t napja k\u00f6z\u00f6lt \u00e9rtes\u00fcl\u00e9s\u00e9re reag\u00e1lva, amely szerint legk\u00e9s\u0151bb 2012 \u00f3ta fel\u00e9l\u00e9nk\u00fclt az amerikai szakszolg\u00e1latok azon t\u00f6rekv\u00e9se, hogy v\u00edrust juttassanak be az orosz energiarendszerbe.<\/strong><!--more--><\/p>\n<div class=\"ads-in-post1\"><div id=\"gazdasagportal.hu_fullbanner_wideboard\"><\/div>\r\n<\/div>\n<p>    Donald Trumpamerikai eln\u00f6k a h\u00edrt val\u00f3tlannak min\u0151s\u00edtette, \u00e9s egy\u00fattal &#8222;virtu\u00e1lis haza\u00e1rul\u00e1ssal&#8221; v\u00e1dolta meg a lap szerkeszt\u0151s\u00e9g\u00e9t, amely v\u00e1laszul azt \u00e1ll\u00edtotta, hogy a korm\u00e1nyzat illet\u00e9kesei a k\u00f6zl\u00e9s el\u0151tt l\u00e1tt\u00e1k a sajt\u00f3ba ker\u00fcl\u0151 anyagot.<br \/>\n    Peszkov eml\u00e9keztetett Trump &#8222;kategorikus c\u00e1folat\u00e1ra&#8221;, de hozz\u00e1tette: &#8222;Felt\u00e9ve, hogy valamif\u00e9le \u00e1llami szolg\u00e1latok foglalkoznak ezzel, nem t\u00e1j\u00e9koztatva err\u0151l az \u00e1llamf\u0151t, akkor ez az inform\u00e1ci\u00f3 k\u00e9ts\u00e9gtelen\u00fcl (&#8230;) az Oroszorsz\u00e1ggal szembeni kiberh\u00e1bor\u00fas l\u00e9p\u00e9sek \u00f6sszes ism\u00e9rv\u00e9nek elm\u00e9leti megl\u00e9t\u00e9r\u0151l tan\u00faskodik&#8221;.<br \/>\n    A sz\u00f3viv\u0151 eml\u00e9keztetett r\u00e1, hogy Vlagyimir Putyin orosz eln\u00f6k t\u00f6bb alkalommal is nemzetk\u00f6zi \u00f6sszefog\u00e1st s\u00fcrgetett a kiberb\u0171n\u00f6z\u00e9s ellen. Sajn\u00e1lkoz\u00e1s\u00e1t fejezte ki amiatt, hogy ezekre a javaslatokra amerikai r\u00e9szr\u0151l sose reag\u00e1ltak. Peszkov szerint az orosz gazdas\u00e1g t\u00f6bb strat\u00e9giai ter\u00fclet\u00e9t \u00e9rt\u00e9k m\u00e1r k\u00fclf\u00f6ldr\u0151l ind\u00edtott kibert\u00e1mad\u00e1sok, ezek ellen az illet\u00e9kes szolg\u00e1latok felvett\u00e9k a k\u00fczdelmet.<br \/>\n<div class=\"ads-in-post2\"><script async src=\"https:\/\/pagead2.googlesyndication.com\/pagead\/js\/adsbygoogle.js\"><\/script>\r\n<ins class=\"adsbygoogle\"\r\n     style=\"display:block\"\r\n     data-ad-format=\"fluid\"\r\n     data-ad-layout-key=\"-6t+ed+2i-1n-4w\"\r\n     data-ad-client=\"ca-pub-1959107119989764\"\r\n     data-ad-slot=\"4008251320\"><\/ins>\r\n<script>\r\n     (adsbygoogle = window.adsbygoogle || []).push({});\r\n<\/script><\/div>\n    Mint mondta, amerikai r\u00e9szr\u0151l mindeddig nem \u00e9rkezett arra vonatkoz\u00f3 javaslat, hogy Putyin \u00e9s Trump k\u00fcl\u00f6n is megbesz\u00e9l\u00e9st folytasson a G20-csoport j\u00fanius v\u00e9g\u00e9n Oszak\u00e1ban tartand\u00f3 cs\u00facstal\u00e1lkoz\u00f3j\u00e1n. Peszkov ugyanakkor nem z\u00e1rta ki annak lehet\u0151s\u00e9g\u00e9t, hogy a k\u00e9t vezet\u0151 a cs\u00facstal\u00e1lkoz\u00f3 alkalm\u00e1val ha nem is \u00fcl t\u00e1rgyal\u00f3asztalhoz, de sz\u00f3t v\u00e1lt egym\u00e1ssal.<br \/>\n    Nem k\u00edv\u00e1nta komment\u00e1lni a The Guardian brit lapnak azt a h\u00e9tf\u0151n publik\u00e1lt \u00e9rtes\u00fcl\u00e9s\u00e9t, amely szerint Theresa May t\u00e1voz\u00f3 brit minisztereln\u00f6k Oszak\u00e1ban tal\u00e1lkozni k\u00edv\u00e1n Putyinnal \u00e9s fel akarja &#8222;olvasztani&#8221; a k\u00e9t orsz\u00e1g k\u00f6z\u00f6tti fagyos viszonyt. Peszkov szerint ezzel kapcsolatban az orosz eln\u00f6ki hivatalhoz semmilyen konkr\u00e9t \u00e9rtes\u00edt\u00e9s nem \u00e9rkezett. Eml\u00e9keztetett r\u00e1, hogy Putyin brit \u00fczletembereket fogadva arr\u00f3l besz\u00e9lt, hogy a kapcsolatok jelenlegi &#8222;abszurd&#8221; helyzete nem haszn\u00e1l egyik f\u00e9l gazdas\u00e1gi \u00e9rdekeinek sem.(MTI)<\/p>\n","protected":false},"excerpt":{"rendered":"<p>Elm\u00e9letileg fenn\u00e1ll a kiberh\u00e1bor\u00fa lehet\u0151s\u00e9ge az Egyes\u00fclt \u00c1llamok \u00e9s Oroszorsz\u00e1g k\u00f6z\u00f6tt &#8211; jelentette ki h\u00e9tf\u0151n Dmitrij Peszkov, a Kreml sz\u00f3viv\u0151je arra a The New York Times c\u00edm\u0171 amerikai napilapban k\u00e9t napja k\u00f6z\u00f6lt \u00e9rtes\u00fcl\u00e9s\u00e9re reag\u00e1lva, amely szerint legk\u00e9s\u0151bb 2012 \u00f3ta fel\u00e9l\u00e9nk\u00fclt az amerikai szakszolg\u00e1latok azon t\u00f6rekv\u00e9se, hogy v\u00edrust juttassanak be az orosz energiarendszerbe.<\/p>\n","protected":false},"author":1,"featured_media":0,"comment_status":"closed","ping_status":"open","sticky":false,"template":"","format":"standard","meta":[],"categories":[12,246],"tags":[],"_links":{"self":[{"href":"https:\/\/gazdasagportal.hu\/index.php\/wp-json\/wp\/v2\/posts\/116895"}],"collection":[{"href":"https:\/\/gazdasagportal.hu\/index.php\/wp-json\/wp\/v2\/posts"}],"about":[{"href":"https:\/\/gazdasagportal.hu\/index.php\/wp-json\/wp\/v2\/types\/post"}],"author":[{"embeddable":true,"href":"https:\/\/gazdasagportal.hu\/index.php\/wp-json\/wp\/v2\/users\/1"}],"replies":[{"embeddable":true,"href":"https:\/\/gazdasagportal.hu\/index.php\/wp-json\/wp\/v2\/comments?post=116895"}],"version-history":[{"count":1,"href":"https:\/\/gazdasagportal.hu\/index.php\/wp-json\/wp\/v2\/posts\/116895\/revisions"}],"predecessor-version":[{"id":116896,"href":"https:\/\/gazdasagportal.hu\/index.php\/wp-json\/wp\/v2\/posts\/116895\/revisions\/116896"}],"wp:attachment":[{"href":"https:\/\/gazdasagportal.hu\/index.php\/wp-json\/wp\/v2\/media?parent=116895"}],"wp:term":[{"taxonomy":"category","embeddable":true,"href":"https:\/\/gazdasagportal.hu\/index.php\/wp-json\/wp\/v2\/categories?post=116895"},{"taxonomy":"post_tag","embeddable":true,"href":"https:\/\/gazdasagportal.hu\/index.php\/wp-json\/wp\/v2\/tags?post=116895"}],"curies":[{"name":"wp","href":"https:\/\/api.w.org\/{rel}","templated":true}]}}