{"id":116893,"date":"2019-06-17T16:30:31","date_gmt":"2019-06-17T14:30:31","guid":{"rendered":"http:\/\/gazdasagportal.hu\/?p=116893"},"modified":"2019-06-17T16:30:31","modified_gmt":"2019-06-17T14:30:31","slug":"a-tavfutes-korszerusitesere-jelent-meg-kiiras-az-otthon-melege-program-kereteben","status":"publish","type":"post","link":"https:\/\/gazdasagportal.hu\/index.php\/a-tavfutes-korszerusitesere-jelent-meg-kiiras-az-otthon-melege-program-kereteben\/","title":{"rendered":"A t\u00e1vf\u0171t\u00e9s korszer\u0171s\u00edt\u00e9s\u00e9re jelent meg ki\u00edr\u00e1s az Otthon melege program keret\u00e9ben"},"content":{"rendered":"<p><strong>T\u00e1vf\u0171t\u00e9ses \u00e9p\u00fcletekben l\u00e9v\u0151 lak\u00e1sok f\u0171t\u00e9s\u00e9nek szab\u00e1lyoz\u00e1s\u00e1ra, illetve korszer\u0171s\u00edt\u00e9s\u00e9re jelent meg h\u00e9tf\u0151n ki\u00edr\u00e1s az Otthon melege program keret\u00e9ben, a 2 milli\u00e1rd forintos t\u00e1mogat\u00e1si keretre lak\u00e1ssz\u00f6vetkezetek \u00e9s t\u00e1rsash\u00e1zak ny\u00fajthatnak be p\u00e1ly\u00e1zatot szeptember 24 \u00e9s 2020 m\u00e1rcius 31 k\u00f6z\u00f6tt &#8211; jelentette be Kaderj\u00e1k P\u00e9ter, az Innov\u00e1ci\u00f3s \u00e9s Technol\u00f3giai Miniszt\u00e9rium (ITM) energia\u00fcgyek\u00e9rt \u00e9s kl\u00edmapolitik\u00e1\u00e9rt felel\u0151s \u00e1llamtitk\u00e1ra h\u00e9tf\u0151n Budapesten. <\/strong><!--more--><\/p>\n<div class=\"ads-in-post2\"><script async src=\"https:\/\/pagead2.googlesyndication.com\/pagead\/js\/adsbygoogle.js\"><\/script>\r\n<ins class=\"adsbygoogle\"\r\n     style=\"display:block\"\r\n     data-ad-format=\"fluid\"\r\n     data-ad-layout-key=\"-6t+ed+2i-1n-4w\"\r\n     data-ad-client=\"ca-pub-1959107119989764\"\r\n     data-ad-slot=\"4008251320\"><\/ins>\r\n<script>\r\n     (adsbygoogle = window.adsbygoogle || []).push({});\r\n<\/script><\/div>\n<p>    Magyarorsz\u00e1gon m\u00e9g mindig van k\u00f6r\u00fclbel\u00fcl 200 ezer olyan t\u00e1vf\u0171t\u00e9ses lak\u00e1s, ahol a f\u0171t\u00e9s egyedileg nem szab\u00e1lyozhat\u00f3, ami az egyik legpazarl\u00f3bb megold\u00e1s &#8211; mondta.<br \/>\n    Az Otthon melege program alprogramj\u00e1nak keret\u00e9ben okos k\u00f6lts\u00e9gmegoszt\u00e1s alkalmaz\u00e1s\u00e1ra \u00e9s radi\u00e1torok cser\u00e9j\u00e9re van lehet\u0151s\u00e9g. A vissza nem t\u00e9r\u00edtend\u0151 t\u00e1mogat\u00e1s m\u00e9rt\u00e9ke az elsz\u00e1molhat\u00f3 k\u00f6lts\u00e9gek 10-50 sz\u00e1zal\u00e9ka lehet, lak\u00e1sonk\u00e9nt maximum 350 ezer, p\u00e1ly\u00e1zatonk\u00e9nt maximum 75 milli\u00f3 forint &#8211; ismertette Kaderj\u00e1k P\u00e9ter.<br \/>\n    Weingartner Bal\u00e1zs, az ITM fenntarthat\u00f3s\u00e1g\u00e9rt felel\u0151s \u00e1llamtitk\u00e1ra hangs\u00falyozta: az Otthon melege program c\u00e9lja a mag\u00e1ntulajdonban l\u00e9v\u0151 lak\u00f3\u00e9p\u00fcletek \u00e9s h\u00e1ztart\u00e1sok energetikai korszer\u0171s\u00edt\u00e9s\u00e9nek \u00f6szt\u00f6nz\u00e9se, vissza nem t\u00e9r\u00edtend\u0151 t\u00e1mogat\u00e1sok biztos\u00edt\u00e1sa, illetve a h\u00e1ztart\u00e1sok rezsikiad\u00e1sainak cs\u00f6kkent\u00e9se.<br \/>\n<div class=\"ads-in-post2\"><script async src=\"https:\/\/pagead2.googlesyndication.com\/pagead\/js\/adsbygoogle.js\"><\/script>\r\n<ins class=\"adsbygoogle\"\r\n     style=\"display:block\"\r\n     data-ad-format=\"fluid\"\r\n     data-ad-layout-key=\"-6t+ed+2i-1n-4w\"\r\n     data-ad-client=\"ca-pub-1959107119989764\"\r\n     data-ad-slot=\"4008251320\"><\/ins>\r\n<script>\r\n     (adsbygoogle = window.adsbygoogle || []).push({});\r\n<\/script><\/div>\n    Kaderj\u00e1k P\u00e9ter elmondta: az okos k\u00f6lts\u00e9gmegoszt\u00e1s alkalmaz\u00e1s\u00e1nak elterjeszt\u00e9s\u00e9t \u00e9s a radi\u00e1torok cser\u00e9j\u00e9t seg\u00edt\u0151 p\u00e1ly\u00e1zat egyben azt a c\u00e9lt is szolg\u00e1lja, hogy lehet\u0151v\u00e9 tegy\u00e9k a r\u00e9gi f\u0171t\u00e9si rendszerrel m\u0171k\u00f6d\u0151 t\u00e1vf\u0171t\u00e9ses \u00e9p\u00fcletek lak\u00e1saiban a h\u0151felhaszn\u00e1l\u00e1s szab\u00e1lyoz\u00e1s\u00e1t, \u00e9s ezzel a t\u00e1vh\u0151sz\u00e1ml\u00e1k \u00f6sszeg\u00e9nek cs\u00f6kkent\u00e9s\u00e9t.<br \/>\n    Nemzetk\u00f6zi felm\u00e9r\u00e9sek azt mutatj\u00e1k, hogy csak a h\u0151felhaszn\u00e1l\u00e1s szab\u00e1lyoz\u00e1s\u00e1nak lehet\u0151v\u00e9 t\u00e9tel\u00e9vel mintegy 10 sz\u00e1zal\u00e9kkal cs\u00f6kkenthet\u0151 a fogyaszt\u00e1s &#8211; tette hozz\u00e1.<br \/>\n    T\u00e1mogat\u00e1s kaphat\u00f3 okos m\u00e9r\u00e9sre alkalmas f\u0171t\u00e9si k\u00f6lts\u00e9gmegoszt\u00f3 rendszer kialak\u00edt\u00e1s\u00e1ra, okos m\u00e9r\u00e9sre nem alkalmas k\u00f6lts\u00e9gmegoszt\u00f3k cser\u00e9j\u00e9re, valamint adatgy\u0171jt\u0151 rendszer felszerel\u00e9s\u00e9re. Ezeket kieg\u00e9sz\u00edt\u0151 tev\u00e9kenys\u00e9gk\u00e9nt t\u00e1mogathat\u00f3 egyebek mellett a radi\u00e1torok cser\u00e9je \u00e9s a cs\u0151rendszer egycs\u00f6ves rendszerr\u0151l t\u00f6rt\u00e9n\u0151 \u00e1talak\u00edt\u00e1sa.<br \/>\n    Weingartner Bal\u00e1zs elmondta: a legnagyobb k\u00e1rosanyag, illetve sz\u00e9ndioxid kibocs\u00e1t\u00e1st a lakoss\u00e1gi energiafelhaszn\u00e1l\u00e1s \u00e9s a k\u00f6zleked\u00e9si \u00e1gazat okozza, \u00edgy az energia- \u00e9s kl\u00edmapolitikai c\u00e9lok el\u00e9r\u00e9s\u00e9n\u00e9l ezek a ter\u00fcletek k\u00f6z\u00e9ppontban vannak.<br \/>\n    A 2014-ben ind\u00edtott Otthon melege program eddigi int\u00e9zked\u00e9sei a lak\u00f3\u00e9p\u00fcletek \u00e9s a h\u00e1ztart\u00e1sok energiahat\u00e9konys\u00e1g\u00e1nak jav\u00edt\u00e1s\u00e1ra, valamint meg\u00fajul\u00f3 energi\u00e1t hasznos\u00edt\u00f3 rendszerek telep\u00edt\u00e9s\u00e9re ir\u00e1nyultak. Az \u00e1llamtitk\u00e1r p\u00e9ldak\u00e9nt eml\u00edtette a ny\u00edl\u00e1sz\u00e1r\u00f3k cser\u00e9j\u00e9t, a f\u0171t\u00e9si rendszerek korszer\u0171s\u00edt\u00e9s\u00e9t, a lak\u00f3\u00e9p\u00fcletek komplex energetikai korszer\u0171s\u00edt\u00e9s\u00e9t, valamint a h\u00e1ztart\u00e1si nagyg\u00e9pek cser\u00e9j\u00e9t.<br \/>\n    Eddig 36 milli\u00e1rd forint korm\u00e1nyzati t\u00e1mogat\u00e1st kaptak a p\u00e1ly\u00e1z\u00f3k, t\u00f6bb mint 300 ezer h\u00e1ztart\u00e1st \u00e9rintettek az energetikai korszer\u0171s\u00edt\u00e9sek, amivel \u00e9vi 300 milli\u00f3 kilowatt\u00f3ra lakoss\u00e1gi energia-megtakar\u00edt\u00e1st \u00e9s \u00e9vi 130 ezer tonna sz\u00e9ndioxid-kibocs\u00e1t\u00e1s cs\u00f6kken\u00e9st lehetett el\u00e9rni. A lakoss\u00e1gn\u00e1l megtakar\u00edtott rezsi meghaladja az egymilli\u00e1rd forintot \u00e9vente &#8211; ismertette.<br \/>\n    Az \u00e1llamtitk\u00e1r felh\u00edvta a figyelmet arra is, hogy a f\u00f6ldg\u00e1z\u00fczem\u0171 konvektorok cser\u00e9j\u00e9re ki\u00edrt p\u00e1ly\u00e1zat m\u00e9g nyitva van, augusztus 30-ig lehet jelentkezni.<br \/>\n    A p\u00e1ly\u00e1zatok az NFSI honlapj\u00e1n \u00e9rhet\u0151k el.(MTI)<\/p>\n","protected":false},"excerpt":{"rendered":"<p>T\u00e1vf\u0171t\u00e9ses \u00e9p\u00fcletekben l\u00e9v\u0151 lak\u00e1sok f\u0171t\u00e9s\u00e9nek szab\u00e1lyoz\u00e1s\u00e1ra, illetve korszer\u0171s\u00edt\u00e9s\u00e9re jelent meg h\u00e9tf\u0151n ki\u00edr\u00e1s az Otthon melege program keret\u00e9ben, a 2 milli\u00e1rd forintos t\u00e1mogat\u00e1si keretre lak\u00e1ssz\u00f6vetkezetek \u00e9s t\u00e1rsash\u00e1zak ny\u00fajthatnak be p\u00e1ly\u00e1zatot szeptember 24 \u00e9s 2020 m\u00e1rcius 31 k\u00f6z\u00f6tt &#8211; jelentette be Kaderj\u00e1k P\u00e9ter, az Innov\u00e1ci\u00f3s \u00e9s Technol\u00f3giai Miniszt\u00e9rium (ITM) energia\u00fcgyek\u00e9rt \u00e9s kl\u00edmapolitik\u00e1\u00e9rt felel\u0151s \u00e1llamtitk\u00e1ra h\u00e9tf\u0151n Budapesten.<\/p>\n","protected":false},"author":1,"featured_media":0,"comment_status":"closed","ping_status":"open","sticky":false,"template":"","format":"standard","meta":[],"categories":[19],"tags":[],"_links":{"self":[{"href":"https:\/\/gazdasagportal.hu\/index.php\/wp-json\/wp\/v2\/posts\/116893"}],"collection":[{"href":"https:\/\/gazdasagportal.hu\/index.php\/wp-json\/wp\/v2\/posts"}],"about":[{"href":"https:\/\/gazdasagportal.hu\/index.php\/wp-json\/wp\/v2\/types\/post"}],"author":[{"embeddable":true,"href":"https:\/\/gazdasagportal.hu\/index.php\/wp-json\/wp\/v2\/users\/1"}],"replies":[{"embeddable":true,"href":"https:\/\/gazdasagportal.hu\/index.php\/wp-json\/wp\/v2\/comments?post=116893"}],"version-history":[{"count":1,"href":"https:\/\/gazdasagportal.hu\/index.php\/wp-json\/wp\/v2\/posts\/116893\/revisions"}],"predecessor-version":[{"id":116894,"href":"https:\/\/gazdasagportal.hu\/index.php\/wp-json\/wp\/v2\/posts\/116893\/revisions\/116894"}],"wp:attachment":[{"href":"https:\/\/gazdasagportal.hu\/index.php\/wp-json\/wp\/v2\/media?parent=116893"}],"wp:term":[{"taxonomy":"category","embeddable":true,"href":"https:\/\/gazdasagportal.hu\/index.php\/wp-json\/wp\/v2\/categories?post=116893"},{"taxonomy":"post_tag","embeddable":true,"href":"https:\/\/gazdasagportal.hu\/index.php\/wp-json\/wp\/v2\/tags?post=116893"}],"curies":[{"name":"wp","href":"https:\/\/api.w.org\/{rel}","templated":true}]}}