{"id":116891,"date":"2019-06-17T14:50:51","date_gmt":"2019-06-17T12:50:51","guid":{"rendered":"http:\/\/gazdasagportal.hu\/?p=116891"},"modified":"2019-06-17T14:50:51","modified_gmt":"2019-06-17T12:50:51","slug":"brexit-a-vartnal-is-gyorsabban-zuhannak-a-beruhazasok","status":"publish","type":"post","link":"https:\/\/gazdasagportal.hu\/index.php\/brexit-a-vartnal-is-gyorsabban-zuhannak-a-beruhazasok\/","title":{"rendered":"Brexit &#8211; A v\u00e1rtn\u00e1l is gyorsabban zuhannak a beruh\u00e1z\u00e1sok"},"content":{"rendered":"<p><strong>Rontotta a k\u00f6vetkez\u0151 k\u00e9t \u00e9v brit gazdas\u00e1gi n\u00f6veked\u00e9s\u00e9re \u00e9s a beruh\u00e1z\u00e1sok idei visszaes\u00e9s\u00e9nek \u00fctem\u00e9re adott el\u0151rejelz\u00e9seit a Brit Kereskedelmi Kamar\u00e1k sz\u00f6vets\u00e9ge (BCC), els\u0151sorban a brit EU-tags\u00e1g megsz\u0171n\u00e9se (Brexit) k\u00f6r\u00fcli folytat\u00f3d\u00f3 bizonytalans\u00e1gokkal indokolva a fel\u00fclvizsg\u00e1latot.<\/strong><!--more--><\/p>\n<div class=\"ads-in-post1\"><div id=\"gazdasagportal.hu_fullbanner_wideboard\"><\/div>\r\n<\/div>\n<p>    A brit \u00fczleti v\u00e1llalkoz\u00e1sok \u00e9rdekk\u00e9pviselet\u00e9t ell\u00e1t\u00f3 szervezet h\u00e9tf\u0151n ismertetett progn\u00f3zisa szerint a brit hazai \u00f6sszterm\u00e9k (GDP) 2019 eg\u00e9sz\u00e9ben 1,3 sz\u00e1zal\u00e9kkal n\u00f6vekszik. Ez minim\u00e1lisan jobb az eddigi progn\u00f3zisn\u00e1l, amely 1,2 sz\u00e1zal\u00e9kos idei n\u00f6veked\u00e9st val\u00f3sz\u00edn\u0171s\u00edtett, de ennek is a Brexit-bizonytalans\u00e1g miatt megindult \u00fczleti k\u00e9szletfelhalmoz\u00e1s az oka.<br \/>\n    A kamara \u00faj el\u0151rejelz\u00e9se szerint azonban a brit gazdas\u00e1g 2020-ban alig 1 sz\u00e1zal\u00e9kkal n\u00f6vekszik az eddig v\u00e1rt 1,3 sz\u00e1zal\u00e9k helyett. A sz\u00f6vets\u00e9g a 2021-re sz\u00f3l\u00f3 n\u00f6veked\u00e9si progn\u00f3zist is rontotta, 1,4 sz\u00e1zal\u00e9kr\u00f3l 1,2 sz\u00e1zal\u00e9kra.<br \/>\n    A szervezet az idei m\u00e1sodik negyed\u00e9vre z\u00e9r\u00f3 GDP-n\u00f6veked\u00e9st v\u00e1r negyed\u00e9ves \u00f6sszevet\u00e9sben az els\u0151 h\u00e1rom h\u00f3napban m\u00e9rt 0,5 sz\u00e1zal\u00e9kos b\u0151v\u00fcl\u00e9s ut\u00e1n.<br \/>\n    A negat\u00edv n\u00f6veked\u00e9si fel\u00fclvizsg\u00e1lat els\u0151dleges oka a v\u00e1rtn\u00e1l is gyeng\u00e9bb beruh\u00e1z\u00e1si aktivit\u00e1s: a kamarai szervezet h\u00e9tf\u0151i el\u0151rejelz\u00e9se a brit \u00fczleti szektorban v\u00e9grehajtott idei beruh\u00e1z\u00e1sok \u00e9rt\u00e9k\u00e9nek 1,3 sz\u00e1zal\u00e9kos visszaes\u00e9s\u00e9t j\u00f3solja a kor\u00e1bbi progn\u00f3zisban szerepl\u0151 1 sz\u00e1zal\u00e9kos cs\u00f6kken\u00e9s helyett.<br \/>\n    Adam Marshall, a kamarai szervezet vez\u00e9rigazgat\u00f3ja az \u00faj progn\u00f3ziscsomaghoz f\u0171z\u00f6tt komment\u00e1rj\u00e1ban hangs\u00falyozta: mivel a politika jelenleg nem is figyel a gazdas\u00e1gra, az \u00fczleti v\u00e1llalkoz\u00e1soknak nem maradt m\u00e1s v\u00e1laszt\u00e1suk, mint az, hogy megpr\u00f3b\u00e1ljanak felk\u00e9sz\u00fclni a brit EU-tags\u00e1g meg\u00e1llapod\u00e1s \u00e9s \u00e1tmeneti id\u0151szak n\u00e9lk\u00fcli, rendezetlen megsz\u0171n\u00e9s\u00e9re a Brexit jelenleg \u00e9rv\u00e9nyes okt\u00f3ber 31-i hat\u00e1rnapj\u00e1n.<br \/>\n    Marshall szerint az \u00fczleti szektor ebben a helyzetben a hossz\u00fa t\u00e1v\u00fa gazdas\u00e1gi n\u00f6veked\u00e9st szolg\u00e1l\u00f3 beruh\u00e1z\u00e1sok helyett k\u00e9szenl\u00e9ti tervek v\u00e9grehajt\u00e1s\u00e1ra, p\u00e9ld\u00e1ul rakt\u00e1rk\u00e9szlet-felhalmoz\u00e1sra ford\u00edtja er\u0151forr\u00e1sait, \u00e9s ez &#8222;egyszer\u0171en fenntarthatatlan&#8221;.<br \/>\n<div class=\"ads-in-post2\"><script async src=\"https:\/\/pagead2.googlesyndication.com\/pagead\/js\/adsbygoogle.js\"><\/script>\r\n<ins class=\"adsbygoogle\"\r\n     style=\"display:block\"\r\n     data-ad-format=\"fluid\"\r\n     data-ad-layout-key=\"-6t+ed+2i-1n-4w\"\r\n     data-ad-client=\"ca-pub-1959107119989764\"\r\n     data-ad-slot=\"4008251320\"><\/ins>\r\n<script>\r\n     (adsbygoogle = window.adsbygoogle || []).push({});\r\n<\/script><\/div>\n    Az \u00fczleti v\u00e1llalkoz\u00e1sok elv\u00e1rj\u00e1k, hogy a k\u00f6vetkez\u0151 brit minisztereln\u00f6k gyorsan tal\u00e1ljon valamilyen \u00e9sszer\u0171 \u00e9s pragmatikus m\u00f3dot a z\u0171rzavaros, rendezetlen Brexit elker\u00fcl\u00e9s\u00e9re &#8211; hangs\u00falyozta a kamarai szervezet vez\u00e9rigazgat\u00f3ja.<br \/>\n    Marshall nem eml\u00edtett neveket, a t\u00e1voz\u00f3 Theresa May minisztereln\u00f6k leges\u00e9lyesebbnek tartott ut\u00f3djel\u00f6ltje, Boris Johnson volt k\u00fcl\u00fcgyminiszter &#8211;  a korm\u00e1nyz\u00f3 brit Konzervat\u00edv P\u00e1rt kem\u00e9nyvonalas Brexit-t\u00e1bor\u00e1nak frontembere &#8211; azonban m\u00e1r lesz\u00f6gezte, hogy ha \u0151 lesz az \u00faj minisztereln\u00f6k, az Egyes\u00fclt Kir\u00e1lys\u00e1g okt\u00f3ber 31-\u00e9n mindenk\u00e9ppen kil\u00e9p az EU-b\u00f3l, ak\u00e1r lesz addig elfogadott Brexit-meg\u00e1llapod\u00e1s, ak\u00e1r nem.<br \/>\n    A Brexit-folyamat k\u00f6r\u00fcli bizonytalans\u00e1g m\u00e1ris \u00e9rezteti negat\u00edv hat\u00e1s\u00e1t a re\u00e1lgazdas\u00e1gi aktivit\u00e1sban.<br \/>\n    A brit statisztikai hivatal (ONS) minapi adatismertet\u00e9se szerint a GDP-\u00e9rt\u00e9k \u00e1prilisban 0,4 sz\u00e1zal\u00e9kkal volt alacsonyabb, mint egy h\u00f3nappal kor\u00e1bban. Ez volt a m\u00e1sodik havi visszaes\u00e9s a brit gazdas\u00e1gban egym\u00e1s ut\u00e1n: a hazai \u00f6sszterm\u00e9k m\u00e1rciusban 0,1 sz\u00e1zal\u00e9kkal cs\u00f6kkent.<br \/>\n    Az ONS adatai szerint az \u00e1prilissal z\u00e1rult mozg\u00f3 h\u00e1rom h\u00f3napos id\u0151szakban a n\u00f6veked\u00e9si \u00fctem 0,3 sz\u00e1zal\u00e9kra lassult a m\u00e1rciusban v\u00e9get \u00e9rt negyed\u00e9v 0,5 sz\u00e1zal\u00e9kos n\u00f6veked\u00e9se ut\u00e1n.<br \/>\n    A statisztikai hivatal kimutat\u00e1sa szerint a brit aut\u00f3ipar kibocs\u00e1t\u00e1si \u00e9rt\u00e9ke \u00e1prilisban dr\u00e1mai m\u00e9rt\u00e9kben, 24 sz\u00e1zal\u00e9kkal zuhant az el\u0151z\u0151 h\u00f3nappal \u00f6sszehasonl\u00edtva, els\u0151sorban az\u00e9rt, mert sok aut\u00f3gy\u00e1r a Brexit eredetileg tervezett m\u00e1rciusi v\u00e9gi id\u0151pontja ut\u00e1ni bizonytalans\u00e1gok miatt egyszer\u0171en le\u00e1ll\u00edtotta a termel\u00e9st.<br \/>\n    A legfrissebb aktivit\u00e1si m\u00e9r\u0151sz\u00e1mok szerint a brit gy\u00e1ripar eg\u00e9sz\u00e9nek teljes\u00edtm\u00e9nye is cs\u00f6kkenni kezdett.<br \/>\n    Az IHS Markit p\u00e9nz\u00fcgyi-gazdas\u00e1gi adatszolg\u00e1ltat\u00f3 csoport \u00e9s a brit gazdas\u00e1gi \u00e1gazatok beszerz\u00e9si aktivit\u00e1s\u00e1t m\u00e9r\u0151 int\u00e9zet (Chartered Institute of Procurement &#038; Supply, CIPS) k\u00f6z\u00f6s felm\u00e9r\u00e9se alapj\u00e1n a brit gazdas\u00e1g feldolgoz\u00f3szektor\u00e1nak beszerz\u00e9simenedzser-indexe (BMI) m\u00e1jusban meredeken, az el\u0151z\u0151 havi 53,1-r\u0151l 49,4-re zuhant.<br \/>\n    Az 50 alatti BMI-indexek a vizsg\u00e1lt szektor aktivit\u00e1s\u00e1nak gyeng\u00fcl\u00e9s\u00e9re utalnak, vagyis az \u00faj brit feldolgoz\u00f3ipari mutat\u00f3 az \u00e1gazat kibocs\u00e1t\u00e1s\u00e1nak visszaes\u00e9s\u00e9t jelzi.<br \/>\n    A m\u00e1jusi aktivit\u00e1si adat 34 havi m\u00e9lypont: legut\u00f3bb 2016 j\u00falius\u00e1ban, a brit EU-tags\u00e1gr\u00f3l tartott n\u00e9pszavaz\u00e1s ut\u00e1ni h\u00f3napban s\u00fcllyedt a brit gy\u00e1ripari BMI-mutat\u00f3 az 50-es hat\u00e1r\u00e9rt\u00e9k al\u00e1. A referendumon a r\u00e9sztvev\u0151k sz\u0171k, 51,89 sz\u00e1zal\u00e9kos t\u00f6bbs\u00e9ge arra voksolt, hogy az Egyes\u00fclt Kir\u00e1lys\u00e1g l\u00e9pjen ki az Eur\u00f3pai Uni\u00f3b\u00f3l.(MTI)<\/p>\n","protected":false},"excerpt":{"rendered":"<p>Rontotta a k\u00f6vetkez\u0151 k\u00e9t \u00e9v brit gazdas\u00e1gi n\u00f6veked\u00e9s\u00e9re \u00e9s a beruh\u00e1z\u00e1sok idei visszaes\u00e9s\u00e9nek \u00fctem\u00e9re adott el\u0151rejelz\u00e9seit a Brit Kereskedelmi Kamar\u00e1k sz\u00f6vets\u00e9ge (BCC), els\u0151sorban a brit EU-tags\u00e1g megsz\u0171n\u00e9se (Brexit) k\u00f6r\u00fcli folytat\u00f3d\u00f3 bizonytalans\u00e1gokkal indokolva a fel\u00fclvizsg\u00e1latot.<\/p>\n","protected":false},"author":1,"featured_media":0,"comment_status":"closed","ping_status":"open","sticky":false,"template":"","format":"standard","meta":[],"categories":[12,246],"tags":[],"_links":{"self":[{"href":"https:\/\/gazdasagportal.hu\/index.php\/wp-json\/wp\/v2\/posts\/116891"}],"collection":[{"href":"https:\/\/gazdasagportal.hu\/index.php\/wp-json\/wp\/v2\/posts"}],"about":[{"href":"https:\/\/gazdasagportal.hu\/index.php\/wp-json\/wp\/v2\/types\/post"}],"author":[{"embeddable":true,"href":"https:\/\/gazdasagportal.hu\/index.php\/wp-json\/wp\/v2\/users\/1"}],"replies":[{"embeddable":true,"href":"https:\/\/gazdasagportal.hu\/index.php\/wp-json\/wp\/v2\/comments?post=116891"}],"version-history":[{"count":1,"href":"https:\/\/gazdasagportal.hu\/index.php\/wp-json\/wp\/v2\/posts\/116891\/revisions"}],"predecessor-version":[{"id":116892,"href":"https:\/\/gazdasagportal.hu\/index.php\/wp-json\/wp\/v2\/posts\/116891\/revisions\/116892"}],"wp:attachment":[{"href":"https:\/\/gazdasagportal.hu\/index.php\/wp-json\/wp\/v2\/media?parent=116891"}],"wp:term":[{"taxonomy":"category","embeddable":true,"href":"https:\/\/gazdasagportal.hu\/index.php\/wp-json\/wp\/v2\/categories?post=116891"},{"taxonomy":"post_tag","embeddable":true,"href":"https:\/\/gazdasagportal.hu\/index.php\/wp-json\/wp\/v2\/tags?post=116891"}],"curies":[{"name":"wp","href":"https:\/\/api.w.org\/{rel}","templated":true}]}}