{"id":116884,"date":"2019-06-17T12:19:19","date_gmt":"2019-06-17T10:19:19","guid":{"rendered":"http:\/\/gazdasagportal.hu\/?p=116884"},"modified":"2019-06-17T12:19:19","modified_gmt":"2019-06-17T10:19:19","slug":"az-elso-negyedevben-a-vartnal-kevesbe-nott-a-munkavegzes-koltsege-az-euroovezetben","status":"publish","type":"post","link":"https:\/\/gazdasagportal.hu\/index.php\/az-elso-negyedevben-a-vartnal-kevesbe-nott-a-munkavegzes-koltsege-az-euroovezetben\/","title":{"rendered":"Az els\u0151 negyed\u00e9vben a v\u00e1rtn\u00e1l kev\u00e9sb\u00e9 n\u0151tt a munkav\u00e9gz\u00e9s k\u00f6lts\u00e9ge az eur\u00f3\u00f6vezetben"},"content":{"rendered":"<p><strong>A v\u00e1rtn\u00e1l kisebb m\u00e9rt\u00e9ken n\u0151tt a munkav\u00e9gz\u00e9s k\u00f6lts\u00e9ge az idei els\u0151 negyed\u00e9vben az eur\u00f3\u00f6vezetben az Eur\u00f3pai Uni\u00f3 statisztikai hivatala, az Eurostat h\u00e9tf\u0151n publik\u00e1lt kimutat\u00e1sa alapj\u00e1n. Magyarorsz\u00e1gon a munkav\u00e9gz\u00e9s nem b\u00e9rjelleg\u0171 k\u00f6lts\u00e9gei a legnagyobb m\u00e9rt\u00e9kben cs\u00f6kkentek, a munkab\u00e9rek pedig a harmadik legnagyobb n\u00f6veked\u00e9st \u00e9rt\u00e9k el az Eur\u00f3pai Uni\u00f3 28 tag\u00e1llam\u00e1ban.<\/strong><!--more--><\/p>\n<div class=\"ads-in-post1\"><div id=\"gazdasagportal.hu_fullbanner_wideboard\"><\/div>\r\n<\/div>\n<p>A munkav\u00e9gz\u00e9s egy \u00f3r\u00e1ra jut\u00f3 k\u00f6lts\u00e9ge a v\u00e1rt 2,6 sz\u00e1zal\u00e9k helyett 2,4 sz\u00e1zal\u00e9kkal emelkedett az eur\u00f3\u00f6vezet 19 tag\u00e1llam\u00e1ban az idei els\u0151 negyed\u00e9vben az egy \u00e9vvel kor\u00e1bbihoz k\u00e9pest. Az Eur\u00f3pai Uni\u00f3 28 tag\u00e1llam\u00e1ban 2,6 sz\u00e1zal\u00e9kkal n\u0151tt a munkav\u00e9gz\u00e9s k\u00f6lts\u00e9ge az idei els\u0151 negyed\u00e9vben a tavalyihoz k\u00e9pest.<br \/>\nAz el\u0151z\u0151 negyed\u00e9vben, 2018 negyedik negyed\u00e9v\u00e9ben az eur\u00f3\u00f6vezetben 2,3 sz\u00e1zal\u00e9k, az EU-ban 2,8 sz\u00e1zal\u00e9k volt a munkaer\u0151k\u00f6lts\u00e9g \u00e9ves n\u00f6veked\u00e9se.<br \/>\nA munkav\u00e9gz\u00e9s egy \u00f3r\u00e1ra jut\u00f3 k\u00f6lts\u00e9ge k\u00e9t f\u0151 komponensb\u0151l, a b\u00e9rekb\u0151l \u00e9s juttat\u00e1sokb\u00f3l, valamint a nem b\u00e9rjelleg\u0171 k\u00f6lts\u00e9gekb\u0151l tev\u0151dik \u00f6ssze.<br \/>\nAz egy \u00f3r\u00e1ra jut\u00f3 b\u00e9rk\u00f6lts\u00e9g 2,5 sz\u00e1zal\u00e9kkal, a nem b\u00e9rjelleg\u0171 k\u00f6lts\u00e9g 2,2 sz\u00e1zal\u00e9kkal n\u0151tt az eur\u00f3\u00f6vezetben az idei els\u0151 negyed\u00e9vben \u00e9ves b\u00e1zison. Az el\u0151z\u0151 negyed\u00e9vben 2,3 \u00e9s 2,4 sz\u00e1zal\u00e9k volt az \u00e9ves n\u00f6veked\u00e9s az eur\u00f3\u00f6vezetben.<br \/>\n<div class=\"ads-in-post2\"><script async src=\"https:\/\/pagead2.googlesyndication.com\/pagead\/js\/adsbygoogle.js\"><\/script>\r\n<ins class=\"adsbygoogle\"\r\n     style=\"display:block\"\r\n     data-ad-format=\"fluid\"\r\n     data-ad-layout-key=\"-6t+ed+2i-1n-4w\"\r\n     data-ad-client=\"ca-pub-1959107119989764\"\r\n     data-ad-slot=\"4008251320\"><\/ins>\r\n<script>\r\n     (adsbygoogle = window.adsbygoogle || []).push({});\r\n<\/script><\/div>\nAz Eur\u00f3pai Uni\u00f3ban \u00e9ves b\u00e1zison 2,7 sz\u00e1zal\u00e9kkal n\u0151tt az idei els\u0151 negyed\u00e9vben az egy \u00f3r\u00e1ra jut\u00f3 b\u00e9rk\u00f6lts\u00e9g \u00e9s 2,1 sz\u00e1zal\u00e9kkal a nem b\u00e9rjelleg\u0171 k\u00f6lts\u00e9g. A tavalyi negyedik negyed\u00e9vben \u00e9vi 3,0 sz\u00e1zal\u00e9k \u00e9s 2,3 sz\u00e1zal\u00e9k volt a n\u00f6veked\u00e9s.<br \/>\nA b\u00e9rk\u00f6lts\u00e9gek a legnagyobb m\u00e9rt\u00e9kben Rom\u00e1ni\u00e1ban n\u0151ttek az idei els\u0151 negyed\u00e9vben, 16,3 sz\u00e1zal\u00e9kkal. Bulg\u00e1ri\u00e1ban 12,9 sz\u00e1zal\u00e9k, Szlov\u00e1ki\u00e1ban 8,7 sz\u00e1zal\u00e9k volt a n\u00f6veked\u00e9s. A b\u00e9rk\u00f6lts\u00e9g csak G\u00f6r\u00f6gorsz\u00e1gban cs\u00f6kkent az els\u0151 negyed\u00e9vben, 0,2 sz\u00e1zal\u00e9kkal.<br \/>\nMagyarorsz\u00e1gon az EU 28 tag\u00e1llama k\u00f6z\u00f6tt a kilencedik legnagyobb m\u00e9rt\u00e9kben, 5,7 sz\u00e1zal\u00e9kkal n\u0151tt a b\u00e9rk\u00f6lts\u00e9g az els\u0151 negyed\u00e9vben. Ezen bel\u00fcl azonban a magyarorsz\u00e1gi munkab\u00e9rek Rom\u00e1nia \u00e9s Bulg\u00e1ria ut\u00e1n a harmadik legnagyobb m\u00e9rt\u00e9kben, 10,0 sz\u00e1zal\u00e9kkal emelkedtek, a nem b\u00e9rjelleg\u0171 k\u00f6lts\u00e9gek viszont az \u00f6sszes orsz\u00e1g k\u00f6z\u00f6tt a legnagyobb m\u00e9rt\u00e9kben, 15,6 sz\u00e1zal\u00e9kkal cs\u00f6kkentek.<br \/>\nA nem b\u00e9rjelleg\u0171 egy\u00e9b k\u00f6lts\u00e9gek Magyarorsz\u00e1gon k\u00edv\u00fcl csak M\u00e1lt\u00e1n, G\u00f6r\u00f6gorsz\u00e1gban \u00e9s Finnorsz\u00e1gban cs\u00f6kkentek m\u00e9g az EU-ban, sorrendben 2,9, 1,8 \u00e9s 0,6 sz\u00e1zal\u00e9kkal. Az EU \u00f6sszes t\u00f6bbi tag\u00e1llam\u00e1ban n\u00f6vekedtek a munkav\u00e9gz\u00e9s nem b\u00e9rjelleg\u0171 egy\u00e9b k\u00f6lts\u00e9gei. (MTI)<br \/>\n<a title=\"Hely megnyit\u00e1sa\" href=\"https:\/\/ec.europa.eu\/eurostat\/documents\/2995521\/9832262\/3-17062019-AP-EN.pdf\" target=\"_blank\" rel=\"noopener noreferrer\">https:\/\/ec.europa.eu\/eurostat\/documents\/2995521\/9832262\/3-17062019-AP-EN.pdf<\/a><\/p>\n<p>&nbsp;<\/p><div id=\"gazda-444676035\" class=\"gazda-tartalomban gazda-entity-placement\"><script async src=\"https:\/\/pagead2.googlesyndication.com\/pagead\/js\/adsbygoogle.js\"><\/script>\r\n<ins class=\"adsbygoogle\"\r\n     style=\"display:block\"\r\n     data-ad-format=\"fluid\"\r\n     data-ad-layout-key=\"-6t+ed+2i-1n-4w\"\r\n     data-ad-client=\"ca-pub-1959107119989764\"\r\n     data-ad-slot=\"4008251320\"><\/ins>\r\n<script>\r\n     (adsbygoogle = window.adsbygoogle || []).push({});\r\n<\/script><\/div>\n","protected":false},"excerpt":{"rendered":"<p>A v\u00e1rtn\u00e1l kisebb m\u00e9rt\u00e9ken n\u0151tt a munkav\u00e9gz\u00e9s k\u00f6lts\u00e9ge az idei els\u0151 negyed\u00e9vben az eur\u00f3\u00f6vezetben az Eur\u00f3pai Uni\u00f3 statisztikai hivatala, az Eurostat h\u00e9tf\u0151n publik\u00e1lt kimutat\u00e1sa alapj\u00e1n. Magyarorsz\u00e1gon a munkav\u00e9gz\u00e9s nem b\u00e9rjelleg\u0171 k\u00f6lts\u00e9gei a legnagyobb m\u00e9rt\u00e9kben cs\u00f6kkentek, a munkab\u00e9rek pedig a harmadik legnagyobb n\u00f6veked\u00e9st \u00e9rt\u00e9k el az Eur\u00f3pai Uni\u00f3 28 tag\u00e1llam\u00e1ban.<\/p>\n","protected":false},"author":1,"featured_media":0,"comment_status":"closed","ping_status":"open","sticky":false,"template":"","format":"standard","meta":[],"categories":[12,246],"tags":[],"_links":{"self":[{"href":"https:\/\/gazdasagportal.hu\/index.php\/wp-json\/wp\/v2\/posts\/116884"}],"collection":[{"href":"https:\/\/gazdasagportal.hu\/index.php\/wp-json\/wp\/v2\/posts"}],"about":[{"href":"https:\/\/gazdasagportal.hu\/index.php\/wp-json\/wp\/v2\/types\/post"}],"author":[{"embeddable":true,"href":"https:\/\/gazdasagportal.hu\/index.php\/wp-json\/wp\/v2\/users\/1"}],"replies":[{"embeddable":true,"href":"https:\/\/gazdasagportal.hu\/index.php\/wp-json\/wp\/v2\/comments?post=116884"}],"version-history":[{"count":1,"href":"https:\/\/gazdasagportal.hu\/index.php\/wp-json\/wp\/v2\/posts\/116884\/revisions"}],"predecessor-version":[{"id":116885,"href":"https:\/\/gazdasagportal.hu\/index.php\/wp-json\/wp\/v2\/posts\/116884\/revisions\/116885"}],"wp:attachment":[{"href":"https:\/\/gazdasagportal.hu\/index.php\/wp-json\/wp\/v2\/media?parent=116884"}],"wp:term":[{"taxonomy":"category","embeddable":true,"href":"https:\/\/gazdasagportal.hu\/index.php\/wp-json\/wp\/v2\/categories?post=116884"},{"taxonomy":"post_tag","embeddable":true,"href":"https:\/\/gazdasagportal.hu\/index.php\/wp-json\/wp\/v2\/tags?post=116884"}],"curies":[{"name":"wp","href":"https:\/\/api.w.org\/{rel}","templated":true}]}}