{"id":116863,"date":"2019-06-16T14:10:11","date_gmt":"2019-06-16T12:10:11","guid":{"rendered":"http:\/\/gazdasagportal.hu\/?p=116863"},"modified":"2019-06-16T14:10:11","modified_gmt":"2019-06-16T12:10:11","slug":"brexit-brit-kulugyminiszter-az-eu-hajlando-lenne-ujratargyalni-a-brexit-csomagot","status":"publish","type":"post","link":"https:\/\/gazdasagportal.hu\/index.php\/brexit-brit-kulugyminiszter-az-eu-hajlando-lenne-ujratargyalni-a-brexit-csomagot\/","title":{"rendered":"Brexit &#8211; Brit k\u00fcl\u00fcgyminiszter: az EU hajland\u00f3 lenne \u00fajrat\u00e1rgyalni a Brexit-csomagot"},"content":{"rendered":"<p><strong>A brit k\u00fcl\u00fcgyminiszter szerint megfelel\u0151 brit javaslat eset\u00e9n az Eur\u00f3pai Uni\u00f3 hajland\u00f3 lenne \u00fajrat\u00e1rgyalni a brit EU-tags\u00e1g megsz\u0171n\u00e9s\u00e9r\u0151l (Brexit) kidolgozott egyezm\u00e9nycsomagot, annak \u00e9rdek\u00e9ben, hogy megold\u00e1s sz\u00fclessen az \u00edr-\u00e9szak\u00edr hat\u00e1rellen\u0151rz\u00e9s probl\u00e9m\u00e1j\u00e1ra.<\/strong><!--more--><\/p>\n<div class=\"ads-in-post1\"><div id=\"gazdasagportal.hu_fullbanner_wideboard\"><\/div>\r\n<\/div>\n<p>    Jeremy Hunt, a korm\u00e1nyz\u00f3 Konzervat\u00edv P\u00e1rt \u00e9s a korm\u00e1ny \u00e9l\u00e9r\u0151l t\u00e1voz\u00f3 Theresa May ut\u00f3dl\u00e1s\u00e1\u00e9rt foly\u00f3 verseng\u00e9s egyik r\u00e9sztvev\u0151je a BBC telev\u00edzi\u00f3 vas\u00e1rnapi politikai magazinm\u0171sor\u00e1ban kijelentette: ha az eur\u00f3pai vezet\u0151ket megkeresi &#8222;egy olyan brit minisztereln\u00f6k, akivel hajland\u00f3k t\u00e1rgyalni&#8221;, \u00e9s \u00f6tleteket terjeszt el\u00e9j\u00fck az \u00edr hat\u00e1rprobl\u00e9ma megold\u00e1s\u00e1ra, akkor &#8222;hajland\u00f3k lenn\u00e9nek a csomag \u00fajrat\u00e1rgyal\u00e1s\u00e1ra&#8221;.<br \/>\n    Az Eur\u00f3pai Bizotts\u00e1g t\u00f6bbsz\u00f6r is hatozottan lesz\u00f6gezte, hogy nem lehets\u00e9ges a kil\u00e9p\u00e9si egyezs\u00e9gr\u0151l folytatott t\u00e1rgyal\u00e1sok \u00fajraind\u00edt\u00e1sa, \u00e9s t\u00f6bb uni\u00f3s vezet\u0151 is ilyen \u00e9rtelm\u0171 nyilatkozatokat tett.<br \/>\n    Arra a k\u00e9rd\u00e9sre, hogy Emmanuel Macron francia eln\u00f6k vagy Angela Merkel n\u00e9met kancell\u00e1r kifejezte-e neki valaha is k\u00e9szs\u00e9g\u00e9t a kil\u00e9p\u00e9si meg\u00e1llapod\u00e1s \u00fajb\u00f3l megnyit\u00e1s\u00e1ra, a brit k\u00fcl\u00fcgyminiszter a vas\u00e1rnapi BBC-m\u0171sorban \u00fagy fogalmazott: a k\u00e9t vezet\u0151 politikus hajland\u00f3 lenne &#8222;szem\u00fcgyre venni a csomag eg\u00e9sz\u00e9t&#8221;, k\u00fcl\u00f6n\u00f6sen azt, hogy a csomagnak a j\u00f6v\u0151beni k\u00e9toldal\u00fa kapcsolatrendszerrel foglalkoz\u00f3 r\u00e9sz\u00e9t nem lehetne-e a jelenlegin\u00e9l sokkal r\u00e9szletesebb\u00e9 tenni.<br \/>\n<div class=\"ads-in-post2\"><script async src=\"https:\/\/pagead2.googlesyndication.com\/pagead\/js\/adsbygoogle.js\"><\/script>\r\n<ins class=\"adsbygoogle\"\r\n     style=\"display:block\"\r\n     data-ad-format=\"fluid\"\r\n     data-ad-layout-key=\"-6t+ed+2i-1n-4w\"\r\n     data-ad-client=\"ca-pub-1959107119989764\"\r\n     data-ad-slot=\"4008251320\"><\/ins>\r\n<script>\r\n     (adsbygoogle = window.adsbygoogle || []).push({});\r\n<\/script><\/div>\n    Jeremy Hunt szerint ezzel el lehetne \u00e9rni, hogy ne legyen sz\u00fcks\u00e9g az \u00edr-\u00e9szak\u00edr hat\u00e1rk\u00e9rd\u00e9sben probl\u00e9m\u00e1t okoz\u00f3 tartal\u00e9kmegold\u00e1sra.<br \/>\n    Az EU-val May korm\u00e1nya \u00e1ltal novemberben el\u00e9rt 585 oldalas Brexit-meg\u00e1llapod\u00e1st \u00e9s a j\u00f6v\u0151beni kapcsolatrendszert egyel\u0151re v\u00e1zlatosan k\u00f6rvonalaz\u00f3 26 oldalas politikai nyilatkozatot a londoni als\u00f3h\u00e1z eddig h\u00e1romszor visszautas\u00edtotta.<br \/>\n    A Konzervat\u00edv P\u00e1rt als\u00f3h\u00e1zi frakci\u00f3j\u00e1nak kem\u00e9nyvonalas Brexit-t\u00e1bora mindenekel\u0151tt a meg\u00e1llapod\u00e1s azon z\u00e1rad\u00e9k\u00e1t utas\u00edtja el, amelynek alapj\u00e1n az Egyes\u00fclt Kir\u00e1lys\u00e1g v\u00e1muni\u00f3s viszonyrendszerben maradna az EU-val, ha nem siker\u00fclne id\u0151ben megk\u00f6tni egy \u00e1tfog\u00f3 k\u00e9toldal\u00fa kereskedelmi egyezm\u00e9nyt.<br \/>\n    E tartal\u00e9kmegold\u00e1s (backstop) c\u00e9lja az, hogy ebben az esetben se kelljen vissza\u00e1ll\u00edtani a rendez\u00e9si folyamat egyik f\u0151 v\u00edvm\u00e1nyak\u00e9nt felsz\u00e1molt ellen\u0151rz\u00e9st \u00cdrorsz\u00e1g \u00e9s \u00c9szak-\u00cdrorsz\u00e1g 499 kilom\u00e9teres, jelenleg gyakorlatilag semmif\u00e9le fizikai form\u00e1ban nem l\u00e9tez\u0151 hat\u00e1r\u00e1n, amely a Brexit ut\u00e1n az Egyes\u00fclt Kir\u00e1lys\u00e1g \u00e9s az EU egyetlen sz\u00e1razf\u00f6ldi v\u00e1mhat\u00e1ra lesz.<br \/>\n    Leo Varadkar \u00edr minisztereln\u00f6k az RT\u00c9 \u00edr k\u00f6zszolg\u00e1lati r\u00e1di\u00f3nak a h\u00e9tv\u00e9g\u00e9n kijelentette: a backstop-mechanizmus n\u00e9lk\u00fcl nem k\u00e9pzelhet\u0151 el Brexit-meg\u00e1llapod\u00e1s, e z\u00e1rad\u00e9k elt\u00e1vol\u00edt\u00e1sa az egyezm\u00e9nyb\u0151l egyenl\u0151 lenne a meg\u00e1llapod\u00e1s n\u00e9lk\u00fcli Brexittel.<br \/>\n    Varadkar szerint a backstop-megold\u00e1s a jogilag k\u00f6telez\u0151 garancia arra, hogy \u00cdrorsz\u00e1g \u00e9s \u00c9szak-\u00cdrorsz\u00e1g k\u00f6z\u00f6tt soha ne legyen ism\u00e9t fizikai hat\u00e1rellen\u0151rz\u00e9s.<br \/>\n    Jeremy Hunt a vas\u00e1rnapi BBC-interj\u00faban utal\u00e1st tett arra, hogy minisztereln\u00f6kk\u00e9 v\u00e1laszt\u00e1sa eset\u00e9n nem k\u00f6telezn\u00e9 el mag\u00e1t &#8222;b\u00e1rmilyen \u00e1ron&#8221; a Brexit jelenleg \u00e9rv\u00e9nyes okt\u00f3ber 31-i hat\u00e1rnapj\u00e1nak tart\u00e1sa mellett. B\u00edr\u00e1lta a vezet\u0151v\u00e1laszt\u00e1si verseny \u00e9llovas\u00e1t, Boris Johnson volt k\u00fcl\u00fcgyminisztert, aki a kamp\u00e1nyban lesz\u00f6gezte, hogy ha \u0151 lesz az \u00faj minisztereln\u00f6k, az Egyes\u00fclt Kir\u00e1lys\u00e1g okt\u00f3ber 31-\u00e9n mindenk\u00e9ppen kil\u00e9p az EU-b\u00f3l, ak\u00e1r lesz addig elfogadott Brexit-meg\u00e1llapod\u00e1s, ak\u00e1r nem.<br \/>\n    Hunt szerint Johnson ezzel az \u00e1ll\u00e1spontj\u00e1val gyakorlatilag a meg\u00e1llapod\u00e1s n\u00e9lk\u00fcli, rendezetlen Brexit vagy el\u0151rehozott parlamenti v\u00e1laszt\u00e1sok fel\u00e9 ind\u00edtan\u00e1 el az orsz\u00e1got.<br \/>\n    A vezet\u0151v\u00e1laszt\u00e1si folyamat cs\u00fct\u00f6rt\u00f6k\u00f6n tartott els\u0151 frakci\u00f3szavaz\u00e1s\u00e1n Boris Johnson v\u00e9gzett az els\u0151 helyen: a 313 f\u0151s tory frakci\u00f3b\u00f3l 114-en szavaztak r\u00e1. Hunt a m\u00e1sodik helyre ker\u00fclt 43 frakci\u00f3szavazattal.<br \/>\n    A p\u00e1rtvezet\u0151i tiszts\u00e9g\u00e9rt t\u00edzen indultak. Az els\u0151 fordul\u00f3ban h\u00e1rman kiestek, egy jel\u00f6lt pedig visszal\u00e9pett, \u00edgy hatan vesznek r\u00e9szt a kedden esed\u00e9kes m\u00e1sodik szavaz\u00e1si k\u00f6rben.<br \/>\n    A menetrend szerint j\u00f6v\u0151 cs\u00fct\u00f6rt\u00f6kre m\u00e1r csak k\u00e9t jel\u00f6lt marad versenyben, \u00e9s k\u00f6z\u00fcl\u00fck &#8211; ha egyik\u00fck sem l\u00e9p vissza a m\u00e1sik jav\u00e1ra &#8211; a Konzervat\u00edv P\u00e1rt 160 ezer regisztr\u00e1lt tagja v\u00e1laszthatja meg postai szavaz\u00e1ssal Theresa May ut\u00f3dj\u00e1t, aki az Egyes\u00fclt Kir\u00e1lys\u00e1g k\u00f6vetkez\u0151 minisztereln\u00f6ke is lesz.<br \/>\n    A legnagyobb brit k\u00f6zv\u00e9lem\u00e9ny-kutat\u00f3 c\u00e9g, a YouGov a The Sunday Times c\u00edm\u0171 konzervat\u00edv vas\u00e1rnapi lap megb\u00edz\u00e1s\u00e1b\u00f3l elv\u00e9gzett friss felm\u00e9r\u00e9s\u00e9ben kimutatta, hogy a brit v\u00e1laszt\u00f3k 47 sz\u00e1zal\u00e9ka szerint Boris Johnson minisztereln\u00f6kk\u00e9nt meg tudn\u00e1 nyerni a k\u00f6vetkez\u0151 parlamenti v\u00e1laszt\u00e1st; Jeremy Huntr\u00f3l csak 15 sz\u00e1zal\u00e9k gondolja ugyanezt.<br \/>\n    Johnsont ugyanakkor a relat\u00edv t\u00f6bbs\u00e9g megoszt\u00f3 szem\u00e9lyis\u00e9gnek tartja: a megk\u00e9rdezettek 48 sz\u00e1zal\u00e9ka szerint a volt k\u00fcl\u00fcgyminiszter nem tudn\u00e1 egys\u00e9gbe terelni a Brexit \u00fcgy\u00e9ben megosztott orsz\u00e1got.(MTI)<\/p>\n","protected":false},"excerpt":{"rendered":"<p>A brit k\u00fcl\u00fcgyminiszter szerint megfelel\u0151 brit javaslat eset\u00e9n az Eur\u00f3pai Uni\u00f3 hajland\u00f3 lenne \u00fajrat\u00e1rgyalni a brit EU-tags\u00e1g megsz\u0171n\u00e9s\u00e9r\u0151l (Brexit) kidolgozott egyezm\u00e9nycsomagot, annak \u00e9rdek\u00e9ben, hogy megold\u00e1s sz\u00fclessen az \u00edr-\u00e9szak\u00edr hat\u00e1rellen\u0151rz\u00e9s probl\u00e9m\u00e1j\u00e1ra.<\/p>\n","protected":false},"author":1001003,"featured_media":0,"comment_status":"closed","ping_status":"open","sticky":false,"template":"","format":"standard","meta":[],"categories":[12,246],"tags":[],"_links":{"self":[{"href":"https:\/\/gazdasagportal.hu\/index.php\/wp-json\/wp\/v2\/posts\/116863"}],"collection":[{"href":"https:\/\/gazdasagportal.hu\/index.php\/wp-json\/wp\/v2\/posts"}],"about":[{"href":"https:\/\/gazdasagportal.hu\/index.php\/wp-json\/wp\/v2\/types\/post"}],"author":[{"embeddable":true,"href":"https:\/\/gazdasagportal.hu\/index.php\/wp-json\/wp\/v2\/users\/1001003"}],"replies":[{"embeddable":true,"href":"https:\/\/gazdasagportal.hu\/index.php\/wp-json\/wp\/v2\/comments?post=116863"}],"version-history":[{"count":1,"href":"https:\/\/gazdasagportal.hu\/index.php\/wp-json\/wp\/v2\/posts\/116863\/revisions"}],"predecessor-version":[{"id":116864,"href":"https:\/\/gazdasagportal.hu\/index.php\/wp-json\/wp\/v2\/posts\/116863\/revisions\/116864"}],"wp:attachment":[{"href":"https:\/\/gazdasagportal.hu\/index.php\/wp-json\/wp\/v2\/media?parent=116863"}],"wp:term":[{"taxonomy":"category","embeddable":true,"href":"https:\/\/gazdasagportal.hu\/index.php\/wp-json\/wp\/v2\/categories?post=116863"},{"taxonomy":"post_tag","embeddable":true,"href":"https:\/\/gazdasagportal.hu\/index.php\/wp-json\/wp\/v2\/tags?post=116863"}],"curies":[{"name":"wp","href":"https:\/\/api.w.org\/{rel}","templated":true}]}}