{"id":116857,"date":"2019-06-15T19:36:06","date_gmt":"2019-06-15T17:36:06","guid":{"rendered":"http:\/\/gazdasagportal.hu\/?p=116857"},"modified":"2019-06-15T09:37:12","modified_gmt":"2019-06-15T07:37:12","slug":"az-europai-unio-lezarta-a-spanyolorszaggal-szembeni-tulzottdeficit-eljarast","status":"publish","type":"post","link":"https:\/\/gazdasagportal.hu\/index.php\/az-europai-unio-lezarta-a-spanyolorszaggal-szembeni-tulzottdeficit-eljarast\/","title":{"rendered":"Az Eur\u00f3pai Uni\u00f3 lez\u00e1rta a Spanyolorsz\u00e1ggal szembeni t\u00falzottdeficit-elj\u00e1r\u00e1st"},"content":{"rendered":"<p><strong>Lez\u00e1rta a Spanyolorsz\u00e1ggal szembeni t\u00falzottdeficit-elj\u00e1r\u00e1st p\u00e9nteken az Eur\u00f3pai Uni\u00f3, meger\u0151s\u00edtve, hogy Madrid hossz\u00fa \u00e9vek ut\u00e1n a brutt\u00f3 hazai term\u00e9k (GDP) h\u00e1rom sz\u00e1zal\u00e9ka al\u00e1 tudta szor\u00edtani k\u00f6lts\u00e9gvet\u00e9si hi\u00e1ny\u00e1t.<\/strong><!--more--><\/p>\n<div class=\"ads-in-post1\"><div id=\"gazdasagportal.hu_fullbanner_wideboard\"><\/div>\r\n<\/div>\n<p>    Spanyolorsz\u00e1g 2009 febru\u00e1rja \u00f3ta \u00e1llt t\u00falzottdeficit-elj\u00e1r\u00e1s alatt, eredetileg 2012-re kellett volna az uni\u00f3s szab\u00e1lyok szerint megszabott szintre m\u00e9rs\u00e9kelnie a k\u00f6lts\u00e9gvet\u00e9si hi\u00e1nyt, a hat\u00e1rid\u0151t azonban n\u00e9gyszer is meg kellett hosszabb\u00edtani.<br \/>\n    A legfrissebb adatok szerint a spanyol k\u00f6lts\u00e9gvet\u00e9si hi\u00e1ny tavaly a GDP 2,5 sz\u00e1zal\u00e9k\u00e1t tette ki, \u00edgy t\u00f6bb mint t\u00edz \u00e9v ut\u00e1n el\u0151sz\u00f6r alatta maradt a 3 sz\u00e1zal\u00e9kos uni\u00f3s hat\u00e1r\u00e9rt\u00e9knek. Az Eur\u00f3pai Bizotts\u00e1g azt v\u00e1rja, hogy a mutat\u00f3 id\u00e9n 2,3 sz\u00e1zal\u00e9kra, j\u00f6v\u0151re pedig 2 sz\u00e1zal\u00e9kra cs\u00f6kken.<br \/>\n<div class=\"ads-in-post2\"><script async src=\"https:\/\/pagead2.googlesyndication.com\/pagead\/js\/adsbygoogle.js\"><\/script>\r\n<ins class=\"adsbygoogle\"\r\n     style=\"display:block\"\r\n     data-ad-format=\"fluid\"\r\n     data-ad-layout-key=\"-6t+ed+2i-1n-4w\"\r\n     data-ad-client=\"ca-pub-1959107119989764\"\r\n     data-ad-slot=\"4008251320\"><\/ins>\r\n<script>\r\n     (adsbygoogle = window.adsbygoogle || []).push({});\r\n<\/script><\/div>\n    Spanyolorsz\u00e1gban az \u00e1llamad\u00f3ss\u00e1g szintje a GDP mintegy 97,1 sz\u00e1zal\u00e9k\u00e1t tette ki 2018-ban, ami az egyik legmagasabb \u00e9rt\u00e9k az eur\u00f3\u00f6vezetben.<br \/>\n    A gazdas\u00e1gi v\u00e1ls\u00e1g kit\u00f6r\u00e9se ut\u00e1n, 2011-ben m\u00e9g 24 tagorsz\u00e1g ellen folyt ilyen elj\u00e1r\u00e1s, utols\u00f3k\u00e9nt Spanyolorsz\u00e1ggal szemben sz\u0171nt meg a tag\u00e1llamok p\u00e9nz\u00fcgyminisztereit t\u00f6m\u00f6r\u00edt\u0151 tan\u00e1cs p\u00e9nteki d\u00f6nt\u00e9s\u00e9vel. Olaszorsz\u00e1g ellen azonban ism\u00e9t elindulhat a t\u00falzottdeficit-elj\u00e1r\u00e1s, miut\u00e1n a m\u00falt h\u00e9ten erre tett javaslatot az Eur\u00f3pai Bizotts\u00e1g.(MTI)<\/p>\n","protected":false},"excerpt":{"rendered":"<p>Lez\u00e1rta a Spanyolorsz\u00e1ggal szembeni t\u00falzottdeficit-elj\u00e1r\u00e1st p\u00e9nteken az Eur\u00f3pai Uni\u00f3, meger\u0151s\u00edtve, hogy Madrid hossz\u00fa \u00e9vek ut\u00e1n a brutt\u00f3 hazai term\u00e9k (GDP) h\u00e1rom sz\u00e1zal\u00e9ka al\u00e1 tudta szor\u00edtani k\u00f6lts\u00e9gvet\u00e9si hi\u00e1ny\u00e1t.<\/p>\n","protected":false},"author":1001003,"featured_media":0,"comment_status":"closed","ping_status":"open","sticky":false,"template":"","format":"standard","meta":[],"categories":[12,246],"tags":[],"_links":{"self":[{"href":"https:\/\/gazdasagportal.hu\/index.php\/wp-json\/wp\/v2\/posts\/116857"}],"collection":[{"href":"https:\/\/gazdasagportal.hu\/index.php\/wp-json\/wp\/v2\/posts"}],"about":[{"href":"https:\/\/gazdasagportal.hu\/index.php\/wp-json\/wp\/v2\/types\/post"}],"author":[{"embeddable":true,"href":"https:\/\/gazdasagportal.hu\/index.php\/wp-json\/wp\/v2\/users\/1001003"}],"replies":[{"embeddable":true,"href":"https:\/\/gazdasagportal.hu\/index.php\/wp-json\/wp\/v2\/comments?post=116857"}],"version-history":[{"count":1,"href":"https:\/\/gazdasagportal.hu\/index.php\/wp-json\/wp\/v2\/posts\/116857\/revisions"}],"predecessor-version":[{"id":116858,"href":"https:\/\/gazdasagportal.hu\/index.php\/wp-json\/wp\/v2\/posts\/116857\/revisions\/116858"}],"wp:attachment":[{"href":"https:\/\/gazdasagportal.hu\/index.php\/wp-json\/wp\/v2\/media?parent=116857"}],"wp:term":[{"taxonomy":"category","embeddable":true,"href":"https:\/\/gazdasagportal.hu\/index.php\/wp-json\/wp\/v2\/categories?post=116857"},{"taxonomy":"post_tag","embeddable":true,"href":"https:\/\/gazdasagportal.hu\/index.php\/wp-json\/wp\/v2\/tags?post=116857"}],"curies":[{"name":"wp","href":"https:\/\/api.w.org\/{rel}","templated":true}]}}