{"id":116847,"date":"2019-06-15T11:14:11","date_gmt":"2019-06-15T09:14:11","guid":{"rendered":"http:\/\/gazdasagportal.hu\/?p=116847"},"modified":"2019-06-15T07:19:29","modified_gmt":"2019-06-15T05:19:29","slug":"varga-mihaly-a-magyar-gazdasag-teljesitmenye-rendre-felulmulja-az-unios-varakozasokat","status":"publish","type":"post","link":"https:\/\/gazdasagportal.hu\/index.php\/varga-mihaly-a-magyar-gazdasag-teljesitmenye-rendre-felulmulja-az-unios-varakozasokat\/","title":{"rendered":"Varga Mih\u00e1ly: a magyar gazdas\u00e1g teljes\u00edtm\u00e9nye rendre fel\u00fclm\u00falja az uni\u00f3s v\u00e1rakoz\u00e1sokat"},"content":{"rendered":"<p><strong>Magyarorsz\u00e1g elfogadhatatlannak tartja, hogy az Eur\u00f3pai Szemeszterben vizsg\u00e1lt ter\u00fcletek az elm\u00falt \u00e9vekben b\u0151v\u00fcltek, \u00e9s a gazdas\u00e1gi korm\u00e1nyz\u00e1shoz olyan nem illeszked\u0151 t\u00e9m\u00e1k is el\u0151t\u00e9rbe ker\u00fcltek, mint az igazs\u00e1gszolg\u00e1ltat\u00e1ssal kapcsolatos k\u00e9rd\u00e9sek.<\/strong><!--more--><\/p>\n<div class=\"ads-in-post1\"><div id=\"gazdasagportal.hu_fullbanner_wideboard\"><\/div>\r\n<\/div>\n<p>    T\u00f6bbek k\u00f6z\u00f6tt ezt hangs\u00falyozta Varga Mih\u00e1ly p\u00e9nz\u00fcgyminiszter Luxembourgban az uni\u00f3s p\u00e9nz\u00fcgyminiszterek (Ecofin) tan\u00e1cskoz\u00e1s\u00e1n p\u00e9nteken a P\u00e9nz\u00fcgyminiszt\u00e9rium MTI-hez eljuttatott k\u00f6zlem\u00e9nye szerint.<br \/>\n    A p\u00e9nz\u00fcgyminiszter elmondta, az Ecofin \u00e1ttekintette az Eur\u00f3pai Bizotts\u00e1g orsz\u00e1gspecifikus aj\u00e1nl\u00e1saival kapcsolatos horizont\u00e1lis k\u00e9rd\u00e9seket.<br \/>\n    Varga Mih\u00e1ly kifejtette: a magyar gazdas\u00e1g teljes\u00edtm\u00e9nye rendre fel\u00fclm\u00falja az uni\u00f3s v\u00e1rakoz\u00e1sokat, az id\u00e9n 3,7 sz\u00e1zal\u00e9kos n\u00f6veked\u00e9st v\u00e1r Magyarorsz\u00e1gon. Ugyanakkor Magyarorsz\u00e1g j\u00f6v\u0151 \u00e9vi k\u00f6lts\u00e9gvet\u00e9si t\u00f6rv\u00e9nyjavaslata tov\u00e1bbra is kisz\u00e1m\u00edthat\u00f3 k\u00f6rnyezetet biztos\u00edt a magyar gazdas\u00e1g szerepl\u0151inek, egysz\u00e1zal\u00e9kos hi\u00e1nyc\u00e9l mellett egysz\u00e1zal\u00e9kos tartal\u00e9kkal \u00e9s n\u00e9gysz\u00e1zal\u00e9kos n\u00f6veked\u00e9ssel sz\u00e1mol.<br \/>\n<div class=\"ads-in-post2\"><script async src=\"https:\/\/pagead2.googlesyndication.com\/pagead\/js\/adsbygoogle.js\"><\/script>\r\n<ins class=\"adsbygoogle\"\r\n     style=\"display:block\"\r\n     data-ad-format=\"fluid\"\r\n     data-ad-layout-key=\"-6t+ed+2i-1n-4w\"\r\n     data-ad-client=\"ca-pub-1959107119989764\"\r\n     data-ad-slot=\"4008251320\"><\/ins>\r\n<script>\r\n     (adsbygoogle = window.adsbygoogle || []).push({});\r\n<\/script><\/div>\n    A magyar gazdas\u00e1g b\u0151v\u00fcl\u00e9se \u00f6sszhangban van a n\u00f6veked\u00e9si k\u00e9pess\u00e9g\u00e9vel, az elm\u00falt \u00e9vek adatai tart\u00f3s, az uni\u00f3s \u00e1tlag feletti fellend\u00fcl\u00e9st hoztak, ez\u00e9rt a magyar korm\u00e1ny legfontosabb c\u00e9lja, hogy a vil\u00e1ggazdas\u00e1gi \u00e9s eur\u00f3\u00f6vezeti lassul\u00e1s ellen\u00e9re is megv\u00e9dje az el\u00e9rt eredm\u00e9nyeket &#8211; tette hozz\u00e1.<br \/>\n    Az alacsony k\u00f6lts\u00e9gvet\u00e9si hi\u00e1ny mellett stabilan folytat\u00f3dhat az ad\u00f3ss\u00e1gr\u00e1ta cs\u00f6kken\u00e9se &#8211; 2022-ben a brutt\u00f3 hazai term\u00e9k 60 sz\u00e1zal\u00e9ka al\u00e1 ker\u00fclhet -, \u00e9s a bizotts\u00e1g \u00e1ltal v\u00e1rtn\u00e1l magasabb gazdas\u00e1gi n\u00f6veked\u00e9s mellett a k\u00f6z\u00e9pt\u00e1v\u00fa k\u00f6lts\u00e9gvet\u00e9si c\u00e9l m\u00e1r 2020-ban teljes\u00fclhet &#8211; mondta.<br \/>\n    Besz\u00e1molt arr\u00f3l is, hogy a p\u00e9nz\u00fcgyminiszterek v\u00e9lem\u00e9nyt cser\u00e9ltek a bizotts\u00e1g hossz\u00fa t\u00e1v\u00fa kl\u00edmav\u00e9delmi strat\u00e9gi\u00e1j\u00e1r\u00f3l is, annak gazdas\u00e1gi \u00e9s p\u00e9nz\u00fcgyi hat\u00e1sait elemezve. A tervezet szerint az Eur\u00f3pai Uni\u00f3ban a brutt\u00f3 hazai term\u00e9k (GDP) 2,8 sz\u00e1zal\u00e9k\u00e1t, mintegy 520-575 milli\u00e1rd eur\u00f3t kell az energiarendszerek \u00e9s a kapcsol\u00f3d\u00f3 infrastrukt\u00fara fejleszt\u00e9s\u00e9re ford\u00edtani a 2031-2050 k\u00f6z\u00f6tti id\u0151szakban.<br \/>\n    Varga Mih\u00e1ly arra h\u00edvta fel a figyelmet, hogy a v\u00e1ltoztat\u00e1sokat megval\u00f3s\u00edt\u00f3 beruh\u00e1z\u00e1sok sz\u00e1mos ter\u00fcleten hozhatnak n\u00f6veked\u00e9st, teremthetnek \u00faj munkahelyeket, de az \u00e1tmenet bizonyos \u00e1gazatokban visszaes\u00e9st gener\u00e1lhat. Ez\u00e9rt olyan megold\u00e1sokat kell kidolgozni, amelyek figyelembe veszik az egyes tag\u00e1llamok lehet\u0151s\u00e9gei k\u00f6z\u00f6tti elt\u00e9r\u00e9seket, illetve nem okoznak versenyh\u00e1tr\u00e1nyt az eur\u00f3pai gazdas\u00e1gnak &#8211; h\u00fazta al\u00e1.(MTI)<\/p>\n","protected":false},"excerpt":{"rendered":"<p>Magyarorsz\u00e1g elfogadhatatlannak tartja, hogy az Eur\u00f3pai Szemeszterben vizsg\u00e1lt ter\u00fcletek az elm\u00falt \u00e9vekben b\u0151v\u00fcltek, \u00e9s a gazdas\u00e1gi korm\u00e1nyz\u00e1shoz olyan nem illeszked\u0151 t\u00e9m\u00e1k is el\u0151t\u00e9rbe ker\u00fcltek, mint az igazs\u00e1gszolg\u00e1ltat\u00e1ssal kapcsolatos k\u00e9rd\u00e9sek.<\/p>\n","protected":false},"author":1001003,"featured_media":0,"comment_status":"closed","ping_status":"open","sticky":false,"template":"","format":"standard","meta":[],"categories":[19],"tags":[],"_links":{"self":[{"href":"https:\/\/gazdasagportal.hu\/index.php\/wp-json\/wp\/v2\/posts\/116847"}],"collection":[{"href":"https:\/\/gazdasagportal.hu\/index.php\/wp-json\/wp\/v2\/posts"}],"about":[{"href":"https:\/\/gazdasagportal.hu\/index.php\/wp-json\/wp\/v2\/types\/post"}],"author":[{"embeddable":true,"href":"https:\/\/gazdasagportal.hu\/index.php\/wp-json\/wp\/v2\/users\/1001003"}],"replies":[{"embeddable":true,"href":"https:\/\/gazdasagportal.hu\/index.php\/wp-json\/wp\/v2\/comments?post=116847"}],"version-history":[{"count":1,"href":"https:\/\/gazdasagportal.hu\/index.php\/wp-json\/wp\/v2\/posts\/116847\/revisions"}],"predecessor-version":[{"id":116848,"href":"https:\/\/gazdasagportal.hu\/index.php\/wp-json\/wp\/v2\/posts\/116847\/revisions\/116848"}],"wp:attachment":[{"href":"https:\/\/gazdasagportal.hu\/index.php\/wp-json\/wp\/v2\/media?parent=116847"}],"wp:term":[{"taxonomy":"category","embeddable":true,"href":"https:\/\/gazdasagportal.hu\/index.php\/wp-json\/wp\/v2\/categories?post=116847"},{"taxonomy":"post_tag","embeddable":true,"href":"https:\/\/gazdasagportal.hu\/index.php\/wp-json\/wp\/v2\/tags?post=116847"}],"curies":[{"name":"wp","href":"https:\/\/api.w.org\/{rel}","templated":true}]}}