{"id":116835,"date":"2019-06-14T17:41:59","date_gmt":"2019-06-14T15:41:59","guid":{"rendered":"http:\/\/gazdasagportal.hu\/?p=116835"},"modified":"2019-06-14T15:43:06","modified_gmt":"2019-06-14T13:43:06","slug":"elemzok-az-epitoipari-termeles-kimagaslo-novekedese-tartosnak-igerkezik","status":"publish","type":"post","link":"https:\/\/gazdasagportal.hu\/index.php\/elemzok-az-epitoipari-termeles-kimagaslo-novekedese-tartosnak-igerkezik\/","title":{"rendered":"Elemz\u0151k: az \u00e9p\u00edt\u0151ipari termel\u00e9s kimagasl\u00f3 n\u00f6veked\u00e9se tart\u00f3snak \u00edg\u00e9rkezik"},"content":{"rendered":"<p><strong>Az \u00e9p\u00edt\u0151ipar tart\u00f3san hozz\u00e1j\u00e1rul a gazdas\u00e1gi n\u00f6veked\u00e9shez \u00e9s n\u00f6veli s\u00faly\u00e1t a brutt\u00f3 hazai term\u00e9ken (GDP) bel\u00fcl &#8211; \u00e1llap\u00edtott\u00e1k meg a legfrissebb adatokat komment\u00e1lva az MTI-nek nyilatkoz\u00f3 elemz\u0151k. <\/strong><!--more--><\/p>\n<div class=\"ads-in-post1\"><div id=\"gazdasagportal.hu_fullbanner_wideboard\"><\/div>\r\n<\/div>\n<p>    A K\u00f6zponti Statisztikai Hivatal (KSH) p\u00e9nteken kiadott jelent\u00e9se szerint \u00e1prilisban az \u00e9p\u00edt\u0151ipari termel\u00e9s volumene 40,1 sz\u00e1zal\u00e9kkal meghaladta az egy \u00e9vvel kor\u00e1bbit. Az \u00e9p\u00fcletek \u00e9p\u00edt\u00e9se 34,3, az egy\u00e9b \u00e9p\u00edtm\u00e9nyek\u00e9 47,9 sz\u00e1zal\u00e9kkal n\u0151tt. Az \u00e9p\u00fcletekn\u00e9l ipari, lak\u00f3- \u00e9s iroda\u00e9p\u00fcletek \u00e9p\u00edt\u00e9se, az egy\u00e9b \u00e9p\u00edtm\u00e9nyekn\u00e9l pedig tov\u00e1bbra is az \u00fat- \u00e9s vas\u00fat\u00e9p\u00edt\u00e9sek eredm\u00e9nyezt\u00e9k a n\u00f6veked\u00e9st<br \/>\n    Suppan Gergely, a Takar\u00e9kbank elemz\u0151je az MTI-nek megk\u00fcld\u00f6tt komment\u00e1rj\u00e1ban meg\u00e1llap\u00edtja: az \u00e9p\u00edt\u0151ipar a tavalyi robosztus teljes\u00edtm\u00e9nye ut\u00e1n kiugr\u00f3 lend\u00fclettel ind\u00edtja az idei \u00e9vet is, \u00edgy 2019-ben is \u00e9rdemben hozz\u00e1j\u00e1rul majd a n\u00f6veked\u00e9shez \u00e9s ebb\u0151l k\u00f6vetkez\u0151en a s\u00falya is tov\u00e1bb n\u0151het a nemzetgazdas\u00e1gi \u00e1gazatok k\u00f6zt. A Takar\u00e9kbank az id\u00e9n 30 sz\u00e1zal\u00e9kot meghalad\u00f3 n\u00f6veked\u00e9sre sz\u00e1m\u00edt az \u00e1gazatban.<br \/>\n<div class=\"ads-in-post2\"><script async src=\"https:\/\/pagead2.googlesyndication.com\/pagead\/js\/adsbygoogle.js\"><\/script>\r\n<ins class=\"adsbygoogle\"\r\n     style=\"display:block\"\r\n     data-ad-format=\"fluid\"\r\n     data-ad-layout-key=\"-6t+ed+2i-1n-4w\"\r\n     data-ad-client=\"ca-pub-1959107119989764\"\r\n     data-ad-slot=\"4008251320\"><\/ins>\r\n<script>\r\n     (adsbygoogle = window.adsbygoogle || []).push({});\r\n<\/script><\/div>\n    Az \u00fajlak\u00e1s \u00e1tad\u00e1si hull\u00e1m fogja h\u00fazni az \u00e9p\u00edt\u0151ipart, legal\u00e1bb 25 ezer lak\u00e1s \u00e1tad\u00e1s\u00e1ra sz\u00e1m\u00edt a szektor, emellett a budapesti irodapiacon 700 ezer n\u00e9gyzetm\u00e9ter van megval\u00f3s\u00edt\u00e1si f\u00e1zisban. Az \u00e9p\u00edt\u0151ipart a feldolgoz\u00f3ipari beruh\u00e1z\u00e1sok, sz\u00e1lloda fejleszt\u00e9sek, \u00e1llami beruh\u00e1z\u00e1sok, valamint az uni\u00f3s t\u00e1mogat\u00e1ssal \u00e9p\u00fcl\u0151 beruh\u00e1z\u00e1sok is t\u00e1mogatj\u00e1k. Korm\u00e1nyzati forr\u00e1sok szerint a k\u00f6vetkez\u0151 \u00e9vekben ak\u00e1r 25 ezer milli\u00e1rd forint rendel\u00e9s \u00e9rkezhet az \u00e9p\u00edt\u0151iparba.<br \/>\n    A szakk\u00e9pzett munkaer\u0151 hi\u00e1nya tov\u00e1bbra is jelent\u0151s probl\u00e9ma az ipar\u00e1gon bel\u00fcl. Az \u00e9p\u00edt\u0151iparban Suppan Gergely folytat\u00f3d\u00f3 b\u00e9remelked\u00e9sre \u00e9s feh\u00e9red\u00e9sre sz\u00e1m\u00edt a k\u00f6vetkez\u0151 \u00e9vekben, \u00fagy v\u00e9li, a hat\u00e9konys\u00e1gn\u00f6vel\u0151 beruh\u00e1z\u00e1sok felfut\u00e1s\u00e1val p\u00e1rhuzamosan tov\u00e1bb folytat\u00f3dhat a szakk\u00e9pzett munkaer\u0151 egy r\u00e9sz\u00e9nek fokozatosan vissza\u00e1raml\u00e1sa \u00e9s enyh\u00fclhet a kivitelez\u0151i kapacit\u00e1skorl\u00e1t.<br \/>\n    Reg\u0151s G\u00e1bor, a Sz\u00e1zadv\u00e9g Gazdas\u00e1gkutat\u00f3 makrogazdas\u00e1gi \u00fczlet\u00e1g\u00e1nak vezet\u0151je azt emelte ki, hogy az \u00e9p\u00edt\u0151iparban m\u0171k\u00f6d\u0151 v\u00e1llalkoz\u00e1sok egyre n\u00f6velik termel\u0151kapacit\u00e1saikat, \u00edgy a folyamatosan magas keresletet egyre jobban ki tudj\u00e1k el\u00e9g\u00edteni. A rendel\u00e9s\u00e1llom\u00e1ny n\u00f6veked\u00e9se meg\u00e1llt: m\u00edg az \u00e9p\u00fcletekn\u00e9l tov\u00e1bbra is n\u0151, addig az egy\u00e9b \u00e9p\u00edtm\u00e9nyekn\u00e9l cs\u00f6kken. Ez \u00f6sszef\u00fcgg\u00e9sben \u00e1llhat az uni\u00f3s forr\u00e1sok lek\u00f6t\u00e9s\u00e9vel, amelyek t\u00e9nyleges felhaszn\u00e1l\u00e1sa azonban csak fokozatosan t\u00f6rt\u00e9nik meg. A kedvez\u0151 \u00e1prilisi adat ut\u00e1n az elemz\u0151 arra sz\u00e1m\u00edt, hogy az \u00e9p\u00edt\u0151ipar a m\u00e1sodik negyed\u00e9vben is \u00e9rdemben hozz\u00e1 tud j\u00e1rulni a gazdas\u00e1gi n\u00f6veked\u00e9shez.(MTI)<\/p>\n","protected":false},"excerpt":{"rendered":"<p>Az \u00e9p\u00edt\u0151ipar tart\u00f3san hozz\u00e1j\u00e1rul a gazdas\u00e1gi n\u00f6veked\u00e9shez \u00e9s n\u00f6veli s\u00faly\u00e1t a brutt\u00f3 hazai term\u00e9ken (GDP) bel\u00fcl &#8211; \u00e1llap\u00edtott\u00e1k meg a legfrissebb adatokat komment\u00e1lva az MTI-nek nyilatkoz\u00f3 elemz\u0151k.<\/p>\n","protected":false},"author":1,"featured_media":0,"comment_status":"closed","ping_status":"open","sticky":false,"template":"","format":"standard","meta":[],"categories":[19],"tags":[],"_links":{"self":[{"href":"https:\/\/gazdasagportal.hu\/index.php\/wp-json\/wp\/v2\/posts\/116835"}],"collection":[{"href":"https:\/\/gazdasagportal.hu\/index.php\/wp-json\/wp\/v2\/posts"}],"about":[{"href":"https:\/\/gazdasagportal.hu\/index.php\/wp-json\/wp\/v2\/types\/post"}],"author":[{"embeddable":true,"href":"https:\/\/gazdasagportal.hu\/index.php\/wp-json\/wp\/v2\/users\/1"}],"replies":[{"embeddable":true,"href":"https:\/\/gazdasagportal.hu\/index.php\/wp-json\/wp\/v2\/comments?post=116835"}],"version-history":[{"count":1,"href":"https:\/\/gazdasagportal.hu\/index.php\/wp-json\/wp\/v2\/posts\/116835\/revisions"}],"predecessor-version":[{"id":116836,"href":"https:\/\/gazdasagportal.hu\/index.php\/wp-json\/wp\/v2\/posts\/116835\/revisions\/116836"}],"wp:attachment":[{"href":"https:\/\/gazdasagportal.hu\/index.php\/wp-json\/wp\/v2\/media?parent=116835"}],"wp:term":[{"taxonomy":"category","embeddable":true,"href":"https:\/\/gazdasagportal.hu\/index.php\/wp-json\/wp\/v2\/categories?post=116835"},{"taxonomy":"post_tag","embeddable":true,"href":"https:\/\/gazdasagportal.hu\/index.php\/wp-json\/wp\/v2\/tags?post=116835"}],"curies":[{"name":"wp","href":"https:\/\/api.w.org\/{rel}","templated":true}]}}