{"id":116824,"date":"2019-06-14T12:33:21","date_gmt":"2019-06-14T10:33:21","guid":{"rendered":"http:\/\/gazdasagportal.hu\/?p=116824"},"modified":"2019-06-14T12:16:53","modified_gmt":"2019-06-14T10:16:53","slug":"hitelopciok-kozott-is-kiigazodnak-a-kh-orszagos-vetelkedojenek-dontosei","status":"publish","type":"post","link":"https:\/\/gazdasagportal.hu\/index.php\/hitelopciok-kozott-is-kiigazodnak-a-kh-orszagos-vetelkedojenek-dontosei\/","title":{"rendered":"Hitelopci\u00f3k k\u00f6z\u00f6tt is kiigazodnak a K&#038;H orsz\u00e1gos vet\u00e9lked\u0151j\u00e9nek d\u00f6nt\u0151sei"},"content":{"rendered":"<p><strong>T\u00f6bb mint 8200 di\u00e1k indult a tan\u00e9v elej\u00e9n a K&amp;H Vigy\u00e1zz, k\u00e9sz, p\u00e9nz! p\u00e9nz\u00fcgyi vet\u00e9lked\u0151n, majd k\u00e9t online fordul\u00f3 \u00e9s a region\u00e1lis k\u00f6z\u00e9pd\u00f6nt\u0151k pr\u00f3bat\u00e9telei ut\u00e1n 150 fiatal m\u00e9rhette \u00f6ssze p\u00e9nz\u00fcgyi tud\u00e1s\u00e1t a budapesti fin\u00e1l\u00e9ban j\u00fanius 11-12-\u00e9n. A di\u00e1koknak p\u00e9nz\u00fcgyi tervet kellett fel\u00e1ll\u00edtaniuk, hitelopci\u00f3kat m\u00e9rlegeltek, utasbiztos\u00edt\u00e1st kalkul\u00e1ltak \u00e9s az online v\u00e1s\u00e1rl\u00e1s p\u00e9nz\u00fcgyi szempontjait vett\u00e9k sorra k\u00fcl\u00f6nf\u00e9le szitu\u00e1ci\u00f3s gyakorlatokban. A vet\u00e9lked\u0151n r\u00e9szt vev\u0151 di\u00e1kok sok feln\u0151ttet is lek\u00f6r\u00f6znek a p\u00e9nz\u00fcgyi tud\u00e1sban \u00e9s r\u00e1termetts\u00e9gben.<\/strong><!--more--><\/p>\n<div class=\"ads-in-post1\"><div id=\"gazdasagportal.hu_fullbanner_wideboard\"><\/div>\r\n<\/div>\n<p>&nbsp;<\/p>\n<p>N\u00e9gy korcsoportra bontva 3-11. oszt\u00e1lyosok k\u00f6r\u00e9ben rendezt\u00e9k meg a K&amp;H orsz\u00e1gos p\u00e9nz\u00fcgyi vet\u00e9lked\u0151j\u00e9t, amely imm\u00e1r kilenc \u00e9ve t\u00e1mogatja a fiatalok p\u00e9nz\u00fcgyi k\u00e9szs\u00e9gfejleszt\u00e9s\u00e9t. A 2018\/19-es tan\u00e9vt\u0151l meg\u00fajult digit\u00e1lis ismeretanyaggal \u00e9s sz\u00e9lesebb nevez\u0151i k\u00f6rrel indult a vet\u00e9lked\u0151, \u00edgy az \u00e1ltal\u00e1nos iskol\u00e1sok mellett <strong>m\u00e1r a k\u00f6z\u00e9piskol\u00e1sok is pr\u00f3b\u00e1ra tehett\u00e9k p\u00e9nz\u00fcgyi tud\u00e1sukat. <\/strong>\u201e<strong>M\u00e9rf\u00f6ldk\u0151h\u00f6z \u00e9rkezett a K&amp;H Vigy\u00e1zz, k\u00e9sz, p\u00e9nz! p\u00e9nz\u00fcgyi vet\u00e9lked\u0151<\/strong> az idei tan\u00e9vben, hiszen a teljes tud\u00e1sanyagot \u00e1talak\u00edtottuk, modernebb digit\u00e1lis megold\u00e1sokra \u00e9p\u00edtkezt\u00fcnk, <a href=\"https:\/\/www.kh-vigyazzkeszpenz.hu\/#tudasanyag\" target=\"_blank\" rel=\"noopener\">vlogsorozatot \u00e9s mobilapplik\u00e1ci\u00f3t<\/a> fejlesztett\u00fcnk, valamint a d\u00f6nt\u0151 feladv\u00e1nyaiban is a digit\u00e1lis eszk\u00f6zhaszn\u00e1latra helyezt\u00fck a hangs\u00falyt. A vet\u00e9lked\u0151 siker\u00e9t jelzi, hogy \u00e9vr\u0151l \u00e9vre t\u00f6bb ezer di\u00e1k vesz r\u00e9szt a programunkban, id\u00e9n 8264 di\u00e1k, t\u00f6bb mint 700 pedag\u00f3gus seg\u00edts\u00e9g\u00e9vel k\u00e9sz\u00fclt a versenyre\u201d \u2013 <strong>mondta Horv\u00e1th Magyary N\u00f3ra, a K&amp;H Csoport kommunik\u00e1ci\u00f3s \u00fcgyvezet\u0151 igazgat\u00f3ja.<\/strong><\/p><div id=\"gazda-480185859\" class=\"gazda-tartalomban gazda-entity-placement\"><script async src=\"https:\/\/pagead2.googlesyndication.com\/pagead\/js\/adsbygoogle.js\"><\/script>\r\n<ins class=\"adsbygoogle\"\r\n     style=\"display:block\"\r\n     data-ad-format=\"fluid\"\r\n     data-ad-layout-key=\"-6t+ed+2i-1n-4w\"\r\n     data-ad-client=\"ca-pub-1959107119989764\"\r\n     data-ad-slot=\"4008251320\"><\/ins>\r\n<script>\r\n     (adsbygoogle = window.adsbygoogle || []).push({});\r\n<\/script><\/div>\n<p>&nbsp;<\/p>\n<p>Lak\u00e1shitel opci\u00f3k k\u00f6z\u00fcl nem k\u00f6nny\u0171 v\u00e1lasztani, m\u00e9rlegelni mekkora \u00f6ner\u0151 mellett mekkora \u00e9s milyen hitelt \u00e9rdemes v\u00e1lasztani. A K&amp;H Vigy\u00e1zz, k\u00e9sz, p\u00e9nz! p\u00e9nz\u00fcgyi vet\u00e9lked\u0151 d\u00f6nt\u0151j\u00e9ben viszont ez m\u00e1r egy alapfeladatnak sz\u00e1m\u00edtott. A di\u00e1koknak k\u00fcl\u00f6nf\u00e9le, a <strong>mindennapokban is el\u0151fordul\u00f3 szitu\u00e1ci\u00f3kban<\/strong> kellett p\u00e9nz\u00fcgyi k\u00e9rd\u00e9seket megoldaniuk, sz\u00e1molniuk, de legf\u0151k\u00e9pp tudatosan gondolkozniuk \u00e9s tervezni\u00fck.<\/p>\n<p>&nbsp;<br \/>\n<div class=\"ads-in-post2\"><script async src=\"https:\/\/pagead2.googlesyndication.com\/pagead\/js\/adsbygoogle.js\"><\/script>\r\n<ins class=\"adsbygoogle\"\r\n     style=\"display:block\"\r\n     data-ad-format=\"fluid\"\r\n     data-ad-layout-key=\"-6t+ed+2i-1n-4w\"\r\n     data-ad-client=\"ca-pub-1959107119989764\"\r\n     data-ad-slot=\"4008251320\"><\/ins>\r\n<script>\r\n     (adsbygoogle = window.adsbygoogle || []).push({});\r\n<\/script><\/div>\n<p>A vet\u00e9lked\u0151 d\u00f6nt\u0151j\u00e9ben <strong>az orsz\u00e1g 26 telep\u00fcl\u00e9s\u00e9r\u0151l, 31 k\u00fcl\u00f6nb\u00f6z\u0151 iskol\u00e1b\u00f3l 146 di\u00e1k m\u00e9rte \u00f6ssze tud\u00e1s\u00e1t<\/strong>. A fin\u00e1l\u00e9ba a legt\u00f6bb di\u00e1k Budapestr\u0151l, B\u00e1cs-Kiskun \u00e9s Hajd\u00fa-Bihar megy\u00e9kb\u0151l jutott tov\u00e1bb. A gy\u0151ztes csapatok az al\u00e1bbiak lettek:<\/p>\n<p>&nbsp;<\/p>\n<ul>\n<li>3-4. oszt\u00e1ly: Gy\u00f6ngyvad\u00e1szok, Gy\u00f6ngy\u00f6sfalu, Vas megye, Dr. Tolnay S\u00e1ndor \u00c1ltal\u00e1nos Iskola<\/li>\n<li>5-6. oszt\u00e1ly: \u00c1rzab\u00e1l\u00f3k, Zalaegerszegi Zr\u00ednyi Mikl\u00f3s Gimn\u00e1zium<\/li>\n<li>7-8. oszt\u00e1ly: K\u00f6zp\u00e9nz, Budapest, \u00dajpesti Babits Mih\u00e1ly Gimn\u00e1zium<\/li>\n<li>9-11. oszt\u00e1ly: Mind Arany, Zalaegerszegi Zr\u00ednyi Mikl\u00f3s Gimn\u00e1zium<\/li>\n<\/ul>\n<p>&nbsp;<\/p>\n<p>A gy\u0151ztesek <strong>tabletet, akci\u00f3kamer\u00e1t, dr\u00f3nt \u00e9s vezet\u00e9k n\u00e9lk\u00fcli fejhallgat\u00f3t<\/strong> nyertek. A K&amp;H Csoport a gy\u0151ztes csapatok iskol\u00e1it \u00e9s felk\u00e9sz\u00edt\u0151it <strong>t\u00f6bb sz\u00e1zezer forint \u00f6ssz\u00e9rt\u00e9k\u0171 aj\u00e1nd\u00e9kutalv\u00e1nnyal<\/strong> d\u00edjazta. Az els\u0151 helyezett csapatok pedig a Magyar \u00c1llami Operah\u00e1z k\u00fcl\u00f6nd\u00edjasaik\u00e9nt egy-egy el\u0151ad\u00e1sra is megh\u00edv\u00e1st kaptak.<\/p>\n<p>&nbsp;<\/p>\n<p>A vet\u00e9lked\u0151 a k\u00f6vetkez\u0151 tan\u00e9vben imm\u00e1r tizedik alkalommal indul \u00fatj\u00e1ra, de a vigy\u00e1zz#K\u00e1P\u00e9 vlogsorozattal \u00e9s mobilapplik\u00e1ci\u00f3val eg\u00e9sz ny\u00e1ron sz\u00f3rakoztat\u00f3an \u00e9s j\u00e1t\u00e9kosan frissen tarthatj\u00e1k \u00e9s fejleszthetik p\u00e9nz\u00fcgyi tud\u00e1sukat.<\/p>\n<p>&nbsp;<\/p>\n<p><strong>\u00d6n mennyire naprak\u00e9sz a p\u00e9nz\u00fcgyekben? <\/strong><a href=\"https:\/\/www.playbuzz.com\/item\/5a7ad089-ed92-454e-902d-77ce170a8c5b\" target=\"_blank\" rel=\"noopener noreferrer\"><strong>Tesztelje tud\u00e1s\u00e1t a K&amp;H Vigy\u00e1zz, k\u00e9sz, p\u00e9nz! p\u00e9nz\u00fcgyi vet\u00e9lked\u0151 d\u00f6nt\u0151s feladv\u00e1nyaival!<\/strong><\/a><strong> \u00a0<\/strong><\/p>\n<p>&nbsp;<\/p>\n<p>&nbsp;<\/p>\n<p>&nbsp;<\/p>\n<p><strong>A K&amp;H Vigy\u00e1zz, k\u00e9sz, p\u00e9nz! p\u00e9nz\u00fcgyi vet\u00e9lked\u0151r\u0151l<\/strong><\/p>\n<p>&nbsp;<\/p>\n<p>A K&amp;H Csoport t\u00e1rsadalmi szerepv\u00e1llal\u00e1s\u00e1nak r\u00e9szek\u00e9nt 2010-ben ind\u00edtotta \u00fatj\u00e1ra a K&amp;H Vigy\u00e1zz, k\u00e9sz, p\u00e9nz! p\u00e9nz\u00fcgyi vet\u00e9lked\u0151t. A program c\u00e9lja, hogy a magyarorsz\u00e1gi \u00e1ltal\u00e1nos \u00e9s k\u00f6z\u00e9piskol\u00e1sok p\u00e9nz\u00fcgyi, gazd\u00e1lkod\u00e1si ismereteit gyarap\u00edtsa. A vet\u00e9lked\u0151 programja \u00e9vr\u0151l \u00e9vre egyre t\u00f6bb di\u00e1kot vonz orsz\u00e1gszerte. A verseny indul\u00e1s\u00e1t\u00f3l a nevez\u00e9sek sz\u00e1ma mintegy megt\u00edzszerez\u0151d\u00f6tt, 2019-ben imm\u00e1r 8264 f\u0151 r\u00e9szv\u00e9tel\u00e9vel zajlik a verseny. 2010 \u00f3ta a\u00a0K&amp;H\u00a0Vigy\u00e1zz, k\u00e9sz, p\u00e9nz! p\u00e9nz\u00fcgyi vet\u00e9lked\u0151re \u00f6sszesen 759 telep\u00fcl\u00e9sr\u0151l 1696 iskola csapata p\u00e1ly\u00e1zott. Ez \u00f6sszesen t\u00f6bb mint 46 200 r\u00e9sztvev\u0151di\u00e1kot jelentett. A K&amp;H Csoport a K&amp;H Vigy\u00e1zz, k\u00e9sz, p\u00e9nz! p\u00e9nz\u00fcgyi vet\u00e9lked\u0151 programj\u00e1val a feln\u00f6vekv\u0151 gener\u00e1ci\u00f3 p\u00e9nz\u00fcgyi tudatoss\u00e1gra nevel\u00e9s\u00e9t k\u00edv\u00e1nja el\u0151re mozd\u00edtani annak \u00e9rdek\u00e9ben, hogy feln\u0151ttk\u00e9nt majd okos p\u00e9nz\u00fcgyi d\u00f6nt\u00e9seket hozhassanak.<\/p>\n<p><strong>\u00a0<\/strong><\/p>\n<p><strong>A K&amp;H Csoport<\/strong><\/p>\n<p>Az orsz\u00e1g egyik vezet\u0151 \u00e9s orsz\u00e1gosan k\u00f6zel 4000 munkat\u00e1rsat foglalkoztat\u00f3 p\u00e9nzint\u00e9zetek\u00e9nt a K&amp;H c\u00e9lja, hogy \u00fcgyfelei ig\u00e9nyeit mindenkor magas szinten el\u00e9g\u00edtse ki, \u00e9s a lehet\u0151 legteljesebb term\u00e9kpalett\u00e1t ny\u00fajtsa sz\u00e1mukra. A K&amp;H orsz\u00e1gszerte 206 lakoss\u00e1gi fi\u00f3kot m\u0171k\u00f6dtet, \u00e9s csoportszinten t\u00f6bb mint m\u00e1sf\u00e9lmilli\u00f3 \u00fcgyf\u00e9lnek k\u00edn\u00e1l p\u00e9nz\u00fcgyi szolg\u00e1ltat\u00e1sokat. A magyar gazdas\u00e1g m\u0171k\u00f6d\u00e9s\u00e9t t\u00f6bb mint 2200 milli\u00e1rd forintnyi kihelyezett hitel- \u00e9s hiteljelleg\u0171 \u00e1llom\u00e1nnyal seg\u00edti h\u00e1ztart\u00e1sok, kisv\u00e1llalkoz\u00e1sok, v\u00e1llalatok \u00e9s \u00f6nkorm\u00e1nyzatok finansz\u00edroz\u00e1s\u00e1n kereszt\u00fcl. A c\u00e9gcsoport teljes tev\u00e9kenys\u00e9ge hozz\u00e1vet\u0151legesen 4000 magyar besz\u00e1ll\u00edt\u00f3nak \u00e9s mintegy 700 banki \u00e9s biztos\u00edt\u00e1si \u00fcgyn\u00f6knek biztos\u00edt megrendel\u00e9seket \u00e9s folyamatos tev\u00e9kenys\u00e9get<\/p>\n<p>&nbsp;<\/p>\n<p><strong>K&amp;H Bank<\/strong><\/p>\n<ol start=\"2019\">\n<li><u> I. negyed\u00e9v\u00e9nek v\u00e9g\u00e9n:<\/u><\/li>\n<\/ol>\n<p>saj\u00e1t t\u0151ke (IFRS konszolid\u00e1lt, nem audit\u00e1lt): <strong>320 milli\u00e1rd forint<\/strong><\/p>\n<p>m\u00e9rlegf\u0151\u00f6sszeg (IFRS konszolid\u00e1lt, nem audit\u00e1lt): <strong>3247 milli\u00e1rd forint<\/strong><\/p>\n<p>ad\u00f3z\u00e1s ut\u00e1ni eredm\u00e9ny (IFRS konszolid\u00e1lt, nem audit\u00e1lt):<strong> 12,2 milli\u00e1rd<\/strong> forint<\/p>\n<p>&nbsp;<\/p>\n<p><strong>K&amp;H Biztos\u00edt\u00f3<\/strong><\/p>\n<ol start=\"2019\">\n<li><u> I. negyed\u00e9v\u00e9nek v\u00e9g\u00e9n<\/u><u>:<\/u><\/li>\n<\/ol>\n<p>saj\u00e1t t\u0151ke (IFRS konszolid\u00e1lt, nem audit\u00e1lt):<strong> 11,8 milli\u00e1rd forint<\/strong><\/p>\n<p>m\u00e9rlegf\u0151\u00f6sszeg (IFRS konszolid\u00e1lt, nem audit\u00e1lt):<strong> 179,4 milli\u00e1rd forint<\/strong><\/p>\n<p>biztost\u00e1stechnikai eredm\u00e9ny (IFRS konszolid\u00e1lt, nem audit\u00e1lt):<strong> 1,7 milli\u00e1rd forint<\/strong><\/p>\n<p>ad\u00f3z\u00e1s ut\u00e1ni eredm\u00e9ny (IFRS konszolid\u00e1lt, nem audit\u00e1lt):<strong> 1,3 milli\u00e1rd forint<\/strong><\/p>\n","protected":false},"excerpt":{"rendered":"<p>T\u00f6bb mint 8200 di\u00e1k indult a tan\u00e9v elej\u00e9n a K&amp;H Vigy\u00e1zz, k\u00e9sz, p\u00e9nz! p\u00e9nz\u00fcgyi vet\u00e9lked\u0151n, majd k\u00e9t online fordul\u00f3 \u00e9s a region\u00e1lis k\u00f6z\u00e9pd\u00f6nt\u0151k pr\u00f3bat\u00e9telei ut\u00e1n 150 fiatal m\u00e9rhette \u00f6ssze p\u00e9nz\u00fcgyi tud\u00e1s\u00e1t a budapesti fin\u00e1l\u00e9ban j\u00fanius 11-12-\u00e9n. A di\u00e1koknak p\u00e9nz\u00fcgyi tervet kellett fel\u00e1ll\u00edtaniuk, hitelopci\u00f3kat m\u00e9rlegeltek, utasbiztos\u00edt\u00e1st kalkul\u00e1ltak \u00e9s az online v\u00e1s\u00e1rl\u00e1s p\u00e9nz\u00fcgyi szempontjait vett\u00e9k sorra k\u00fcl\u00f6nf\u00e9le &#8230;<\/p>\n","protected":false},"author":1,"featured_media":0,"comment_status":"closed","ping_status":"open","sticky":false,"template":"","format":"standard","meta":[],"categories":[146,19],"tags":[],"_links":{"self":[{"href":"https:\/\/gazdasagportal.hu\/index.php\/wp-json\/wp\/v2\/posts\/116824"}],"collection":[{"href":"https:\/\/gazdasagportal.hu\/index.php\/wp-json\/wp\/v2\/posts"}],"about":[{"href":"https:\/\/gazdasagportal.hu\/index.php\/wp-json\/wp\/v2\/types\/post"}],"author":[{"embeddable":true,"href":"https:\/\/gazdasagportal.hu\/index.php\/wp-json\/wp\/v2\/users\/1"}],"replies":[{"embeddable":true,"href":"https:\/\/gazdasagportal.hu\/index.php\/wp-json\/wp\/v2\/comments?post=116824"}],"version-history":[{"count":1,"href":"https:\/\/gazdasagportal.hu\/index.php\/wp-json\/wp\/v2\/posts\/116824\/revisions"}],"predecessor-version":[{"id":116826,"href":"https:\/\/gazdasagportal.hu\/index.php\/wp-json\/wp\/v2\/posts\/116824\/revisions\/116826"}],"wp:attachment":[{"href":"https:\/\/gazdasagportal.hu\/index.php\/wp-json\/wp\/v2\/media?parent=116824"}],"wp:term":[{"taxonomy":"category","embeddable":true,"href":"https:\/\/gazdasagportal.hu\/index.php\/wp-json\/wp\/v2\/categories?post=116824"},{"taxonomy":"post_tag","embeddable":true,"href":"https:\/\/gazdasagportal.hu\/index.php\/wp-json\/wp\/v2\/tags?post=116824"}],"curies":[{"name":"wp","href":"https:\/\/api.w.org\/{rel}","templated":true}]}}