{"id":116798,"date":"2019-06-13T14:47:45","date_gmt":"2019-06-13T12:47:45","guid":{"rendered":"http:\/\/gazdasagportal.hu\/?p=116798"},"modified":"2019-06-13T14:47:45","modified_gmt":"2019-06-13T12:47:45","slug":"az-eu-tagallamok-is-jovahagytak-a-nehezgepjarmuvek-kibocsatas-csokkenteserol-szolo-szabalyokat","status":"publish","type":"post","link":"https:\/\/gazdasagportal.hu\/index.php\/az-eu-tagallamok-is-jovahagytak-a-nehezgepjarmuvek-kibocsatas-csokkenteserol-szolo-szabalyokat\/","title":{"rendered":"Az EU-tag\u00e1llamok is j\u00f3v\u00e1hagyt\u00e1k a neh\u00e9zg\u00e9pj\u00e1rm\u0171vek kibocs\u00e1t\u00e1s-cs\u00f6kkent\u00e9s\u00e9r\u0151l sz\u00f3l\u00f3 szab\u00e1lyokat"},"content":{"rendered":"<p><strong>J\u00f3v\u00e1hagyta az \u00faj neh\u00e9zg\u00e9pj\u00e1rm\u0171vek \u00e1tlagos sz\u00e9n-dioxid-kibocs\u00e1t\u00e1s\u00e1nak cs\u00f6kkent\u00e9s\u00e9r\u0151l sz\u00f3l\u00f3 szab\u00e1lyokat az eur\u00f3pai uni\u00f3s tag\u00e1llamok korm\u00e1nyait t\u00f6m\u00f6r\u00edt\u0151 tan\u00e1cs cs\u00fct\u00f6rt\u00f6k\u00f6n, \u00edgy az utols\u00f3 akad\u00e1ly is elh\u00e1rult a hat\u00e1lyba l\u00e9p\u00e9s el\u0151l.<\/strong><!--more--><\/p>\n<div class=\"ads-in-post1\"><div id=\"gazdasagportal.hu_fullbanner_wideboard\"><\/div>\r\n<\/div>\n<p>    A m\u00e1sik uni\u00f3s t\u00e1rsjogalkot\u00f3 szerv, az Eur\u00f3pai Parlament (EP) \u00e1ltal m\u00e1r megszavazott egyezs\u00e9g \u00e9rtelm\u00e9ben az \u00faj teheraut\u00f3k \u00e9s buszok \u00e1ltal kibocs\u00e1that\u00f3 sz\u00e9n-dioxid mennyis\u00e9g\u00e9t 2025-re 15 sz\u00e1zal\u00e9kkal, 2030-ra pedig 30 sz\u00e1zal\u00e9kkal kell leszor\u00edtani az idei szinthez k\u00e9pest.<br \/>\n    Ez megfelel az Eur\u00f3pai Bizotts\u00e1g eredeti javaslat\u00e1ban szerepl\u0151 sz\u00e1moknak. Az int\u00e9zm\u00e9nyk\u00f6zi t\u00e1rgyal\u00e1sokon az EP 35 sz\u00e1zal\u00e9kot pr\u00f3b\u00e1lt el\u00e9rni, az uni\u00f3s tagorsz\u00e1gok azonban ebbe nem mentek bele.<br \/>\n    Az elfogadott \u00e9rt\u00e9kek magasabbak ann\u00e1l, mint amit p\u00e9ld\u00e1ul Berlin szeretett volna. Sz\u00e1mos k\u00f6rnyezetv\u00e9delmi szervezet mindazon\u00e1ltal ezeket sem tartja elegend\u0151nek.<br \/>\n<div class=\"ads-in-post2\"><script async src=\"https:\/\/pagead2.googlesyndication.com\/pagead\/js\/adsbygoogle.js\"><\/script>\r\n<ins class=\"adsbygoogle\"\r\n     style=\"display:block\"\r\n     data-ad-format=\"fluid\"\r\n     data-ad-layout-key=\"-6t+ed+2i-1n-4w\"\r\n     data-ad-client=\"ca-pub-1959107119989764\"\r\n     data-ad-slot=\"4008251320\"><\/ins>\r\n<script>\r\n     (adsbygoogle = window.adsbygoogle || []).push({});\r\n<\/script><\/div>\n    Ezen c\u00e9lsz\u00e1mok a k\u00fcl\u00f6nb\u00f6z\u0151 v\u00e1llalatok gy\u00e1rtotta j\u00e1rm\u0171vek \u00e1tlag\u00e1ra vonatkoznak, vagyis tov\u00e1bbra is lesznek magasabb kibocs\u00e1t\u00e1s\u00fa modellek, azonban ezeket z\u00e9r\u00f3 vagy alacsony kibocs\u00e1t\u00e1s\u00faakkal kell majd ellens\u00falyozni. A gy\u00e1rt\u00f3knak biztos\u00edtaniuk kell, hogy 2025-re elad\u00e1saik legal\u00e1bb k\u00e9t sz\u00e1zal\u00e9ka az ut\u00f3bbiakb\u00f3l sz\u00e1rmazzon.<br \/>\n    A tervezet c\u00e9lja a k\u00f6z\u00fati k\u00f6zleked\u00e9sb\u0151l sz\u00e1rmaz\u00f3 k\u00e1rosanyag-kibocs\u00e1t\u00e1s cs\u00f6kkent\u00e9se azon v\u00e1llal\u00e1sok jegy\u00e9ben, amelyek alapj\u00e1n az EU-nak a k\u00f6vetkez\u0151 \u00e9vtized v\u00e9g\u00e9ig \u00f6sszess\u00e9g\u00e9ben 40 sz\u00e1zal\u00e9kkal kellene m\u00e9rs\u00e9kelnie az \u00fcvegh\u00e1zhat\u00e1s\u00fa g\u00e1zok kibocs\u00e1t\u00e1s\u00e1t az 1990-es szinthez k\u00e9pest.<br \/>\n    &#8222;Az \u00faj szab\u00e1lyok kulcsfontoss\u00e1g\u00faak az eur\u00f3pai k\u00f6z\u00fati k\u00f6zleked\u00e9s sz\u00e9n-dioxid-mentes\u00edt\u00e9se \u00e9s korszer\u0171s\u00edt\u00e9se fel\u00e9&#8221; &#8211; mutatott r\u00e1 Gratiela Leocadia Gavrilescu, az EU soros eln\u00f6ks\u00e9g\u00e9t bet\u00f6lt\u0151 Rom\u00e1nia korm\u00e1nyf\u0151-helyettese, aki szerint a k\u00f6rnyezetv\u00e9delmi szempontok mellett a szektor versenyk\u00e9pess\u00e9g\u00e9hez is hozz\u00e1j\u00e1rulnak a reformok.<br \/>\n    Eur\u00f3p\u00e1ban \u00e9vente 400 ezer hal\u00e1leset \u00edrhat\u00f3 a l\u00e9gszennyez\u00e9s sz\u00e1ml\u00e1j\u00e1ra.(MTI)<\/p>\n","protected":false},"excerpt":{"rendered":"<p>J\u00f3v\u00e1hagyta az \u00faj neh\u00e9zg\u00e9pj\u00e1rm\u0171vek \u00e1tlagos sz\u00e9n-dioxid-kibocs\u00e1t\u00e1s\u00e1nak cs\u00f6kkent\u00e9s\u00e9r\u0151l sz\u00f3l\u00f3 szab\u00e1lyokat az eur\u00f3pai uni\u00f3s tag\u00e1llamok korm\u00e1nyait t\u00f6m\u00f6r\u00edt\u0151 tan\u00e1cs cs\u00fct\u00f6rt\u00f6k\u00f6n, \u00edgy az utols\u00f3 akad\u00e1ly is elh\u00e1rult a hat\u00e1lyba l\u00e9p\u00e9s el\u0151l.<\/p>\n","protected":false},"author":1,"featured_media":0,"comment_status":"closed","ping_status":"open","sticky":false,"template":"","format":"standard","meta":[],"categories":[12,19,246],"tags":[],"_links":{"self":[{"href":"https:\/\/gazdasagportal.hu\/index.php\/wp-json\/wp\/v2\/posts\/116798"}],"collection":[{"href":"https:\/\/gazdasagportal.hu\/index.php\/wp-json\/wp\/v2\/posts"}],"about":[{"href":"https:\/\/gazdasagportal.hu\/index.php\/wp-json\/wp\/v2\/types\/post"}],"author":[{"embeddable":true,"href":"https:\/\/gazdasagportal.hu\/index.php\/wp-json\/wp\/v2\/users\/1"}],"replies":[{"embeddable":true,"href":"https:\/\/gazdasagportal.hu\/index.php\/wp-json\/wp\/v2\/comments?post=116798"}],"version-history":[{"count":1,"href":"https:\/\/gazdasagportal.hu\/index.php\/wp-json\/wp\/v2\/posts\/116798\/revisions"}],"predecessor-version":[{"id":116799,"href":"https:\/\/gazdasagportal.hu\/index.php\/wp-json\/wp\/v2\/posts\/116798\/revisions\/116799"}],"wp:attachment":[{"href":"https:\/\/gazdasagportal.hu\/index.php\/wp-json\/wp\/v2\/media?parent=116798"}],"wp:term":[{"taxonomy":"category","embeddable":true,"href":"https:\/\/gazdasagportal.hu\/index.php\/wp-json\/wp\/v2\/categories?post=116798"},{"taxonomy":"post_tag","embeddable":true,"href":"https:\/\/gazdasagportal.hu\/index.php\/wp-json\/wp\/v2\/tags?post=116798"}],"curies":[{"name":"wp","href":"https:\/\/api.w.org\/{rel}","templated":true}]}}