{"id":116773,"date":"2019-06-12T17:16:06","date_gmt":"2019-06-12T15:16:06","guid":{"rendered":"http:\/\/gazdasagportal.hu\/?p=116773"},"modified":"2019-06-11T23:16:55","modified_gmt":"2019-06-11T21:16:55","slug":"juncker-az-olasz-kormany-egyelore-nem-veszelyezteti-europa-penzugyi-stabilitasat","status":"publish","type":"post","link":"https:\/\/gazdasagportal.hu\/index.php\/juncker-az-olasz-kormany-egyelore-nem-veszelyezteti-europa-penzugyi-stabilitasat\/","title":{"rendered":"Juncker: az olasz korm\u00e1ny egyel\u0151re nem vesz\u00e9lyezteti Eur\u00f3pa p\u00e9nz\u00fcgyi stabilit\u00e1s\u00e1t"},"content":{"rendered":"<p><strong>Egyel\u0151re nem vesz\u00e9lyezteti Eur\u00f3pa p\u00e9nz\u00fcgyi stabilit\u00e1s\u00e1t az olasz korm\u00e1ny gazdas\u00e1gpolitik\u00e1ja, R\u00f3ma ugyanakkor kock\u00e1zatos ir\u00e1nyvonalat k\u00f6vet, amely t\u00falzottdeficit-elj\u00e1r\u00e1s megind\u00edt\u00e1s\u00e1t vonhatja maga ut\u00e1n &#8211; hangs\u00falyozta az Eur\u00f3pai Bizotts\u00e1g eln\u00f6ke egy keddi interj\u00faban.<\/strong><!--more--><\/p>\n<div class=\"ads-in-post1\"><div id=\"gazdasagportal.hu_fullbanner_wideboard\"><\/div>\r\n<\/div>\n<p>    Jean-Claude Juncker a Politico br\u00fcsszeli h\u00edroldal rendezv\u00e9ny\u00e9n kijelentette, tiszteli Olaszorsz\u00e1got, a korm\u00e1ny jelenlegi p\u00e1ly\u00e1ja azonban azzal a kock\u00e1zattal j\u00e1r, hogy az orsz\u00e1g \u00e9veken \u00e1t t\u00falzottdeficit-elj\u00e1r\u00e1s alatt \u00e1lljon.<br \/>\n    Bennfentes forr\u00e1sok szerint a tagorsz\u00e1gok uni\u00f3s \u00e1lland\u00f3 k\u00e9pvisel\u0151i kedden arra a meg\u00e1llap\u00edt\u00e1sra jutottak, hogy a n\u00f6vekv\u0151 k\u00f6lts\u00e9gvet\u00e9si hi\u00e1ny miatt indokolt lenne az elj\u00e1r\u00e1s megind\u00edt\u00e1sa Olaszorsz\u00e1ggal szemben, amennyiben nem t\u00f6rt\u00e9nik korrekci\u00f3.<br \/>\n    Szak\u00e9rt\u0151k arr\u00f3l sz\u00e1moltak be, hogy ebben az esetben j\u00falius k\u00f6zep\u00e9n d\u00f6nthetnek a megind\u00edt\u00e1sr\u00f3l az uni\u00f3s p\u00e9nz\u00fcgyminiszterek, Juncker viszont kiemelte, hogy ezt m\u00e9g megfelel\u0151 olasz k\u00f6telezetts\u00e9gv\u00e1llal\u00e1sokkal el lehetne \u00e9s el is kellene ker\u00fclni.<br \/>\n<div class=\"ads-in-post2\"><script async src=\"https:\/\/pagead2.googlesyndication.com\/pagead\/js\/adsbygoogle.js\"><\/script>\r\n<ins class=\"adsbygoogle\"\r\n     style=\"display:block\"\r\n     data-ad-format=\"fluid\"\r\n     data-ad-layout-key=\"-6t+ed+2i-1n-4w\"\r\n     data-ad-client=\"ca-pub-1959107119989764\"\r\n     data-ad-slot=\"4008251320\"><\/ins>\r\n<script>\r\n     (adsbygoogle = window.adsbygoogle || []).push({});\r\n<\/script><\/div>\n    &#8222;Az olasz korm\u00e1ny azt a benyom\u00e1st kelti, hogy az Eur\u00f3pai Bizotts\u00e1g D\u00e9l-Eur\u00f3pa ellen van, de ez nem igaz&#8221; &#8211; fogalmazott.<br \/>\n    Juncker besz\u00e9lt az Egyes\u00fclt Kir\u00e1lys\u00e1g uni\u00f3s kiv\u00e1l\u00e1s\u00e1nak k\u00e9rd\u00e9s\u00e9r\u0151l is, \u00e9s figyelmeztetett, hogy a Theresa Mayt v\u00e1lt\u00f3 \u00faj brit korm\u00e1nyf\u0151 sem t\u00e1rgyalhatja majd \u00fajra a kil\u00e9p\u00e9s felt\u00e9telrendszer\u00e9t r\u00f6gz\u00edt\u0151 meg\u00e1llapod\u00e1st.<br \/>\n    &#8222;A szerz\u0151d\u00e9st nem Juncker \u00e9s May k\u00f6t\u00f6tte, hanem az Eur\u00f3pai Uni\u00f3 \u00e9s az Egyes\u00fclt Kir\u00e1lys\u00e1g, \u00edgy be kell tartania a k\u00f6vetkez\u0151 minisztereln\u00f6knek, ak\u00e1rki is lesz majd az&#8221; &#8211; k\u00f6z\u00f6lte.<br \/>\n    &#8222;H\u00f3napok \u00f3ta az a benyom\u00e1som, hogy a brit politikai oszt\u00e1lyt May lev\u00e1lt\u00e1sa \u00e9rdekli, nem az, hogy hogyan jussanak egyezs\u00e9gre az Eur\u00f3pai Uni\u00f3val&#8221; &#8211; sz\u00f6gezte le.<br \/>\n    Hozz\u00e1tette, abb\u00f3l a felt\u00e9telez\u00e9sb\u0151l indul ki munk\u00e1ja sor\u00e1n, hogy a szigetorsz\u00e1g 2019. okt\u00f3ber 31. el\u0151tt t\u00e1vozik az EU-b\u00f3l.<br \/>\n    \u00dajs\u00e1g\u00edr\u00f3i k\u00e9rd\u00e9sre v\u00e1laszolva Juncker elmondta, Donald Trump amerikai eln\u00f6k sz\u00e1mos hib\u00e1t k\u00f6vetett el, de az Egyes\u00fclt \u00c1llamok eln\u00f6kek\u00e9nt tiszteletet \u00e9rdemel. Arra is kit\u00e9rt v\u00e9g\u00fcl, hogy kedveli Trumpot, mint embert. Mint k\u00f6z\u00f6lte, \u0151 maga nem k\u00f6veti a k\u00f6z\u00f6ss\u00e9gi m\u00e9di\u00e1t, ugyanis &#8222;nem sz\u00edvesen olvasna mag\u00e1r\u00f3l olyanokat mindennap, hogy r\u00e9szeges, hogy korrupt, hogy egy senki&#8221;.<br \/>\n    A volt luxemburgi korm\u00e1nyf\u0151 \u00fagy v\u00e9lekedett, hogy az EU-nak a 2030-as kl\u00edmastrat\u00e9gi\u00e1ja megval\u00f3s\u00edt\u00e1s\u00e1ra kellene \u00f6sszpontos\u00edtania, miel\u0151tt \u00faj kibocs\u00e1t\u00e1s-cs\u00f6kkent\u00e9si c\u00e9lokat t\u0171zne ki maga el\u00e9. &#8222;Nincs \u00e9rtelme \u00fajabb \u00e9s \u00fajabb c\u00e9lokat megszabni, teljes\u00edts\u00fck el\u0151sz\u00f6r azokat, amelyekben m\u00e1r meg\u00e1llapodtunk&#8221; &#8211; mondta.<br \/>\n    Az EU-tiszt\u00faj\u00edt\u00e1sr\u00f3l mind\u00f6ssze sz\u0171kszav\u00faan nyilatkozott, elemz\u0151k szerint meglehet\u0151sen &#8222;langymeleg&#8221; t\u00e1mogat\u00e1s\u00e1r\u00f3l biztos\u00edtotta Manfred Webert, az eur\u00f3pai n\u00e9pp\u00e1rti cs\u00facsjel\u00f6ltet. &#8222;Az EPP nyerte a v\u00e1laszt\u00e1st, van is listavezet\u0151j\u00fck, logikus lenne, hogy Weber legyen a bizotts\u00e1g eln\u00f6ke, \u00e9n t\u00e1mogatn\u00e1m&#8221; &#8211; mondta.<br \/>\n    Juncker a Politico k\u00e9rd\u00e9s\u00e9re reag\u00e1lva egyebek mellett elmondta azt is, hogy mand\u00e1tuma ut\u00e1n k\u00f6nyvet szeretne \u00edrni az elm\u00falt \u00f6t \u00e9v munk\u00e1j\u00e1r\u00f3l.(MTI)<\/p>\n","protected":false},"excerpt":{"rendered":"<p>Egyel\u0151re nem vesz\u00e9lyezteti Eur\u00f3pa p\u00e9nz\u00fcgyi stabilit\u00e1s\u00e1t az olasz korm\u00e1ny gazdas\u00e1gpolitik\u00e1ja, R\u00f3ma ugyanakkor kock\u00e1zatos ir\u00e1nyvonalat k\u00f6vet, amely t\u00falzottdeficit-elj\u00e1r\u00e1s megind\u00edt\u00e1s\u00e1t vonhatja maga ut\u00e1n &#8211; hangs\u00falyozta az Eur\u00f3pai Bizotts\u00e1g eln\u00f6ke egy keddi interj\u00faban.<\/p>\n","protected":false},"author":1001003,"featured_media":0,"comment_status":"closed","ping_status":"open","sticky":false,"template":"","format":"standard","meta":[],"categories":[12],"tags":[],"_links":{"self":[{"href":"https:\/\/gazdasagportal.hu\/index.php\/wp-json\/wp\/v2\/posts\/116773"}],"collection":[{"href":"https:\/\/gazdasagportal.hu\/index.php\/wp-json\/wp\/v2\/posts"}],"about":[{"href":"https:\/\/gazdasagportal.hu\/index.php\/wp-json\/wp\/v2\/types\/post"}],"author":[{"embeddable":true,"href":"https:\/\/gazdasagportal.hu\/index.php\/wp-json\/wp\/v2\/users\/1001003"}],"replies":[{"embeddable":true,"href":"https:\/\/gazdasagportal.hu\/index.php\/wp-json\/wp\/v2\/comments?post=116773"}],"version-history":[{"count":1,"href":"https:\/\/gazdasagportal.hu\/index.php\/wp-json\/wp\/v2\/posts\/116773\/revisions"}],"predecessor-version":[{"id":116774,"href":"https:\/\/gazdasagportal.hu\/index.php\/wp-json\/wp\/v2\/posts\/116773\/revisions\/116774"}],"wp:attachment":[{"href":"https:\/\/gazdasagportal.hu\/index.php\/wp-json\/wp\/v2\/media?parent=116773"}],"wp:term":[{"taxonomy":"category","embeddable":true,"href":"https:\/\/gazdasagportal.hu\/index.php\/wp-json\/wp\/v2\/categories?post=116773"},{"taxonomy":"post_tag","embeddable":true,"href":"https:\/\/gazdasagportal.hu\/index.php\/wp-json\/wp\/v2\/tags?post=116773"}],"curies":[{"name":"wp","href":"https:\/\/api.w.org\/{rel}","templated":true}]}}