{"id":116771,"date":"2019-06-12T16:14:32","date_gmt":"2019-06-12T14:14:32","guid":{"rendered":"http:\/\/gazdasagportal.hu\/?p=116771"},"modified":"2019-06-11T23:15:37","modified_gmt":"2019-06-11T21:15:37","slug":"juliustol-2-szazalekponttal-csokkenhet-a-szocialis-hozzajarulasi-ado","status":"publish","type":"post","link":"https:\/\/gazdasagportal.hu\/index.php\/juliustol-2-szazalekponttal-csokkenhet-a-szocialis-hozzajarulasi-ado\/","title":{"rendered":"J\u00faliust\u00f3l 2 sz\u00e1zal\u00e9kponttal cs\u00f6kkenhet a szoci\u00e1lis hozz\u00e1j\u00e1rul\u00e1si ad\u00f3"},"content":{"rendered":"<p><strong>J\u00faliust\u00f3l 2 sz\u00e1zal\u00e9kponttal cs\u00f6kkenhet a szoci\u00e1lis hozz\u00e1j\u00e1rul\u00e1si ad\u00f3, valamint ahhoz kapcsol\u00f3d\u00f3an az egyszer\u0171s\u00edtett k\u00f6ztehervisel\u00e9si hozz\u00e1j\u00e1rul\u00e1s munkaad\u00f3kat \u00e9rint\u0151 r\u00e9sze &#8211; az err\u0151l sz\u00f3l\u00f3 el\u0151terjeszt\u00e9st kedden egyhang\u00falag t\u00e1mogatta az Orsz\u00e1ggy\u0171l\u00e9s t\u00f6rv\u00e9nyalkot\u00e1si bizotts\u00e1ga.          <\/strong><!--more--><\/p>\n<div class=\"ads-in-post1\"><div id=\"gazdasagportal.hu_fullbanner_wideboard\"><\/div>\r\n<\/div>\n<p>    A t\u00f6rv\u00e9nyjavaslatot kedden ny\u00fajtatta be a p\u00e9nz\u00fcgyminiszter, amelyet kiv\u00e9teles elj\u00e1r\u00e1sban t\u00e1rgyal a H\u00e1z, \u00edgy v\u00e1rhat\u00f3an m\u00e1r szerd\u00e1n elfogadj\u00e1k.<br \/>\n    Az el\u0151terjeszt\u00e9s \u00e9rtelm\u00e9ben mind a szoci\u00e1lis hozz\u00e1j\u00e1rul\u00e1si ad\u00f3, mint az egyszer\u0171s\u00edtett k\u00f6ztehervisel\u00e9si hozz\u00e1j\u00e1rul\u00e1s munkaad\u00f3kat terhel\u0151 r\u00e9sze 17,5 sz\u00e1zal\u00e9kra m\u00e9rs\u00e9kl\u0151dik az eddigi 19,5 sz\u00e1zal\u00e9kr\u00f3l.<br \/>\n    Ehhez kapcsol\u00f3d\u00f3an v\u00e1ltoznak az \u00f6sszevont ad\u00f3alap meg\u00e1llap\u00edt\u00e1s\u00e1nak szab\u00e1lyai is. Ha a mag\u00e1nszem\u00e9ly egy adott j\u00f6vedelem ut\u00e1n k\u00f6telezett a szoci\u00e1lis hozz\u00e1j\u00e1rul\u00e1si ad\u00f3 megfizet\u00e9s\u00e9re, \u00fagy a j\u00f6vedelme 85 sz\u00e1zal\u00e9k\u00e1t kell figyelembe venni.<br \/>\n<div class=\"ads-in-post2\"><script async src=\"https:\/\/pagead2.googlesyndication.com\/pagead\/js\/adsbygoogle.js\"><\/script>\r\n<ins class=\"adsbygoogle\"\r\n     style=\"display:block\"\r\n     data-ad-format=\"fluid\"\r\n     data-ad-layout-key=\"-6t+ed+2i-1n-4w\"\r\n     data-ad-client=\"ca-pub-1959107119989764\"\r\n     data-ad-slot=\"4008251320\"><\/ins>\r\n<script>\r\n     (adsbygoogle = window.adsbygoogle || []).push({});\r\n<\/script><\/div>\n    Ugyan\u00edgy m\u00f3dosulhat a kisad\u00f3z\u00f3k ell\u00e1t\u00e1si alapja is, tekintettel arra, hogy a t\u00e9teles k\u00f6zterhen bel\u00fcl a szoci\u00e1lis hozz\u00e1j\u00e1rul\u00e1si ad\u00f3r\u00e9sz cs\u00f6kken, \u00edgy az egy\u00e9ni j\u00e1rul\u00e9koknak megfelel\u0151 ad\u00f3r\u00e9sz n\u00f6vekszik, ez\u00e9rt az ell\u00e1t\u00e1sok alapjak\u00e9nt is magasabb \u00f6sszeget vesznek figyelembe a j\u00f6v\u0151ben.<br \/>\n    Az el\u0151terjeszt\u00e9s az ad\u00f3cs\u00f6kkent\u00e9st azzal indokolja, hogy a magyar gazdas\u00e1g kiemelked\u0151en j\u00f3l teljes\u00edt, a n\u00f6veked\u00e9s az idei els\u0151 negyed\u00e9vben az uni\u00f3ban a legmagasabb volt. A korm\u00e1ny ad\u00f3cs\u00f6kkent\u00e9ssel, a foglalkoztat\u00e1s \u00f6szt\u00f6nz\u00e9s\u00e9vel k\u00edv\u00e1nja megv\u00e9deni a magyar gazdas\u00e1g eredm\u00e9nyeit.(MTI)<\/p>\n","protected":false},"excerpt":{"rendered":"<p>J\u00faliust\u00f3l 2 sz\u00e1zal\u00e9kponttal cs\u00f6kkenhet a szoci\u00e1lis hozz\u00e1j\u00e1rul\u00e1si ad\u00f3, valamint ahhoz kapcsol\u00f3d\u00f3an az egyszer\u0171s\u00edtett k\u00f6ztehervisel\u00e9si hozz\u00e1j\u00e1rul\u00e1s munkaad\u00f3kat \u00e9rint\u0151 r\u00e9sze &#8211; az err\u0151l sz\u00f3l\u00f3 el\u0151terjeszt\u00e9st kedden egyhang\u00falag t\u00e1mogatta az Orsz\u00e1ggy\u0171l\u00e9s t\u00f6rv\u00e9nyalkot\u00e1si bizotts\u00e1ga.<\/p>\n","protected":false},"author":1001003,"featured_media":0,"comment_status":"closed","ping_status":"open","sticky":false,"template":"","format":"standard","meta":[],"categories":[19],"tags":[],"_links":{"self":[{"href":"https:\/\/gazdasagportal.hu\/index.php\/wp-json\/wp\/v2\/posts\/116771"}],"collection":[{"href":"https:\/\/gazdasagportal.hu\/index.php\/wp-json\/wp\/v2\/posts"}],"about":[{"href":"https:\/\/gazdasagportal.hu\/index.php\/wp-json\/wp\/v2\/types\/post"}],"author":[{"embeddable":true,"href":"https:\/\/gazdasagportal.hu\/index.php\/wp-json\/wp\/v2\/users\/1001003"}],"replies":[{"embeddable":true,"href":"https:\/\/gazdasagportal.hu\/index.php\/wp-json\/wp\/v2\/comments?post=116771"}],"version-history":[{"count":1,"href":"https:\/\/gazdasagportal.hu\/index.php\/wp-json\/wp\/v2\/posts\/116771\/revisions"}],"predecessor-version":[{"id":116772,"href":"https:\/\/gazdasagportal.hu\/index.php\/wp-json\/wp\/v2\/posts\/116771\/revisions\/116772"}],"wp:attachment":[{"href":"https:\/\/gazdasagportal.hu\/index.php\/wp-json\/wp\/v2\/media?parent=116771"}],"wp:term":[{"taxonomy":"category","embeddable":true,"href":"https:\/\/gazdasagportal.hu\/index.php\/wp-json\/wp\/v2\/categories?post=116771"},{"taxonomy":"post_tag","embeddable":true,"href":"https:\/\/gazdasagportal.hu\/index.php\/wp-json\/wp\/v2\/tags?post=116771"}],"curies":[{"name":"wp","href":"https:\/\/api.w.org\/{rel}","templated":true}]}}