{"id":116763,"date":"2019-06-12T11:49:10","date_gmt":"2019-06-12T09:49:10","guid":{"rendered":"http:\/\/gazdasagportal.hu\/?p=116763"},"modified":"2019-06-11T23:10:40","modified_gmt":"2019-06-11T21:10:40","slug":"az-adotanacsadok-az-iparuzesi-adonal-is-eltorolnek-az-adofeltoltest","status":"publish","type":"post","link":"https:\/\/gazdasagportal.hu\/index.php\/az-adotanacsadok-az-iparuzesi-adonal-is-eltorolnek-az-adofeltoltest\/","title":{"rendered":"Az ad\u00f3tan\u00e1csad\u00f3k az ipar\u0171z\u00e9si ad\u00f3n\u00e1l is elt\u00f6r\u00f6ln\u00e9k az ad\u00f3felt\u00f6lt\u00e9st"},"content":{"rendered":"<p><strong>Az ad\u00f3felt\u00f6lt\u00e9si k\u00f6telezetts\u00e9gek v\u00e9gleges elt\u00f6rl\u00e9s\u00e9t tartan\u00e1 \u00e9rdemi adminisztr\u00e1ci\u00f3steher-cs\u00f6kkent\u00e9snek az Ad\u00f3tan\u00e1csad\u00f3k Egyes\u00fclete; az MTI-nek eljuttatott k\u00f6zlem\u00e9nyben azt \u00edrt\u00e1k, hogy a korm\u00e1ny parlamentnek beny\u00fajtott ad\u00f3csomagja r\u00e9szmegold\u00e1s, az ipar\u0171z\u00e9si ad\u00f3ra is vonatkoz\u00f3 m\u00f3dos\u00edt\u00e1s n\u00e9lk\u00fcl nem teljes.<\/strong><!--more--><\/p>\n<div class=\"ads-in-post1\"><div id=\"gazdasagportal.hu_fullbanner_wideboard\"><\/div>\r\n<\/div>\n<p>    Eddig azoknak a napt\u00e1ri \u00e9vet v\u00e1laszt\u00f3 ad\u00f3z\u00f3knak, akiknek az el\u0151z\u0151 \u00e9vre \u00e1tsz\u00e1m\u00edtott nett\u00f3 \u00e1rbev\u00e9tele meghaladta a 100 milli\u00f3 forintot, december 20-ig ki kellett eg\u00e9sz\u00edteni\u00fck \u00e9v k\u00f6zben befizetett t\u00e1rsas\u00e1gi, helyi ipar\u0171z\u00e9si ad\u00f3el\u0151leg\u00fcket a v\u00e1rhat\u00f3 fizetend\u0151 ad\u00f3 \u00f6sszeg\u00e9re. Ha ezt nem teljes\u00edtett\u00e9k legal\u00e1bb 90 sz\u00e1zal\u00e9kig, 10 sz\u00e1zal\u00e9kos mulaszt\u00e1si b\u00edrs\u00e1got kellett fizetni\u00fck az elmaradt k\u00fcl\u00f6nb\u00f6zet ut\u00e1n. Mivel a kieg\u00e9sz\u00edt\u00e9si k\u00f6telezetts\u00e9g bizonytalan becsl\u00e9sen alapult, sokszor sz\u00e1m\u00edtani kellett a mulaszt\u00e1si b\u00edrs\u00e1gra. A t\u00e1rsas\u00e1gi \u00e9s ipar\u0171z\u00e9si ad\u00f3el\u0151leg kieg\u00e9sz\u00edt\u00e9shez bevall\u00e1si k\u00f6telezetts\u00e9g is t\u00e1rsult.<br \/>\n    &#8222;B\u00e1r nagyon \u00f6r\u00fcl\u00fcnk annak, hogy a d\u00f6nt\u00e9shoz\u00f3k meghallgatt\u00e1k \u00e9vek \u00f3ta ism\u00e9telt k\u00e9r\u00e9s\u00fcnket a t\u00e1rsas\u00e1gi ad\u00f3el\u0151legek \u00e9v v\u00e9gi kieg\u00e9sz\u00edt\u00e9s\u00e9re vonatkoz\u00f3an, de mivel a helyi ipar\u0171z\u00e9si ad\u00f3ra ezt nem terjesztett\u00e9k ki, m\u00e9g mindig nem fogja jelent\u0151sen cs\u00f6kkenteni az adminisztr\u00e1ci\u00f3s terheket&#8221; &#8211; mondta Zara L\u00e1szl\u00f3, az egyes\u00fclet eln\u00f6ke a szervezet k\u00f6zlem\u00e9nye szerint.<br \/>\n<div class=\"ads-in-post2\"><script async src=\"https:\/\/pagead2.googlesyndication.com\/pagead\/js\/adsbygoogle.js\"><\/script>\r\n<ins class=\"adsbygoogle\"\r\n     style=\"display:block\"\r\n     data-ad-format=\"fluid\"\r\n     data-ad-layout-key=\"-6t+ed+2i-1n-4w\"\r\n     data-ad-client=\"ca-pub-1959107119989764\"\r\n     data-ad-slot=\"4008251320\"><\/ins>\r\n<script>\r\n     (adsbygoogle = window.adsbygoogle || []).push({});\r\n<\/script><\/div>\n    A szoci\u00e1lis hozz\u00e1j\u00e1rul\u00e1si ad\u00f3 (szocho) m\u00e9rt\u00e9k\u00e9nek 2 sz\u00e1zal\u00e9kponttal, 17,5 sz\u00e1zal\u00e9kra val\u00f3 cs\u00f6kkent\u00e9se j\u00falius elsej\u00e9t\u0151l p\u00e9ld\u00e1ul nem \u00faj elem, hanem m\u00e1r kor\u00e1bban meghirdetett m\u00f3dos\u00edt\u00e1s. A cs\u00f6kkent\u00e9s a v\u00e1llalkoz\u00e1soknak megtakar\u00edt\u00e1st jelent, de m\u00e9g mindig nem kompenz\u00e1lja a folyamatosan n\u00f6vekv\u0151 b\u00e9rterheket &#8211; \u00edrj\u00e1k.<br \/>\n    A kisv\u00e1llalati ad\u00f3 (kiva) m\u00e9rt\u00e9k\u00e9nek 1 sz\u00e1zal\u00e9kpontos cs\u00f6kkent\u00e9se (13 sz\u00e1zal\u00e9kr\u00f3l 12 sz\u00e1zal\u00e9kra) az egyes\u00fclet szerint sz\u00fcks\u00e9gszer\u0171. Hozz\u00e1teszik, a szocho 2 sz\u00e1zal\u00e9kpontos cs\u00f6kkent\u00e9se miatt a kiva csak r\u00e9szben \u0151rizheti meg ad\u00f3el\u0151ny\u00e9t, ami az eddigi 6,5 sz\u00e1zal\u00e9kr\u00f3l 5,5 sz\u00e1zal\u00e9kra cs\u00f6kkent.<br \/>\n    Az egyszer\u0171s\u00edtett v\u00e1llalkoz\u00f3i ad\u00f3 (eva) kivezet\u00e9s\u00e9nek adminisztr\u00e1ci\u00f3t cs\u00f6kkent\u0151 hat\u00e1sa az ad\u00f3szak\u00e9rt\u0151k szerint elhanyagolhat\u00f3, mert egyr\u00e9szt m\u00e1r nagyon kev\u00e9s (mintegy 20 ezer) ev\u00e1s v\u00e1llalkoz\u00e1s volt, m\u00e1sr\u00e9szt \u00e9rdemi ad\u00f3adminisztr\u00e1ci\u00f3-cs\u00f6kken\u00e9st csak a kisad\u00f3z\u00f3 v\u00e1llalkoz\u00e1sok t\u00e9teles ad\u00f3j\u00e1ra (kata) \u00e1tt\u00e9r\u0151kn\u00e9l jelent.<br \/>\n    Hangs\u00falyozz\u00e1k ugyanakkor, hogy az ad\u00f3rendszer t\u00f6redezetts\u00e9g\u00e9nek cs\u00f6kkent\u00e9s\u00e9re vonatkoz\u00f3 minden kis l\u00e9p\u00e9st \u00f6r\u00f6mmel fogadnak a v\u00e1llalkoz\u00e1sok \u00e9s a szakemberek. \u00cdgy p\u00e9ld\u00e1ul j\u00f3 lenne, ha a j\u00e1rul\u00e9kokat egy \u00f6sszegben lehetne bevallani \u00e9s befizetni, melybe a szakk\u00e9pz\u00e9si j\u00e1rul\u00e9kot is be kellene \u00e9p\u00edteni.<br \/>\n    A rekl\u00e1mad\u00f3 0 sz\u00e1zal\u00e9kos kulcs\u00e1val kapcsolatban kifejtik: az ad\u00f3t nem sz\u00fcntetik meg teljesen, a 0 sz\u00e1zal\u00e9kos kulcs val\u00f3j\u00e1ban csak &#8222;lebegteti&#8221; a k\u00e9rd\u00e9st, ami egy\u00e1ltal\u00e1n nem seg\u00edti a hossz\u00fa t\u00e1v\u00fa gazdas\u00e1gi d\u00f6nt\u00e9sek meghozatal\u00e1t, b\u00e1r k\u00e9ts\u00e9gtelen, hogy az \u00e9rintett v\u00e1llalkoz\u00f3i k\u00f6r ad\u00f3terh\u00e9t \u00e9s adminisztr\u00e1ci\u00f3s k\u00f6telezetts\u00e9g\u00e9t \u00e1tmenetileg cs\u00f6kkenti.<br \/>\n    A szervezet \u00fcdv\u00f6zli a sz\u00e1ll\u00e1shely-szolg\u00e1ltat\u00e1sok \u00e1f\u00e1j\u00e1nak 5 sz\u00e1zal\u00e9kra cs\u00f6kkent\u00e9s\u00e9t a jelenlegi 18 sz\u00e1zal\u00e9kr\u00f3l, de eml\u00e9keztet arra, hogy ennek adminisztr\u00e1ci\u00f3n\u00f6vel\u0151 hat\u00e1sa lesz a turizmus fejleszt\u00e9si hozz\u00e1j\u00e1rul\u00e1s miatt.<br \/>\n    Azt, hogy a korm\u00e1nyzat a v\u00e1llalkoz\u00e1sok munk\u00e1ssz\u00e1ll\u00f3-\u00e9p\u00edt\u00e9s\u00e9nek t\u00e1mogat\u00e1s\u00e1t tervezi, a r\u00e9szletszab\u00e1lyok n\u00e9lk\u00fcl nem lehet v\u00e9lem\u00e9nyezni, de az tagadhatatlan, hogy lenne erre ig\u00e9ny, \u00e9s eredm\u00e9nyezhetne pozit\u00edv v\u00e1ltoz\u00e1st a munkaer\u0151-mobilit\u00e1sban &#8211; \u00edrj\u00e1k. A szervezet szerint v\u00e1rhat\u00f3an pozit\u00edv hat\u00e1sa lesz a fejleszt\u00e9si ad\u00f3kedvezm\u00e9ny-korl\u00e1t cs\u00f6kkent\u00e9s\u00e9nek is.(MTI)<\/p>\n","protected":false},"excerpt":{"rendered":"<p>Az ad\u00f3felt\u00f6lt\u00e9si k\u00f6telezetts\u00e9gek v\u00e9gleges elt\u00f6rl\u00e9s\u00e9t tartan\u00e1 \u00e9rdemi adminisztr\u00e1ci\u00f3steher-cs\u00f6kkent\u00e9snek az Ad\u00f3tan\u00e1csad\u00f3k Egyes\u00fclete; az MTI-nek eljuttatott k\u00f6zlem\u00e9nyben azt \u00edrt\u00e1k, hogy a korm\u00e1ny parlamentnek beny\u00fajtott ad\u00f3csomagja r\u00e9szmegold\u00e1s, az ipar\u0171z\u00e9si ad\u00f3ra is vonatkoz\u00f3 m\u00f3dos\u00edt\u00e1s n\u00e9lk\u00fcl nem teljes.<\/p>\n","protected":false},"author":1001003,"featured_media":0,"comment_status":"closed","ping_status":"open","sticky":false,"template":"","format":"standard","meta":[],"categories":[19],"tags":[],"_links":{"self":[{"href":"https:\/\/gazdasagportal.hu\/index.php\/wp-json\/wp\/v2\/posts\/116763"}],"collection":[{"href":"https:\/\/gazdasagportal.hu\/index.php\/wp-json\/wp\/v2\/posts"}],"about":[{"href":"https:\/\/gazdasagportal.hu\/index.php\/wp-json\/wp\/v2\/types\/post"}],"author":[{"embeddable":true,"href":"https:\/\/gazdasagportal.hu\/index.php\/wp-json\/wp\/v2\/users\/1001003"}],"replies":[{"embeddable":true,"href":"https:\/\/gazdasagportal.hu\/index.php\/wp-json\/wp\/v2\/comments?post=116763"}],"version-history":[{"count":1,"href":"https:\/\/gazdasagportal.hu\/index.php\/wp-json\/wp\/v2\/posts\/116763\/revisions"}],"predecessor-version":[{"id":116764,"href":"https:\/\/gazdasagportal.hu\/index.php\/wp-json\/wp\/v2\/posts\/116763\/revisions\/116764"}],"wp:attachment":[{"href":"https:\/\/gazdasagportal.hu\/index.php\/wp-json\/wp\/v2\/media?parent=116763"}],"wp:term":[{"taxonomy":"category","embeddable":true,"href":"https:\/\/gazdasagportal.hu\/index.php\/wp-json\/wp\/v2\/categories?post=116763"},{"taxonomy":"post_tag","embeddable":true,"href":"https:\/\/gazdasagportal.hu\/index.php\/wp-json\/wp\/v2\/tags?post=116763"}],"curies":[{"name":"wp","href":"https:\/\/api.w.org\/{rel}","templated":true}]}}