{"id":116757,"date":"2019-06-12T08:00:16","date_gmt":"2019-06-12T06:00:16","guid":{"rendered":"http:\/\/gazdasagportal.hu\/?p=116757"},"modified":"2019-06-11T23:02:19","modified_gmt":"2019-06-11T21:02:19","slug":"skot-miniszterelnok-skocianak-kepesnek-kell-lennie-a-fuggetlensegre","status":"publish","type":"post","link":"https:\/\/gazdasagportal.hu\/index.php\/skot-miniszterelnok-skocianak-kepesnek-kell-lennie-a-fuggetlensegre\/","title":{"rendered":"Sk\u00f3t minisztereln\u00f6k: Sk\u00f3ci\u00e1nak k\u00e9pesnek kell lennie a f\u00fcggetlens\u00e9gre"},"content":{"rendered":"<p><strong>Mivel Sk\u00f3cia \u00e9s az Egyes\u00fclt Kir\u00e1lys\u00e1g egyre ink\u00e1bb k\u00fcl\u00f6nb\u00f6z\u0151 politikai utakon halad, szembe kell n\u00e9zn\u00fcnk azzal, hogy a legjobb v\u00e1lasz erre az, ha Sk\u00f3cia k\u00e9pes a f\u00fcggetlens\u00e9gre \u00e9s saj\u00e1t j\u00f6v\u0151j\u00e9nek alak\u00edt\u00e1s\u00e1ra &#8211; jelentette ki Nicola Sturgeon sk\u00f3t minisztereln\u00f6k Br\u00fcsszelben kedden.<\/strong><!--more--><\/p>\n<div class=\"ads-in-post1\"><div id=\"gazdasagportal.hu_fullbanner_wideboard\"><\/div>\r\n<\/div>\n<p>    A sk\u00f3t minisztereln\u00f6k hangs\u00falyozta, Nagy-Britannia uni\u00f3s tags\u00e1g\u00e1nak megsz\u0171n\u00e9se (Brexit) \u00e9s a vezet\u0151i tiszts\u00e9g\u00e9rt folytatott brit korm\u00e1nyzati verseng\u00e9s &#8222;horror show-ja&#8221; mind azt mutatj\u00e1k, hogy Sk\u00f3ci\u00e1nak m\u00e1s utat kell kijel\u00f6lnie, val\u00f3sz\u00edn\u0171leg az Egyes\u00fclt Kir\u00e1lys\u00e1gon k\u00edv\u00fcl.<br \/>\n    &#8222;Sk\u00f3cia n\u00e9p\u00e9nek d\u00f6nt\u00e9st kell hoznia, miel\u0151tt t\u00fal k\u00e9s\u0151 lenne megf\u00e9kezni a Brexit okozta k\u00e1rokat&#8221; &#8211; fogalmazott.<br \/>\n    Sturgeon, a Sk\u00f3ci\u00e1ban korm\u00e1nyz\u00f3, f\u00fcggetlens\u00e9gre t\u00f6rekv\u0151 Sk\u00f3t Nemzeti P\u00e1rt (SNP) vezet\u0151je egynapos br\u00fcsszeli l\u00e1togat\u00e1s\u00e1n megbesz\u00e9l\u00e9st folytatott Michel Barnier uni\u00f3s Brexit-\u00fcgyi f\u0151t\u00e1rgyal\u00f3val, a d\u00e9lut\u00e1n pedig Jean-Claude Junckerrel, az Eur\u00f3pai Bizotts\u00e1g eln\u00f6k\u00e9vel tal\u00e1lkozik.<br \/>\n<div class=\"ads-in-post2\"><script async src=\"https:\/\/pagead2.googlesyndication.com\/pagead\/js\/adsbygoogle.js\"><\/script>\r\n<ins class=\"adsbygoogle\"\r\n     style=\"display:block\"\r\n     data-ad-format=\"fluid\"\r\n     data-ad-layout-key=\"-6t+ed+2i-1n-4w\"\r\n     data-ad-client=\"ca-pub-1959107119989764\"\r\n     data-ad-slot=\"4008251320\"><\/ins>\r\n<script>\r\n     (adsbygoogle = window.adsbygoogle || []).push({});\r\n<\/script><\/div>\n    A sk\u00f3t korm\u00e1ny m\u00e1jus v\u00e9g\u00e9n terjesztette be az edinburghi parlamentben azt a t\u00f6rv\u00e9nycsomagot, amelynek c\u00e9lja az \u00fajabb sk\u00f3ciai f\u00fcggetlens\u00e9gi n\u00e9pszavaz\u00e1s ki\u00edr\u00e1s\u00e1nak jogszab\u00e1lyi el\u0151k\u00e9sz\u00edt\u00e9se.<br \/>\n    Nicola Sturgeon a 2016-os EU-tags\u00e1gi n\u00e9pszavaz\u00e1s \u00f3ta t\u00f6bbsz\u00f6r is kil\u00e1t\u00e1sba helyezte, hogy Sk\u00f3ci\u00e1ban \u00fajabb n\u00e9pszavaz\u00e1st tartanak a f\u00fcggetlens\u00e9gr\u0151l, mert Sk\u00f3cia nem engedheti meg, hogy egy\u00e9rtelm\u0171en kinyilv\u00e1n\u00edtott bennmarad\u00e1si sz\u00e1nd\u00e9ka ellen\u00e9re &#8222;kir\u00e1ngass\u00e1k&#8221; az Eur\u00f3pai Uni\u00f3b\u00f3l.<br \/>\n    Legut\u00f3bb \u00e1prilisban k\u00f6z\u00f6lte, hogy m\u00e9g a k\u00f6vetkez\u0151 sk\u00f3ciai parlamenti v\u00e1laszt\u00e1sok el\u0151tt, vagyis 2021-ig ism\u00e9t n\u00e9pszavaz\u00e1st kell tartani a sk\u00f3t f\u00fcggetlens\u00e9gr\u0151l, ha Sk\u00f3ci\u00e1t akarata ellen\u00e9re kil\u00e9ptetik az Eur\u00f3pai Uni\u00f3b\u00f3l.<br \/>\n    A sk\u00f3t f\u00fcggetlens\u00e9gr\u0151l 2014 szeptember\u00e9ben m\u00e1r tartottak egy n\u00e9pszavaz\u00e1st, de akkor az elszakad\u00e1st ellenz\u0151k gy\u0151ztek 55 sz\u00e1zal\u00e9kos t\u00f6bbs\u00e9ggel.<br \/>\n    London m\u00e1r jelezte, nem fogja j\u00f3v\u00e1hagyni az \u00fajabb sk\u00f3t f\u00fcggetlens\u00e9gi n\u00e9pszavaz\u00e1st.(MTI)<\/p>\n","protected":false},"excerpt":{"rendered":"<p>Mivel Sk\u00f3cia \u00e9s az Egyes\u00fclt Kir\u00e1lys\u00e1g egyre ink\u00e1bb k\u00fcl\u00f6nb\u00f6z\u0151 politikai utakon halad, szembe kell n\u00e9zn\u00fcnk azzal, hogy a legjobb v\u00e1lasz erre az, ha Sk\u00f3cia k\u00e9pes a f\u00fcggetlens\u00e9gre \u00e9s saj\u00e1t j\u00f6v\u0151j\u00e9nek alak\u00edt\u00e1s\u00e1ra &#8211; jelentette ki Nicola Sturgeon sk\u00f3t minisztereln\u00f6k Br\u00fcsszelben kedden.<\/p>\n","protected":false},"author":1001003,"featured_media":0,"comment_status":"closed","ping_status":"open","sticky":false,"template":"","format":"standard","meta":[],"categories":[12],"tags":[],"_links":{"self":[{"href":"https:\/\/gazdasagportal.hu\/index.php\/wp-json\/wp\/v2\/posts\/116757"}],"collection":[{"href":"https:\/\/gazdasagportal.hu\/index.php\/wp-json\/wp\/v2\/posts"}],"about":[{"href":"https:\/\/gazdasagportal.hu\/index.php\/wp-json\/wp\/v2\/types\/post"}],"author":[{"embeddable":true,"href":"https:\/\/gazdasagportal.hu\/index.php\/wp-json\/wp\/v2\/users\/1001003"}],"replies":[{"embeddable":true,"href":"https:\/\/gazdasagportal.hu\/index.php\/wp-json\/wp\/v2\/comments?post=116757"}],"version-history":[{"count":1,"href":"https:\/\/gazdasagportal.hu\/index.php\/wp-json\/wp\/v2\/posts\/116757\/revisions"}],"predecessor-version":[{"id":116758,"href":"https:\/\/gazdasagportal.hu\/index.php\/wp-json\/wp\/v2\/posts\/116757\/revisions\/116758"}],"wp:attachment":[{"href":"https:\/\/gazdasagportal.hu\/index.php\/wp-json\/wp\/v2\/media?parent=116757"}],"wp:term":[{"taxonomy":"category","embeddable":true,"href":"https:\/\/gazdasagportal.hu\/index.php\/wp-json\/wp\/v2\/categories?post=116757"},{"taxonomy":"post_tag","embeddable":true,"href":"https:\/\/gazdasagportal.hu\/index.php\/wp-json\/wp\/v2\/tags?post=116757"}],"curies":[{"name":"wp","href":"https:\/\/api.w.org\/{rel}","templated":true}]}}