{"id":116755,"date":"2019-06-11T22:51:32","date_gmt":"2019-06-11T20:51:32","guid":{"rendered":"http:\/\/gazdasagportal.hu\/?p=116755"},"modified":"2019-06-11T22:51:32","modified_gmt":"2019-06-11T20:51:32","slug":"donald-trump-ujabb-levelet-kapott-kim-dzsong-un-eszak-koreai-vezetotol","status":"publish","type":"post","link":"https:\/\/gazdasagportal.hu\/index.php\/donald-trump-ujabb-levelet-kapott-kim-dzsong-un-eszak-koreai-vezetotol\/","title":{"rendered":"Donald Trump \u00fajabb levelet kapott Kim Dzsong Un \u00e9szak-koreai vezet\u0151t\u0151l"},"content":{"rendered":"<p><strong>\u00dajabb levelet kapott Kim Dzsong Un \u00e9szak-koreai vezet\u0151t\u0151l az amerikai eln\u00f6k. Donald Trump kedden a Feh\u00e9r H\u00e1zban \u00fajs\u00e1g\u00edr\u00f3knak nyilatkozva a  lev\u00e9l tartalm\u00e1t  &#8222;csod\u00e1latosnak&#8221; \u00e9s &#8222;meleg hang\u00fanak&#8221; nevezte.<\/strong><!--more--><\/p>\n<div class=\"ads-in-post1\"><div id=\"gazdasagportal.hu_fullbanner_wideboard\"><\/div>\r\n<\/div>\n<p>    A h\u00e9tf\u0151n k\u00e9zhez  kapott lev\u00e9l r\u00e9szleteir\u0151l  Trump ugyanakkor  nem sz\u00e1molt be. Szint\u00e9n r\u00e9szletek eml\u00edt\u00e9se n\u00e9lk\u00fcl kifejtette tov\u00e1bb\u00e1, hogy arra sz\u00e1m\u00edt, &#8222;valami pozit\u00edv&#8221; dolog t\u00f6rt\u00e9nik majd Washington \u00e9s Phenjan viszony\u00e1ban. A k\u00e9t orsz\u00e1g kapcsolat\u00e1t &#8222;nagyszer\u0171nek&#8221; min\u0151s\u00edtette.<br \/>\n    Trump hangs\u00falyozta: Kim Dzsong Un betartotta szav\u00e1t, \u00c9szak-Korea imm\u00e1r nem hajt v\u00e9gre k\u00eds\u00e9rleteket hossz\u00fa hat\u00f3t\u00e1vols\u00e1g\u00fa nukle\u00e1ris rak\u00e9t\u00e1kkal.<br \/>\n    Donald Trump kijelent\u00e9sei el\u0151tt nem sokkal John Bolton nemzetbiztons\u00e1gi tan\u00e1csad\u00f3 azt hangoztatta, hogy &#8222;teljes m\u00e9rt\u00e9kben lehets\u00e9ges&#8221; egy harmadik cs\u00facstal\u00e1lkoz\u00f3 is Trump \u00e9s Kim k\u00f6z\u00f6tt, ez csakis az \u00e9szak-koreai f\u00e9lt\u0151l f\u00fcgg. Washington mindenesetre k\u00e9szen \u00e1ll erre &#8211; er\u0151s\u00edtette meg a nemzetbiztons\u00e1gi tan\u00e1csad\u00f3.<br \/>\n<div class=\"ads-in-post2\"><script async src=\"https:\/\/pagead2.googlesyndication.com\/pagead\/js\/adsbygoogle.js\"><\/script>\r\n<ins class=\"adsbygoogle\"\r\n     style=\"display:block\"\r\n     data-ad-format=\"fluid\"\r\n     data-ad-layout-key=\"-6t+ed+2i-1n-4w\"\r\n     data-ad-client=\"ca-pub-1959107119989764\"\r\n     data-ad-slot=\"4008251320\"><\/ins>\r\n<script>\r\n     (adsbygoogle = window.adsbygoogle || []).push({});\r\n<\/script><\/div>\n    A Feh\u00e9r H\u00e1z kertj\u00e9ben, \u00fajs\u00e1g\u00edr\u00f3i k\u00e9rd\u00e9sekre v\u00e1laszolva egy iowai kamp\u00e1nyrendezv\u00e9nyre indul\u00f3 Donald Trump a t\u00f6bbi k\u00f6z\u00f6tt kit\u00e9rt K\u00edn\u00e1ra \u00e9s Venezuel\u00e1ra is. Kifejtette, Peking azon van, hogy megk\u00f6sse a kereskedelmi egyezm\u00e9nyt Washingtonnal, \u00e1m erre csakis akkor ker\u00fclhet sor, ha &#8211; mint fogalmazott -&#8222;a meg\u00e1llapod\u00e1s a lehet\u0151 legjobb&#8221;. Mindazon\u00e1ltal dics\u00e9rte Hszi Csin-ping k\u00ednai eln\u00f6k\u00f6t, hozz\u00e1t\u00e9ve, hogy meg\u00e9rti \u0151t, mert a k\u00ednai \u00e9rdeket k\u00e9pviseli, m\u00edg \u0151 az amerikaiak \u00e9rdekeit helyezi mindenek el\u00e9be.<br \/>\n     Trump lesz\u00f6gezte: sz\u00e1m\u00edt arra, hogy a G20-as orsz\u00e1gcsoport j\u00fanius v\u00e9g\u00e9n a jap\u00e1n Oszak\u00e1ban rendezend\u0151 cs\u00facstal\u00e1lkoz\u00f3j\u00e1n megbesz\u00e9l\u00e9seket folytat a k\u00ednai vezet\u0151vel, de szerinte Hszi eln\u00f6knek musz\u00e1j v\u00e1ltoztatnia az eddigi kereskedelmi t\u00e1rgyal\u00e1sokon egyn\u00e9mely k\u00e9rd\u00e9sben k\u00e9pviselt \u00e1ll\u00e1spontj\u00e1n.<br \/>\n     Venezuel\u00e1r\u00f3l sz\u00f3lva az amerikai eln\u00f6k a d\u00e9l-amerikai orsz\u00e1g jelenlegi helyzet\u00e9\u00e9rt el\u0151dj\u00e9t, Barack Obama eln\u00f6k\u00f6t \u00e9s korm\u00e1nyzat\u00e1t is hib\u00e1ztatta \u00e9s kil\u00e1t\u00e1sba helyezte, hogy mened\u00e9kjogot ad venezuelai \u00e1llampolg\u00e1roknak.(MTI)<\/p>\n","protected":false},"excerpt":{"rendered":"<p>\u00dajabb levelet kapott Kim Dzsong Un \u00e9szak-koreai vezet\u0151t\u0151l az amerikai eln\u00f6k. Donald Trump kedden a Feh\u00e9r H\u00e1zban \u00fajs\u00e1g\u00edr\u00f3knak nyilatkozva a lev\u00e9l tartalm\u00e1t &#8222;csod\u00e1latosnak&#8221; \u00e9s &#8222;meleg hang\u00fanak&#8221; nevezte.<\/p>\n","protected":false},"author":1001003,"featured_media":0,"comment_status":"closed","ping_status":"open","sticky":false,"template":"","format":"standard","meta":[],"categories":[13,14],"tags":[],"_links":{"self":[{"href":"https:\/\/gazdasagportal.hu\/index.php\/wp-json\/wp\/v2\/posts\/116755"}],"collection":[{"href":"https:\/\/gazdasagportal.hu\/index.php\/wp-json\/wp\/v2\/posts"}],"about":[{"href":"https:\/\/gazdasagportal.hu\/index.php\/wp-json\/wp\/v2\/types\/post"}],"author":[{"embeddable":true,"href":"https:\/\/gazdasagportal.hu\/index.php\/wp-json\/wp\/v2\/users\/1001003"}],"replies":[{"embeddable":true,"href":"https:\/\/gazdasagportal.hu\/index.php\/wp-json\/wp\/v2\/comments?post=116755"}],"version-history":[{"count":1,"href":"https:\/\/gazdasagportal.hu\/index.php\/wp-json\/wp\/v2\/posts\/116755\/revisions"}],"predecessor-version":[{"id":116756,"href":"https:\/\/gazdasagportal.hu\/index.php\/wp-json\/wp\/v2\/posts\/116755\/revisions\/116756"}],"wp:attachment":[{"href":"https:\/\/gazdasagportal.hu\/index.php\/wp-json\/wp\/v2\/media?parent=116755"}],"wp:term":[{"taxonomy":"category","embeddable":true,"href":"https:\/\/gazdasagportal.hu\/index.php\/wp-json\/wp\/v2\/categories?post=116755"},{"taxonomy":"post_tag","embeddable":true,"href":"https:\/\/gazdasagportal.hu\/index.php\/wp-json\/wp\/v2\/tags?post=116755"}],"curies":[{"name":"wp","href":"https:\/\/api.w.org\/{rel}","templated":true}]}}