{"id":116749,"date":"2019-06-11T15:06:53","date_gmt":"2019-06-11T13:06:53","guid":{"rendered":"http:\/\/gazdasagportal.hu\/?p=116749"},"modified":"2019-06-11T15:06:53","modified_gmt":"2019-06-11T13:06:53","slug":"csucson-a-magyar-haztartasok-fizetokepessege-az-intrum-mutatoja-szerint","status":"publish","type":"post","link":"https:\/\/gazdasagportal.hu\/index.php\/csucson-a-magyar-haztartasok-fizetokepessege-az-intrum-mutatoja-szerint\/","title":{"rendered":"Cs\u00facson a magyar h\u00e1ztart\u00e1sok fizet\u0151k\u00e9pess\u00e9ge az Intrum mutat\u00f3ja szerint"},"content":{"rendered":"<p><strong>A magyar h\u00e1ztart\u00e1sok fizet\u0151k\u00e9pess\u00e9ge id\u00e9n az els\u0151 negyed\u00e9vben minden eddigin\u00e9l magasabb szintre l\u00e9pett, \u00e9s tov\u00e1bbi javul\u00e1s v\u00e1rhat\u00f3 &#8211; der\u00fcl ki a k\u00f6vetel\u00e9skezel\u0151 Intrum Justitia Zrt. \u00e9s a GKI Gazdas\u00e1gkutat\u00f3 Zrt. k\u00f6z\u00f6s kutat\u00e1s\u00e1b\u00f3l.<\/strong><!--more--><\/p>\n<div class=\"ads-in-post1\"><div id=\"gazdasagportal.hu_fullbanner_wideboard\"><\/div>\r\n<\/div>\n<p>    Az MTI-nek k\u00fcld\u00f6tt keddi k\u00f6zlem\u00e9ny\u00fck szerint a h\u00e1ztart\u00e1sok anyagi helyzet\u00e9t m\u00e9r\u0151 Intrum fizet\u0151k\u00e9pess\u00e9gi index (IFI) 59,5 ponton z\u00e1rt az idei  els\u0151 negyed\u00e9vben, ami j\u00f3val magasabb az el\u0151z\u0151 negyed\u00e9vben m\u00e9rt 54,68-as \u00e9rt\u00e9kn\u00e9l. A magyar h\u00e1ztart\u00e1sok fizet\u0151k\u00e9pess\u00e9ge 2013 \u00f3ta folyamatosan javul, \u00e9s a legfrissebb adatok alapj\u00e1n ez v\u00e1rhat\u00f3an a j\u00f6v\u0151ben is megmarad &#8211; \u00edrt\u00e1k.<br \/>\n    Az adatok szerint a 2018 m\u00e1sodik fel\u00e9t\u0151l tapasztalt kiemelked\u0151 GDP n\u00f6veked\u00e9st a h\u00e1ztart\u00e1sok is \u00e9rz\u00e9kelik  A keresetek n\u00f6veked\u00e9se a fogyaszt\u00f3i \u00e1rakat is emeli, de ut\u00f3bbi n\u00f6veked\u00e9se egyel\u0151re nem olyan m\u00e9rt\u00e9k\u0171, hogy a h\u00e1ztart\u00e1sok fizet\u0151k\u00e9pess\u00e9g\u00e9t rontsa &#8211; fejtette ki a k\u00f6zlem\u00e9nyben Felfalusi P\u00e9ter, az Intrum magyarorsz\u00e1gi vez\u00e9rigazgat\u00f3ja.<br \/>\n    A jelent\u00e9s szerint a fizet\u0151k\u00e9pess\u00e9gi indexb\u0151l arra is lehet k\u00f6vetkeztetni, hogy a magyar GDP v\u00e1rhat\u00f3an viszonylag gyors \u00fctemben n\u0151 a k\u00f6zelj\u00f6v\u0151ben is. A GDP tavalyi sz\u00e1rnyal\u00e1s\u00e1t jelent\u0151s r\u00e9szben a bels\u0151 fogyaszt\u00e1s b\u0151v\u00fcl\u00e9se okozta. Ez az aktu\u00e1lis adatok alapj\u00e1n id\u00e9n is magas szinten marad &#8211; k\u00f6z\u00f6lt\u00e9k.<br \/>\n    A lakoss\u00e1gi fizet\u0151k\u00e9pess\u00e9g mellett az Intrum az \u00e9vente elk\u00e9sz\u00edtett eur\u00f3pai fizet\u00e9si jelent\u00e9s\u00e9ben a v\u00e1llalati fizet\u00e9si hajland\u00f3s\u00e1got is vizsg\u00e1lja. A 2019 tavaszi kutat\u00e1s szerint &#8211; amelyben 11 860 c\u00e9g vett r\u00e9szt Eur\u00f3pa 29 orsz\u00e1g\u00e1b\u00f3l, k\u00f6zt\u00fck 445 magyar v\u00e1llalkoz\u00e1s &#8211; minden 2. eur\u00f3pai v\u00e1llalkoz\u00e1s probl\u00e9m\u00e1snak tartja a hossz\u00fa fizet\u00e9si hat\u00e1rid\u0151ket \u00e9s azt, hogy a partnerek k\u00e9sve rendezik kintl\u00e9v\u0151s\u00e9g\u00fcket.<br \/>\n<div class=\"ads-in-post2\"><script async src=\"https:\/\/pagead2.googlesyndication.com\/pagead\/js\/adsbygoogle.js\"><\/script>\r\n<ins class=\"adsbygoogle\"\r\n     style=\"display:block\"\r\n     data-ad-format=\"fluid\"\r\n     data-ad-layout-key=\"-6t+ed+2i-1n-4w\"\r\n     data-ad-client=\"ca-pub-1959107119989764\"\r\n     data-ad-slot=\"4008251320\"><\/ins>\r\n<script>\r\n     (adsbygoogle = window.adsbygoogle || []).push({});\r\n<\/script><\/div>\n    A kutat\u00e1s szerint a magyar c\u00e9gek k\u00f6r\u00e9ben ar\u00e1ny\u00e1ban kevesebbeknek okoz gondot a partnerek k\u00e9sedelmes fizet\u00e9se, de \u00edgy is minden 3. v\u00e1llalkoz\u00e1s k\u00fczd ezzel. A magyar c\u00e9gek szerint az elmarad\u00f3 kifizet\u00e9seket leggyakrabban a partnerek \u00e9s \u00fcgyfelek p\u00e9nz\u00fcgyi probl\u00e9m\u00e1i okozz\u00e1k, a v\u00e1laszad\u00f3k 46 sz\u00e1zal\u00e9ka tapasztalt ilyet tavaly. Ehhez k\u00e9pest tudatosan v\u00e1lasztott k\u00e9sedelmes fizet\u00e9s j\u00f3val ritk\u00e1bb Magyarorsz\u00e1gon, a c\u00e9gek 28 sz\u00e1zal\u00e9ka tal\u00e1lkozott vele. Eur\u00f3p\u00e1ban sokkal gyakoribb a tervezett k\u00e9sedelmes fizet\u00e9s, a v\u00e1laszad\u00f3 c\u00e9gek 50 sz\u00e1zal\u00e9k\u00e1nak volt vele tapasztalata &#8211; k\u00f6z\u00f6lt\u00e9k.(MTI)<\/p>\n","protected":false},"excerpt":{"rendered":"<p>A magyar h\u00e1ztart\u00e1sok fizet\u0151k\u00e9pess\u00e9ge id\u00e9n az els\u0151 negyed\u00e9vben minden eddigin\u00e9l magasabb szintre l\u00e9pett, \u00e9s tov\u00e1bbi javul\u00e1s v\u00e1rhat\u00f3 &#8211; der\u00fcl ki a k\u00f6vetel\u00e9skezel\u0151 Intrum Justitia Zrt. \u00e9s a GKI Gazdas\u00e1gkutat\u00f3 Zrt. k\u00f6z\u00f6s kutat\u00e1s\u00e1b\u00f3l.<\/p>\n","protected":false},"author":1,"featured_media":0,"comment_status":"closed","ping_status":"open","sticky":false,"template":"","format":"standard","meta":[],"categories":[19],"tags":[],"_links":{"self":[{"href":"https:\/\/gazdasagportal.hu\/index.php\/wp-json\/wp\/v2\/posts\/116749"}],"collection":[{"href":"https:\/\/gazdasagportal.hu\/index.php\/wp-json\/wp\/v2\/posts"}],"about":[{"href":"https:\/\/gazdasagportal.hu\/index.php\/wp-json\/wp\/v2\/types\/post"}],"author":[{"embeddable":true,"href":"https:\/\/gazdasagportal.hu\/index.php\/wp-json\/wp\/v2\/users\/1"}],"replies":[{"embeddable":true,"href":"https:\/\/gazdasagportal.hu\/index.php\/wp-json\/wp\/v2\/comments?post=116749"}],"version-history":[{"count":1,"href":"https:\/\/gazdasagportal.hu\/index.php\/wp-json\/wp\/v2\/posts\/116749\/revisions"}],"predecessor-version":[{"id":116750,"href":"https:\/\/gazdasagportal.hu\/index.php\/wp-json\/wp\/v2\/posts\/116749\/revisions\/116750"}],"wp:attachment":[{"href":"https:\/\/gazdasagportal.hu\/index.php\/wp-json\/wp\/v2\/media?parent=116749"}],"wp:term":[{"taxonomy":"category","embeddable":true,"href":"https:\/\/gazdasagportal.hu\/index.php\/wp-json\/wp\/v2\/categories?post=116749"},{"taxonomy":"post_tag","embeddable":true,"href":"https:\/\/gazdasagportal.hu\/index.php\/wp-json\/wp\/v2\/tags?post=116749"}],"curies":[{"name":"wp","href":"https:\/\/api.w.org\/{rel}","templated":true}]}}