{"id":116717,"date":"2019-06-10T09:09:37","date_gmt":"2019-06-10T07:09:37","guid":{"rendered":"http:\/\/gazdasagportal.hu\/?p=116717"},"modified":"2019-06-10T09:09:37","modified_gmt":"2019-06-10T07:09:37","slug":"brexit-szakerto-igergetesi-kampany-folyik-nagy-britanniaban-a-miniszterelnoki-cimert","status":"publish","type":"post","link":"https:\/\/gazdasagportal.hu\/index.php\/brexit-szakerto-igergetesi-kampany-folyik-nagy-britanniaban-a-miniszterelnoki-cimert\/","title":{"rendered":"Brexit &#8211; Szak\u00e9rt\u0151: \u00edg\u00e9rget\u00e9si kamp\u00e1ny folyik Nagy-Britanni\u00e1ban a minisztereln\u00f6ki c\u00edm\u00e9rt"},"content":{"rendered":"<p><strong>\u00cdg\u00e9rget\u00e9si kamp\u00e1ny folyik Nagy-Britanni\u00e1ban a meg\u00fcresedett minisztereln\u00f6ki sz\u00e9k\u00e9rt &#8211; mondta Frank Tibor k\u00fclpolitikai elemz\u0151 az M1 aktu\u00e1lis csatorn\u00e1n h\u00e9tf\u0151n. <\/strong><!--more--><\/p>\n<div class=\"ads-in-post1\"><div id=\"gazdasagportal.hu_fullbanner_wideboard\"><\/div>\r\n<\/div>\n<p>    A minisztereln\u00f6ki posztra is es\u00e9lyes Boris Johnson volt k\u00fcl\u00fcgyminiszter p\u00e9ld\u00e1ul az \u00edg\u00e9rte, hogy kedvez\u0151bb felt\u00e9teleket harcol ki Nagy-Britanni\u00e1nak Br\u00fcsszelben. Egy m\u00e1sik jel\u00f6lt, Michael Gove mez\u0151gazdas\u00e1gi \u00e9s k\u00f6rnyezetv\u00e9delmi miniszter pedig az \u00e1fa elt\u00f6rl\u00e9s\u00e9t garant\u00e1lta v\u00e1laszt\u00f3inak &#8211; k\u00f6z\u00f6lte.<br \/>\n    Hangs\u00falyozta: a jel\u00f6ltek t\u00f6bbs\u00e9ge a konzervat\u00edv korm\u00e1ny minisztere, \u00e9s r\u00e9szes\u00fclnek abban a n\u00e9pszer\u0171tlens\u00e9gben, amely Theresa May korm\u00e1ny\u00e1t k\u00eds\u00e9rte az ut\u00f3bbi h\u00f3napokban.(MTI)<br \/>\n<div class=\"ads-in-post2\"><script async src=\"https:\/\/pagead2.googlesyndication.com\/pagead\/js\/adsbygoogle.js\"><\/script>\r\n<ins class=\"adsbygoogle\"\r\n     style=\"display:block\"\r\n     data-ad-format=\"fluid\"\r\n     data-ad-layout-key=\"-6t+ed+2i-1n-4w\"\r\n     data-ad-client=\"ca-pub-1959107119989764\"\r\n     data-ad-slot=\"4008251320\"><\/ins>\r\n<script>\r\n     (adsbygoogle = window.adsbygoogle || []).push({});\r\n<\/script><\/div>\n","protected":false},"excerpt":{"rendered":"<p>\u00cdg\u00e9rget\u00e9si kamp\u00e1ny folyik Nagy-Britanni\u00e1ban a meg\u00fcresedett minisztereln\u00f6ki sz\u00e9k\u00e9rt &#8211; mondta Frank Tibor k\u00fclpolitikai elemz\u0151 az M1 aktu\u00e1lis csatorn\u00e1n h\u00e9tf\u0151n.<\/p>\n","protected":false},"author":1001003,"featured_media":0,"comment_status":"closed","ping_status":"open","sticky":false,"template":"","format":"standard","meta":[],"categories":[12],"tags":[],"_links":{"self":[{"href":"https:\/\/gazdasagportal.hu\/index.php\/wp-json\/wp\/v2\/posts\/116717"}],"collection":[{"href":"https:\/\/gazdasagportal.hu\/index.php\/wp-json\/wp\/v2\/posts"}],"about":[{"href":"https:\/\/gazdasagportal.hu\/index.php\/wp-json\/wp\/v2\/types\/post"}],"author":[{"embeddable":true,"href":"https:\/\/gazdasagportal.hu\/index.php\/wp-json\/wp\/v2\/users\/1001003"}],"replies":[{"embeddable":true,"href":"https:\/\/gazdasagportal.hu\/index.php\/wp-json\/wp\/v2\/comments?post=116717"}],"version-history":[{"count":1,"href":"https:\/\/gazdasagportal.hu\/index.php\/wp-json\/wp\/v2\/posts\/116717\/revisions"}],"predecessor-version":[{"id":116718,"href":"https:\/\/gazdasagportal.hu\/index.php\/wp-json\/wp\/v2\/posts\/116717\/revisions\/116718"}],"wp:attachment":[{"href":"https:\/\/gazdasagportal.hu\/index.php\/wp-json\/wp\/v2\/media?parent=116717"}],"wp:term":[{"taxonomy":"category","embeddable":true,"href":"https:\/\/gazdasagportal.hu\/index.php\/wp-json\/wp\/v2\/categories?post=116717"},{"taxonomy":"post_tag","embeddable":true,"href":"https:\/\/gazdasagportal.hu\/index.php\/wp-json\/wp\/v2\/tags?post=116717"}],"curies":[{"name":"wp","href":"https:\/\/api.w.org\/{rel}","templated":true}]}}