{"id":116713,"date":"2019-06-09T09:09:08","date_gmt":"2019-06-09T07:09:08","guid":{"rendered":"http:\/\/gazdasagportal.hu\/?p=116713"},"modified":"2019-06-09T08:11:11","modified_gmt":"2019-06-09T06:11:11","slug":"elorelepes-az-egyesult-allamok-es-mexiko-megallapodasa","status":"publish","type":"post","link":"https:\/\/gazdasagportal.hu\/index.php\/elorelepes-az-egyesult-allamok-es-mexiko-megallapodasa\/","title":{"rendered":"El\u0151rel\u00e9p\u00e9s az Egyes\u00fclt \u00c1llamok \u00e9s Mexik\u00f3 meg\u00e1llapod\u00e1sa"},"content":{"rendered":"<p><strong>El\u0151rel\u00e9p\u00e9sk\u00e9nt \u00e9rt\u00e9kelte a Nemzeti K\u00f6zszolg\u00e1lati Egyetem kutat\u00f3k\u00f6zpontj\u00e1nak munkat\u00e1rsa, hogy az Egyes\u00fclt \u00c1llamok \u00e9s Mexik\u00f3 meg\u00e1llapodott a migr\u00e1ci\u00f3 megf\u00e9kez\u00e9s\u00e9r\u0151l, \u00e9s az Egyes\u00fclt \u00c1llamok felf\u00fcggeszti h\u00e9tf\u0151t\u0151l kil\u00e1t\u00e1sba helyezett v\u00e1mok bevezet\u00e9s\u00e9t.<\/strong><!--more--><\/p>\n<div class=\"ads-in-post1\"><div id=\"gazdasagportal.hu_fullbanner_wideboard\"><\/div>\r\n<\/div>\n<p>    Csizmazia G\u00e1bor az M1 aktu\u00e1lis csatorn\u00e1n szombaton felid\u00e9zte, hogy Donald Trump amerikai eln\u00f6k kor\u00e1bbi bejelent\u00e9se szerint a kezdetben 5 sz\u00e1zal\u00e9kos, minden Mexik\u00f3b\u00f3l sz\u00e1rmaz\u00f3 term\u00e9kre kivetett v\u00e1m minden h\u00f3napban 5 sz\u00e1zal\u00e9kponttal tov\u00e1bb emelkedik, eg\u00e9szen 25 sz\u00e1zal\u00e9kra, ha a mexik\u00f3i korm\u00e1ny nem f\u00e9kezi meg a migr\u00e1ci\u00f3t.<br \/>\n    A szak\u00e9rt\u0151 szerint az amerikai eln\u00f6k l\u00e9p\u00e9se kock\u00e1zatos volt, de a jelek szerint egyel\u0151re bev\u00e1lt. \u00cdgy megoldhat\u00f3 lesz, hogy a Mexik\u00f3 fel\u0151l \u00e9rkez\u0151 mened\u00e9kk\u00e9r\u0151ket \u00e1tmenetileg Mexik\u00f3ban tudj\u00e1k tartani. Ez ugyanakkor nem jelent \u00e9rdemi megold\u00e1st a probl\u00e9m\u00e1ra &#8211; jelezte.<br \/>\n<div class=\"ads-in-post2\"><script async src=\"https:\/\/pagead2.googlesyndication.com\/pagead\/js\/adsbygoogle.js\"><\/script>\r\n<ins class=\"adsbygoogle\"\r\n     style=\"display:block\"\r\n     data-ad-format=\"fluid\"\r\n     data-ad-layout-key=\"-6t+ed+2i-1n-4w\"\r\n     data-ad-client=\"ca-pub-1959107119989764\"\r\n     data-ad-slot=\"4008251320\"><\/ins>\r\n<script>\r\n     (adsbygoogle = window.adsbygoogle || []).push({});\r\n<\/script><\/div>\n    A statisztik\u00e1k alapj\u00e1n a bev\u00e1ndorolni sz\u00e1nd\u00e9koz\u00f3k jelent\u0151s r\u00e9sze h\u00e1rom orsz\u00e1gb\u00f3l, Hondurasb\u00f3l, El Salvadorb\u00f3l \u00e9s Guatemal\u00e1b\u00f3l \u00e9rkezik Mexik\u00f3n kereszt\u00fcl, els\u0151sorban gazdas\u00e1gi okok miatt. Mexik\u00f3t viszont nagyon \u00e9rz\u00e9kenyen \u00e9rintette volna, ha bevezetik a kil\u00e1t\u00e1sba helyezett v\u00e1mokat, ezt mindenk\u00e9ppen el akart\u00e1k ker\u00fclni &#8211; fejtette ki Csizmazia G\u00e1bor.(MTI)<\/p>\n","protected":false},"excerpt":{"rendered":"<p>El\u0151rel\u00e9p\u00e9sk\u00e9nt \u00e9rt\u00e9kelte a Nemzeti K\u00f6zszolg\u00e1lati Egyetem kutat\u00f3k\u00f6zpontj\u00e1nak munkat\u00e1rsa, hogy az Egyes\u00fclt \u00c1llamok \u00e9s Mexik\u00f3 meg\u00e1llapodott a migr\u00e1ci\u00f3 megf\u00e9kez\u00e9s\u00e9r\u0151l, \u00e9s az Egyes\u00fclt \u00c1llamok felf\u00fcggeszti h\u00e9tf\u0151t\u0151l kil\u00e1t\u00e1sba helyezett v\u00e1mok bevezet\u00e9s\u00e9t.<\/p>\n","protected":false},"author":1001003,"featured_media":104304,"comment_status":"closed","ping_status":"open","sticky":false,"template":"","format":"standard","meta":[],"categories":[146,13,246],"tags":[],"_links":{"self":[{"href":"https:\/\/gazdasagportal.hu\/index.php\/wp-json\/wp\/v2\/posts\/116713"}],"collection":[{"href":"https:\/\/gazdasagportal.hu\/index.php\/wp-json\/wp\/v2\/posts"}],"about":[{"href":"https:\/\/gazdasagportal.hu\/index.php\/wp-json\/wp\/v2\/types\/post"}],"author":[{"embeddable":true,"href":"https:\/\/gazdasagportal.hu\/index.php\/wp-json\/wp\/v2\/users\/1001003"}],"replies":[{"embeddable":true,"href":"https:\/\/gazdasagportal.hu\/index.php\/wp-json\/wp\/v2\/comments?post=116713"}],"version-history":[{"count":1,"href":"https:\/\/gazdasagportal.hu\/index.php\/wp-json\/wp\/v2\/posts\/116713\/revisions"}],"predecessor-version":[{"id":116714,"href":"https:\/\/gazdasagportal.hu\/index.php\/wp-json\/wp\/v2\/posts\/116713\/revisions\/116714"}],"wp:featuredmedia":[{"embeddable":true,"href":"https:\/\/gazdasagportal.hu\/index.php\/wp-json\/wp\/v2\/media\/104304"}],"wp:attachment":[{"href":"https:\/\/gazdasagportal.hu\/index.php\/wp-json\/wp\/v2\/media?parent=116713"}],"wp:term":[{"taxonomy":"category","embeddable":true,"href":"https:\/\/gazdasagportal.hu\/index.php\/wp-json\/wp\/v2\/categories?post=116713"},{"taxonomy":"post_tag","embeddable":true,"href":"https:\/\/gazdasagportal.hu\/index.php\/wp-json\/wp\/v2\/tags?post=116713"}],"curies":[{"name":"wp","href":"https:\/\/api.w.org\/{rel}","templated":true}]}}