{"id":116709,"date":"2019-06-09T15:51:08","date_gmt":"2019-06-09T13:51:08","guid":{"rendered":"http:\/\/gazdasagportal.hu\/?p=116709"},"modified":"2019-06-09T08:10:50","modified_gmt":"2019-06-09T06:10:50","slug":"heti-makronaptar-idegenforgalmi-ipari-es-epitoipari-adatok-varhatok-a-jovo-heten","status":"publish","type":"post","link":"https:\/\/gazdasagportal.hu\/index.php\/heti-makronaptar-idegenforgalmi-ipari-es-epitoipari-adatok-varhatok-a-jovo-heten\/","title":{"rendered":"Heti makronapt\u00e1r &#8211; Idegenforgalmi, ipari \u00e9s \u00e9p\u00edt\u0151ipari adatok v\u00e1rhat\u00f3k a j\u00f6v\u0151 h\u00e9ten"},"content":{"rendered":"<p><strong>T\u00f6bb statisztikai adat is megjelenik a k\u00f6vetkez\u0151 h\u00e9ten, az \u00e1prilisi ipari termel\u00e9s v\u00e9gleges adatai mellett a kereskedelmi sz\u00e1ll\u00e1shelyek \u00e1prilisi forgalm\u00e1t \u00e9s az \u00e9p\u00edt\u0151ipar \u00e1prilisi adatait teszi k\u00f6zz\u00e9 a K\u00f6zponti Statisztikai Hivatal (KSH).<\/strong><!--more--><\/p>\n<div class=\"ads-in-post1\"><div id=\"gazdasagportal.hu_fullbanner_wideboard\"><\/div>\r\n<\/div>\n<p>    Szerd\u00e1n k\u00f6zli a KSH a kereskedelmi sz\u00e1ll\u00e1shelyek forgalm\u00e1nak \u00e1prilisi alakul\u00e1s\u00e1t. M\u00e1rciusban a &#8222;h\u00fasv\u00e9that\u00e1s&#8221; hat\u00e1rozta meg az idegenforgalmi statisztik\u00e1t, a k\u00fclf\u00f6ldi vend\u00e9gek \u00e1ltal elt\u00f6lt\u00f6tt \u00e9jszak\u00e1k sz\u00e1ma 4,1, a belf\u00f6ldi vend\u00e9gek \u00e1ltal elt\u00f6lt\u00f6ttek\u00e9 4,7 sz\u00e1zal\u00e9kkal cs\u00f6kkent az el\u0151z\u0151 \u00e9v azonos id\u0151szak\u00e1nak magas b\u00e1zis\u00e1hoz k\u00e9pest. A szezon\u00e1lis \u00e9s napt\u00e1rhat\u00e1s figyelembev\u00e9tel\u00e9vel a k\u00fclf\u00f6ldi vend\u00e9gforgalom 1,7, a belf\u00f6ldi vend\u00e9gforgalom 3,7 sz\u00e1zal\u00e9kkal n\u0151tt. A kereskedelmi sz\u00e1ll\u00e1shelyek foly\u00f3 \u00e1ron sz\u00e1molt \u00f6sszes brutt\u00f3 \u00e1rbev\u00e9tele 3,2 sz\u00e1zal\u00e9kkal emelkedett, 34,8 milli\u00e1rd forintot \u00e9rt el.<br \/>\n    Cs\u00fct\u00f6rt\u00f6k\u00f6n az ipari termel\u00e9s \u00e1prilisi v\u00e9gleges teljes\u00edtm\u00e9ny\u00e9t teszi k\u00f6zz\u00e9 a statisztikai hivatal. A j\u00fanius 6-\u00e1n megjelent els\u0151 becsl\u00e9s szerint \u00e1prilisban 6,3 sz\u00e1zal\u00e9kkal n\u0151tt az ipari termel\u00e9s az egy \u00e9vvel kor\u00e1bbihoz m\u00e9rve, a munkanaphat\u00e1st\u00f3l megtiszt\u00edtott adatok szerint 6,0 sz\u00e1zal\u00e9kos volt a n\u00f6veked\u00e9s. Az el\u0151z\u0151 h\u00f3naphoz viszony\u00edtva 1,1 sz\u00e1zal\u00e9kkal cs\u00f6kkent a szezon\u00e1lisan \u00e9s munkanapt\u00e9nyez\u0151vel kiigaz\u00edtott ipari kibocs\u00e1t\u00e1s \u00e1prilisban. Az \u00e1tlag feletti m\u00e9rt\u00e9kben emelkedett az \u00e9lelmiszer, ital \u00e9s doh\u00e1nyterm\u00e9k gy\u00e1rt\u00e1sa, m\u00edg a legnagyobb s\u00faly\u00fa j\u00e1rm\u0171gy\u00e1rt\u00e1sban lassult a n\u00f6veked\u00e9s \u00fcteme. Az \u00e9v els\u0151 n\u00e9gy h\u00f3napj\u00e1ban 6,2 sz\u00e1zal\u00e9kkal volt nagyobb a termel\u00e9s, mint az el\u0151z\u0151 \u00e9v azonos id\u0151szak\u00e1ban.<br \/>\n<div class=\"ads-in-post2\"><script async src=\"https:\/\/pagead2.googlesyndication.com\/pagead\/js\/adsbygoogle.js\"><\/script>\r\n<ins class=\"adsbygoogle\"\r\n     style=\"display:block\"\r\n     data-ad-format=\"fluid\"\r\n     data-ad-layout-key=\"-6t+ed+2i-1n-4w\"\r\n     data-ad-client=\"ca-pub-1959107119989764\"\r\n     data-ad-slot=\"4008251320\"><\/ins>\r\n<script>\r\n     (adsbygoogle = window.adsbygoogle || []).push({});\r\n<\/script><\/div>\n    P\u00e9nteken jelennek meg az \u00e9p\u00edt\u0151ipari termel\u00e9s \u00e1prilisi adatai. M\u00e1rciusban az \u00e9p\u00edt\u0151ipari termel\u00e9s 67,6 sz\u00e1zal\u00e9kkal sz\u00e1rnyalta t\u00fal az egy \u00e9vvel kor\u00e1bbit. Mindk\u00e9t \u00e9p\u00edtm\u00e9nyf\u0151csoport termel\u00e9se n\u0151tt: az \u00e9p\u00fcletek\u00e9 62,3, az egy\u00e9b \u00e9p\u00edtm\u00e9nyek\u00e9 78,8 sz\u00e1zal\u00e9kkal. Az \u00e9p\u00fcletekn\u00e9l ipari, lak\u00f3- \u00e9s iroda\u00e9p\u00fcletek \u00e9p\u00edt\u00e9se, az egy\u00e9b \u00e9p\u00edtm\u00e9nyekn\u00e9l pedig tov\u00e1bbra is \u00fat- \u00e9s vas\u00fat\u00e9p\u00edt\u00e9sek, valamint az energetikai beruh\u00e1z\u00e1sok eredm\u00e9nyezt\u00e9k a n\u00f6veked\u00e9st. Az \u00e9v els\u0151 h\u00e1rom h\u00f3napj\u00e1ban az \u00e9p\u00edt\u0151ipari termel\u00e9s 48,2 sz\u00e1zal\u00e9kkal emelkedett az el\u0151z\u0151 \u00e9v azonos id\u0151szak\u00e1hoz viszony\u00edtva.(MTI)<\/p>\n","protected":false},"excerpt":{"rendered":"<p>T\u00f6bb statisztikai adat is megjelenik a k\u00f6vetkez\u0151 h\u00e9ten, az \u00e1prilisi ipari termel\u00e9s v\u00e9gleges adatai mellett a kereskedelmi sz\u00e1ll\u00e1shelyek \u00e1prilisi forgalm\u00e1t \u00e9s az \u00e9p\u00edt\u0151ipar \u00e1prilisi adatait teszi k\u00f6zz\u00e9 a K\u00f6zponti Statisztikai Hivatal (KSH).<\/p>\n","protected":false},"author":1001003,"featured_media":0,"comment_status":"closed","ping_status":"open","sticky":false,"template":"","format":"standard","meta":[],"categories":[19],"tags":[],"_links":{"self":[{"href":"https:\/\/gazdasagportal.hu\/index.php\/wp-json\/wp\/v2\/posts\/116709"}],"collection":[{"href":"https:\/\/gazdasagportal.hu\/index.php\/wp-json\/wp\/v2\/posts"}],"about":[{"href":"https:\/\/gazdasagportal.hu\/index.php\/wp-json\/wp\/v2\/types\/post"}],"author":[{"embeddable":true,"href":"https:\/\/gazdasagportal.hu\/index.php\/wp-json\/wp\/v2\/users\/1001003"}],"replies":[{"embeddable":true,"href":"https:\/\/gazdasagportal.hu\/index.php\/wp-json\/wp\/v2\/comments?post=116709"}],"version-history":[{"count":1,"href":"https:\/\/gazdasagportal.hu\/index.php\/wp-json\/wp\/v2\/posts\/116709\/revisions"}],"predecessor-version":[{"id":116710,"href":"https:\/\/gazdasagportal.hu\/index.php\/wp-json\/wp\/v2\/posts\/116709\/revisions\/116710"}],"wp:attachment":[{"href":"https:\/\/gazdasagportal.hu\/index.php\/wp-json\/wp\/v2\/media?parent=116709"}],"wp:term":[{"taxonomy":"category","embeddable":true,"href":"https:\/\/gazdasagportal.hu\/index.php\/wp-json\/wp\/v2\/categories?post=116709"},{"taxonomy":"post_tag","embeddable":true,"href":"https:\/\/gazdasagportal.hu\/index.php\/wp-json\/wp\/v2\/tags?post=116709"}],"curies":[{"name":"wp","href":"https:\/\/api.w.org\/{rel}","templated":true}]}}