{"id":116707,"date":"2019-06-09T07:44:00","date_gmt":"2019-06-09T05:44:00","guid":{"rendered":"http:\/\/gazdasagportal.hu\/?p=116707"},"modified":"2019-06-09T07:58:16","modified_gmt":"2019-06-09T05:58:16","slug":"heti-tozsdei-osszefogalo-csokkeno-forgalomban-emelkedett-a-bux-a-heten","status":"publish","type":"post","link":"https:\/\/gazdasagportal.hu\/index.php\/heti-tozsdei-osszefogalo-csokkeno-forgalomban-emelkedett-a-bux-a-heten\/","title":{"rendered":"Heti t\u0151zsdei \u00f6sszefogal\u00f3 &#8211; Cs\u00f6kken\u0151 forgalomban emelkedett a BUX a h\u00e9ten"},"content":{"rendered":"<p><strong>Cs\u00f6kken\u0151 forgalom mellett emelkedett a Budapesti \u00c9rt\u00e9kt\u0151zsde (B\u00c9T) r\u00e9szv\u00e9nyindexe a h\u00e9ten, a BUX 41 159,57 ponton z\u00e1rt p\u00e9nteken, 0,62 sz\u00e1zal\u00e9kkal, 255,45 ponttal magasabban az el\u0151z\u0151 heti z\u00e1r\u00f3\u00e9rt\u00e9k\u00e9n\u00e9l.<\/strong><!--more--><\/p>\n<div class=\"ads-in-post1\"><div id=\"gazdasagportal.hu_fullbanner_wideboard\"><\/div>\r\n<\/div>\n<p>    A r\u00e9szv\u00e9nypiac heti forgalma 39,41 milli\u00e1rd forint volt az el\u0151z\u0151 heti 77,94 milli\u00e1rd forint ut\u00e1n, a vezet\u0151 r\u00e9szv\u00e9nyek vegyesen teljes\u00edtettek.<br \/>\n    Az Equilor Befektet\u00e9si Zrt. az MTI-nek k\u00fcld\u00f6tt heti elemz\u00e9s\u00e9ben kiemelte: biztos\u00edt\u00f3kon kereszt\u00fcl n\u00f6veln\u00e9 az Esmya elad\u00e1sait a Richter. Tizenh\u00e1rom n\u00e9metorsz\u00e1gi eg\u00e9szs\u00e9gbiztos\u00edt\u00f3val k\u00f6t\u00f6tt szerz\u0151d\u00e9st a gy\u00f3gyszerc\u00e9g, ennek \u00e9rtelm\u00e9ben diszkont\u00e1lt \u00e1ron \u00e9rt\u00e9kes\u00edti sz\u00e1mukra az Esmya nev\u0171 gy\u00f3gyszer\u00e9t. A v\u00e1llalat \u00edgy pr\u00f3b\u00e1lja t\u00e1mogatni a k\u00e9sz\u00edtm\u00e9ny \u00e9rt\u00e9kes\u00edt\u00e9s\u00e9t, ami a<br \/>\nm\u00e1jk\u00e1rososd\u00e1s gyan\u00faj\u00e1val v\u00e9gzett tavalyi vizsg\u00e1latok \u00f3ta jelent\u0151sen alulm\u00falja a v\u00e1rakoz\u00e1sokat. Az Esmya idei \u00e9vre vonatkoz\u00f3 \u00e9rt\u00e9kes\u00edt\u00e9si progn\u00f3zis\u00e1t a menedzsment a kor\u00e1bbi 35 milli\u00f3 eur\u00f3r\u00f3l 25 milli\u00f3 eur\u00f3ra cs\u00f6kkentette az els\u0151 negyed\u00e9ves gyenge sz\u00e1mok alapj\u00e1n.<br \/>\n<div class=\"ads-in-post2\"><script async src=\"https:\/\/pagead2.googlesyndication.com\/pagead\/js\/adsbygoogle.js\"><\/script>\r\n<ins class=\"adsbygoogle\"\r\n     style=\"display:block\"\r\n     data-ad-format=\"fluid\"\r\n     data-ad-layout-key=\"-6t+ed+2i-1n-4w\"\r\n     data-ad-client=\"ca-pub-1959107119989764\"\r\n     data-ad-slot=\"4008251320\"><\/ins>\r\n<script>\r\n     (adsbygoogle = window.adsbygoogle || []).push({});\r\n<\/script><\/div>\n    Az elemz\u00e9s szerint a Mol tov\u00e1bbi n\u00f6veked\u00e9si lehet\u0151s\u00e9geket l\u00e1t. A t\u00e1rsas\u00e1g b\u0151v\u00edten\u00e9 m\u0171anyaghullad\u00e9k-feldolgoz\u00f3 kapacit\u00e1s\u00e1t, amivel a r\u00e9gi\u00f3 vezet\u0151 petrolk\u00e9miai v\u00e1llalat\u00e1v\u00e1 k\u00edv\u00e1n v\u00e1lni. Tov\u00e1bb n\u00f6veln\u00e9 a Mol jelenlegi 110 ezer hord\u00f3s olajkitermel\u00e9s\u00e9t is, egyebek mellett Om\u00e1nban is terjeszkedhet.<br \/>\n    Az elemz\u00e9sben kit\u00e9rnek arra is, hogy h\u00e9tf\u0151t\u0151l jegyezhet\u0151 az \u00faj, 5 \u00e9ves futamidej\u0171 \u00e1llamk\u00f6tv\u00e9ny; a Magyar \u00c1llampap\u00edr Plusz sz\u00e1mos el\u0151nnyel rendelkezik, lej\u00e1ratig tart\u00e1sa eset\u00e9n 4,95 sz\u00e1zal\u00e9kos \u00e9ves \u00e1tlagos hozamot lehet el\u00e9rni a befektet\u00e9sen.<br \/>\n    A h\u00e9ten az OTP-r\u00e9szv\u00e9nyek \u00e1ra 2,72 sz\u00e1zal\u00e9kkal emelkedett, p\u00e9nteken 12 480 forinton z\u00e1rt a pap\u00edr, heti forgalma meghaladta a 19,7 milli\u00e1rd forintot.<br \/>\n    A Mol 0,31 sz\u00e1zal\u00e9kkal er\u0151s\u00f6d\u00f6tt, a r\u00e9szv\u00e9ny a h\u00e9t utols\u00f3 keresked\u00e9si napj\u00e1n 3286 forinton z\u00e1rt, heti forgalma mintegy 8 milli\u00e1rd forint volt.<br \/>\n    A Richter 2,49 sz\u00e1zal\u00e9kkal gyeng\u00fclt a h\u00e9ten, p\u00e9nteken 5100 forinton fejezte be a keresked\u00e9st, heti forgalma 7,1 milli\u00e1rd forint volt.<br \/>\n    A Magyar Telekom \u00e1rfolyama 1,08 sz\u00e1zal\u00e9kkal cs\u00f6kkent a h\u00e9ten, p\u00e9nteki z\u00e1r\u00f3\u00e1ra 412,5 forint, heti forgalma t\u00f6bb mint 776,5 milli\u00f3 forint volt.<br \/>\n    A kis- \u00e9s k\u00f6zepes r\u00e9szv\u00e9nyek indexe, a BUMIX 4232,15 ponton z\u00e1rt p\u00e9nteken, az el\u0151z\u0151 h\u00e9thez k\u00e9pest 35,49 ponttal, 0,85 sz\u00e1zal\u00e9kkal magasabban.(MTI)<\/p>\n","protected":false},"excerpt":{"rendered":"<p>Cs\u00f6kken\u0151 forgalom mellett emelkedett a Budapesti \u00c9rt\u00e9kt\u0151zsde (B\u00c9T) r\u00e9szv\u00e9nyindexe a h\u00e9ten, a BUX 41 159,57 ponton z\u00e1rt p\u00e9nteken, 0,62 sz\u00e1zal\u00e9kkal, 255,45 ponttal magasabban az el\u0151z\u0151 heti z\u00e1r\u00f3\u00e9rt\u00e9k\u00e9n\u00e9l.<\/p>\n","protected":false},"author":1001003,"featured_media":86279,"comment_status":"closed","ping_status":"open","sticky":false,"template":"","format":"standard","meta":[],"categories":[146,7],"tags":[],"_links":{"self":[{"href":"https:\/\/gazdasagportal.hu\/index.php\/wp-json\/wp\/v2\/posts\/116707"}],"collection":[{"href":"https:\/\/gazdasagportal.hu\/index.php\/wp-json\/wp\/v2\/posts"}],"about":[{"href":"https:\/\/gazdasagportal.hu\/index.php\/wp-json\/wp\/v2\/types\/post"}],"author":[{"embeddable":true,"href":"https:\/\/gazdasagportal.hu\/index.php\/wp-json\/wp\/v2\/users\/1001003"}],"replies":[{"embeddable":true,"href":"https:\/\/gazdasagportal.hu\/index.php\/wp-json\/wp\/v2\/comments?post=116707"}],"version-history":[{"count":1,"href":"https:\/\/gazdasagportal.hu\/index.php\/wp-json\/wp\/v2\/posts\/116707\/revisions"}],"predecessor-version":[{"id":116708,"href":"https:\/\/gazdasagportal.hu\/index.php\/wp-json\/wp\/v2\/posts\/116707\/revisions\/116708"}],"wp:featuredmedia":[{"embeddable":true,"href":"https:\/\/gazdasagportal.hu\/index.php\/wp-json\/wp\/v2\/media\/86279"}],"wp:attachment":[{"href":"https:\/\/gazdasagportal.hu\/index.php\/wp-json\/wp\/v2\/media?parent=116707"}],"wp:term":[{"taxonomy":"category","embeddable":true,"href":"https:\/\/gazdasagportal.hu\/index.php\/wp-json\/wp\/v2\/categories?post=116707"},{"taxonomy":"post_tag","embeddable":true,"href":"https:\/\/gazdasagportal.hu\/index.php\/wp-json\/wp\/v2\/tags?post=116707"}],"curies":[{"name":"wp","href":"https:\/\/api.w.org\/{rel}","templated":true}]}}