{"id":116697,"date":"2019-06-08T10:50:11","date_gmt":"2019-06-08T08:50:11","guid":{"rendered":"http:\/\/gazdasagportal.hu\/?p=116697"},"modified":"2019-06-08T08:50:56","modified_gmt":"2019-06-08T06:50:56","slug":"hamis-befektetesi-igeretekkel-franciakat-becsapo-nemzetkozi-bunszervezetet-leplezett-le-a-rendorseg","status":"publish","type":"post","link":"https:\/\/gazdasagportal.hu\/index.php\/hamis-befektetesi-igeretekkel-franciakat-becsapo-nemzetkozi-bunszervezetet-leplezett-le-a-rendorseg\/","title":{"rendered":"Hamis befektet\u00e9si \u00edg\u00e9retekkel franci\u00e1kat becsap\u00f3 nemzetk\u00f6zi b\u0171nszervezetet leplezett le a rend\u0151rs\u00e9g"},"content":{"rendered":"<p><strong>K\u00fcl\u00f6n\u00f6sen nagy k\u00e1rt okoz\u00f3 csal\u00e1s, b\u0171nszervezetben val\u00f3 r\u00e9szv\u00e9tel, p\u00e9nzmos\u00e1s \u00e9s m\u00e1s b\u0171ncselekm\u00e9nyek gyan\u00faja miatt folytat elj\u00e1r\u00e1st a K\u00e9szenl\u00e9ti Rend\u0151rs\u00e9g Nemzeti Nyomoz\u00f3 Iroda (KR NNI) egy nemzetk\u00f6zi b\u0171nszervezet tagjai ellen, akik hamis befektet\u00e9si \u00edg\u00e9retekkel Franciaorsz\u00e1gban csapt\u00e1k be \u00e1ldozataikat &#8211; k\u00f6z\u00f6lte az ORFK Kommunik\u00e1ci\u00f3s Szolg\u00e1lata szombat reggel a police.hu oldalon.<\/strong><!--more--><\/p>\n<div class=\"ads-in-post1\"><div id=\"gazdasagportal.hu_fullbanner_wideboard\"><\/div>\r\n<\/div>\n<p>    Az ismeretlen tettesk\u00e9nt kezelt elk\u00f6vet\u0151k magas hozam\u00fa kriptovaluta-, illetve meg\u00fajul\u00f3 energi\u00e1ra \u00e9p\u00fcl\u0151 befektet\u00e9st k\u00edn\u00e1ltak Franciaorsz\u00e1gban. A s\u00e9rtettek befizett\u00e9k a p\u00e9nzt, de cser\u00e9be nem kaptak semmit.<br \/>\n    Az okozott k\u00e1r nagys\u00e1ga k\u00f6zel 250 milli\u00f3 forint.<br \/>\n    A nyomoz\u00e1s meg\u00e1llap\u00edtotta, hogy a b\u0171n\u00f6z\u0151k hamis dokumentumok felhaszn\u00e1l\u00e1s\u00e1val magyarorsz\u00e1gi p\u00e9nzint\u00e9zetekn\u00e9l sz\u00e1ml\u00e1kat nyitottak, \u00e9s gazdas\u00e1gi t\u00e1rsas\u00e1gokat alap\u00edtottak, majd a csal\u00e1sb\u00f3l befoly\u00f3 p\u00e9nzeket k\u00fclf\u00f6ldi banksz\u00e1ml\u00e1kra utalt\u00e1k tov\u00e1bb.<br \/>\n<div class=\"ads-in-post2\"><script async src=\"https:\/\/pagead2.googlesyndication.com\/pagead\/js\/adsbygoogle.js\"><\/script>\r\n<ins class=\"adsbygoogle\"\r\n     style=\"display:block\"\r\n     data-ad-format=\"fluid\"\r\n     data-ad-layout-key=\"-6t+ed+2i-1n-4w\"\r\n     data-ad-client=\"ca-pub-1959107119989764\"\r\n     data-ad-slot=\"4008251320\"><\/ins>\r\n<script>\r\n     (adsbygoogle = window.adsbygoogle || []).push({});\r\n<\/script><\/div>\n    A magyar nyomoz\u00f3k a francia csend\u0151rs\u00e9ggel \u00e9s m\u00e1s k\u00fclf\u00f6ldi t\u00e1rsszervekkel k\u00f6zrem\u0171k\u00f6dve t\u00e9rk\u00e9pezt\u00e9k fel a Franciaorsz\u00e1got, Magyarorsz\u00e1got, Lengyelorsz\u00e1got \u00e9s Izraelt \u00e9rint\u0151 b\u0171nszervezetet, \u00e9s azt tervezik, hogy nemzetk\u00f6zi nyomoz\u00f3csoportot alak\u00edtanak.<br \/>\n    J\u00fanius 5-\u00e9n \u00e9s 6-\u00e1n a francia csend\u0151rs\u00e9g nyomoz\u00f3ival k\u00f6z\u00f6sen t\u00f6bb magyar ingatlanban tartottak h\u00e1zkutat\u00e1st &#8211; der\u00fcl ki a k\u00f6zlem\u00e9nyb\u0151l.(MTI)<\/p>\n","protected":false},"excerpt":{"rendered":"<p>K\u00fcl\u00f6n\u00f6sen nagy k\u00e1rt okoz\u00f3 csal\u00e1s, b\u0171nszervezetben val\u00f3 r\u00e9szv\u00e9tel, p\u00e9nzmos\u00e1s \u00e9s m\u00e1s b\u0171ncselekm\u00e9nyek gyan\u00faja miatt folytat elj\u00e1r\u00e1st a K\u00e9szenl\u00e9ti Rend\u0151rs\u00e9g Nemzeti Nyomoz\u00f3 Iroda (KR NNI) egy nemzetk\u00f6zi b\u0171nszervezet tagjai ellen, akik hamis befektet\u00e9si \u00edg\u00e9retekkel Franciaorsz\u00e1gban csapt\u00e1k be \u00e1ldozataikat &#8211; k\u00f6z\u00f6lte az ORFK Kommunik\u00e1ci\u00f3s Szolg\u00e1lata szombat reggel a police.hu oldalon.<\/p>\n","protected":false},"author":1001003,"featured_media":0,"comment_status":"closed","ping_status":"open","sticky":false,"template":"","format":"standard","meta":[],"categories":[12],"tags":[],"_links":{"self":[{"href":"https:\/\/gazdasagportal.hu\/index.php\/wp-json\/wp\/v2\/posts\/116697"}],"collection":[{"href":"https:\/\/gazdasagportal.hu\/index.php\/wp-json\/wp\/v2\/posts"}],"about":[{"href":"https:\/\/gazdasagportal.hu\/index.php\/wp-json\/wp\/v2\/types\/post"}],"author":[{"embeddable":true,"href":"https:\/\/gazdasagportal.hu\/index.php\/wp-json\/wp\/v2\/users\/1001003"}],"replies":[{"embeddable":true,"href":"https:\/\/gazdasagportal.hu\/index.php\/wp-json\/wp\/v2\/comments?post=116697"}],"version-history":[{"count":1,"href":"https:\/\/gazdasagportal.hu\/index.php\/wp-json\/wp\/v2\/posts\/116697\/revisions"}],"predecessor-version":[{"id":116698,"href":"https:\/\/gazdasagportal.hu\/index.php\/wp-json\/wp\/v2\/posts\/116697\/revisions\/116698"}],"wp:attachment":[{"href":"https:\/\/gazdasagportal.hu\/index.php\/wp-json\/wp\/v2\/media?parent=116697"}],"wp:term":[{"taxonomy":"category","embeddable":true,"href":"https:\/\/gazdasagportal.hu\/index.php\/wp-json\/wp\/v2\/categories?post=116697"},{"taxonomy":"post_tag","embeddable":true,"href":"https:\/\/gazdasagportal.hu\/index.php\/wp-json\/wp\/v2\/tags?post=116697"}],"curies":[{"name":"wp","href":"https:\/\/api.w.org\/{rel}","templated":true}]}}