{"id":116683,"date":"2019-06-07T15:35:23","date_gmt":"2019-06-07T13:35:23","guid":{"rendered":"http:\/\/gazdasagportal.hu\/?p=116683"},"modified":"2019-06-07T15:35:23","modified_gmt":"2019-06-07T13:35:23","slug":"varga-mihaly-a-kormany-folytatja-a-befektetobarat-gazdasagpolitikat","status":"publish","type":"post","link":"https:\/\/gazdasagportal.hu\/index.php\/varga-mihaly-a-kormany-folytatja-a-befektetobarat-gazdasagpolitikat\/","title":{"rendered":"Varga Mih\u00e1ly: a korm\u00e1ny folytatja a befektet\u0151bar\u00e1t gazdas\u00e1gpolitik\u00e1t"},"content":{"rendered":"<p><strong>A korm\u00e1ny folytatja a befektet\u0151bar\u00e1t gazdas\u00e1gpolitik\u00e1t, ezt szolg\u00e1lj\u00e1k a j\u00f6v\u0151 \u00e9vi k\u00f6lts\u00e9gvet\u00e9s \u00e9s a gazdas\u00e1gv\u00e9delmi akci\u00f3terv egyes int\u00e9zked\u00e9sei is &#8211; mondta Varga Mih\u00e1ly az Amerikai-Magyar Kereskedelmi Kamara (AmCham) \u00fczleti f\u00f3rum\u00e1n p\u00e9nteken Budapesten.<\/strong><!--more--><\/p>\n<div class=\"ads-in-post1\"><div id=\"gazdasagportal.hu_fullbanner_wideboard\"><\/div>\r\n<\/div>\n<p>    A p\u00e9nz\u00fcgyminiszter kiemelte: az int\u00e9zked\u00e9sek hat\u00e1s\u00e1ra tov\u00e1bb javul az \u00fczleti k\u00f6rnyezet, tov\u00e1bb cs\u00f6kkennek az ad\u00f3k. A 13 plusz 1 pontb\u00f3l \u00e1ll\u00f3 gazdas\u00e1gv\u00e9delmi akci\u00f3terv c\u00e9lja, hogy a korm\u00e1ny megv\u00e9dje a magyar gazdas\u00e1g eddig el\u00e9rt eredm\u00e9nyeit.<br \/>\n    Jelezte: 2018-ban az Egyes\u00fclt \u00c1llamok volt a 3. legnagyobb t\u0151kebefektet\u0151 Magyarorsz\u00e1gon, az orsz\u00e1gban mintegy 1700 amerikai ir\u00e1ny\u00edt\u00e1s\u00fa v\u00e1llalkoz\u00e1s m\u0171k\u00f6dik, amelyek t\u00f6bb mint 100 ezer embernek adnak munk\u00e1t.<br \/>\n    A p\u00e9nz\u00fcgyminiszter hangs\u00falyozta: a gazdas\u00e1gv\u00e9delmi akci\u00f3tervben szerepl\u0151 int\u00e9zked\u00e9sek mintegy 500 milli\u00e1rd forinttal seg\u00edtik a magyar gazdas\u00e1g szerepl\u0151it.<br \/>\n    Az int\u00e9zked\u00e9sek alapj\u00e1n cs\u00f6kken a szoci\u00e1lis hozz\u00e1j\u00e1rul\u00e1si ad\u00f3, a kisv\u00e1llalati ad\u00f3, a sz\u00e1ll\u00e1shelyi ad\u00f3 m\u00e9rt\u00e9ke, nulla sz\u00e1zal\u00e9k lesz a rekl\u00e1mad\u00f3 kulcsa. Emellett megsz\u0171nik az egyszer\u0171s\u00edtett v\u00e1llalkoz\u00f3i ad\u00f3, az ad\u00f3felt\u00f6lt\u00e9s elt\u00f6rl\u00e9s\u00e9t kezdem\u00e9nyezi a korm\u00e1ny, tov\u00e1bb\u00e1 kedvez\u0151bb\u00e9 v\u00e1lnak a fejleszt\u00e9si ad\u00f3kedvezm\u00e9ny szab\u00e1lyai.<br \/>\n<div class=\"ads-in-post2\"><script async src=\"https:\/\/pagead2.googlesyndication.com\/pagead\/js\/adsbygoogle.js\"><\/script>\r\n<ins class=\"adsbygoogle\"\r\n     style=\"display:block\"\r\n     data-ad-format=\"fluid\"\r\n     data-ad-layout-key=\"-6t+ed+2i-1n-4w\"\r\n     data-ad-client=\"ca-pub-1959107119989764\"\r\n     data-ad-slot=\"4008251320\"><\/ins>\r\n<script>\r\n     (adsbygoogle = window.adsbygoogle || []).push({});\r\n<\/script><\/div>\n    A magyar gazdas\u00e1g egyre jobban teljes\u00edt, m\u00edg az Eur\u00f3pai Uni\u00f3 (EU) gazdas\u00e1ga egyre ink\u00e1bb neh\u00e9zs\u00e9gekkel k\u00fczd. A magyar gazdas\u00e1g tavaly 4,9 sz\u00e1zal\u00e9kkal b\u0151v\u00fclt, id\u00e9n az els\u0151 negyed\u00e9vben a b\u0151v\u00fcl\u00e9s el\u00e9rte az 5,3 sz\u00e1zal\u00e9kot, amivel az EU-ban a tag\u00e1llamok rangsor\u00e1ban az els\u0151 helyre ker\u00fclt\u00fcnk. Fontos t\u00e9ny, hogy nem hitelfelv\u00e9telekb\u0151l val\u00f3sul meg a felz\u00e1rk\u00f3z\u00e1s, hanem annak az alapja a kiegyens\u00falyozott n\u00f6veked\u00e9s &#8211; mutatott r\u00e1 a p\u00e9nz\u00fcgyminiszter.<br \/>\n    Varga Mih\u00e1ly kiemelte: 2010 \u00f3ta \u00f6sszess\u00e9g\u00e9ben 28,6 sz\u00e1zal\u00e9kkal b\u0151v\u00fclt a magyar gazdas\u00e1g.<br \/>\n    Jelezte: a magyar-amerikai politikai kapcsolatok az elm\u00falt id\u0151szakban magasabb szintre emelkedtek. Donald Trump amerikai eln\u00f6k \u00e9s Orb\u00e1n Viktor minisztereln\u00f6k nemr\u00e9g lezajlott tal\u00e1lkoz\u00f3j\u00e1n egy\u00e9rtelm\u0171v\u00e9 v\u00e1lt, hogy a legfontosabb k\u00e9rd\u00e9sekben, \u00edgy a migr\u00e1ci\u00f3, a terrorizmus \u00e9s a hazafias politika ter\u00e9n nagyon hasonl\u00f3 az \u00e1ll\u00e1spontunk.<br \/>\n    A miniszter elmondta: a korm\u00e1ny m\u00e1r \u00e9vek \u00f3ta dolgozik Magyarorsz\u00e1g versenyk\u00e9pess\u00e9g\u00e9nek jav\u00edt\u00e1s\u00e1n, ebben a munk\u00e1ban a kabinet kiemelked\u0151 \u00e9s tev\u0151leges partnere az AmCham, a kamar\u00e1nak szerepe volt egyebek mellett az egykulcsos t\u00e1rsas\u00e1gi ad\u00f3 bevezet\u00e9s\u00e9ben, a kutat\u00e1s-fejleszt\u00e9st er\u0151s\u00edt\u0151 &#8222;Invented in Hungary&#8221; szeml\u00e9let er\u0151s\u00edt\u00e9s\u00e9ben \u00e9s t\u00e9rnyer\u00e9s\u00e9ben a n\u00e1lunk m\u0171k\u00f6d\u0151 k\u00fclf\u00f6ldi v\u00e1llalatok k\u00f6z\u00f6tt. Az AmCham szakemberei emellett a korm\u00e1nnyal egy\u00fctt tev\u00e9keny munk\u00e1t v\u00e9geznek a Nemzeti Versenyk\u00e9pess\u00e9gi Tan\u00e1csban is.<br \/>\n    A korm\u00e1ny azt szeretn\u00e9, ha a magyar gazdas\u00e1g a j\u00f6v\u0151ben is az EU \u00e1tlagos gazdas\u00e1gi b\u0151v\u00fcl\u00e9se f\u00f6l\u00f6tt 2 sz\u00e1zal\u00e9kponttal, 4 sz\u00e1zal\u00e9k k\u00f6r\u00fcli m\u00e9rt\u00e9kben n\u0151ne, ebben az itt m\u0171k\u00f6d\u0151 amerikai v\u00e1llalatok tev\u00e9kenys\u00e9g\u00e9re is sz\u00e1m\u00edt a korm\u00e1nyzat &#8211; mutatott r\u00e1 a p\u00e9nz\u00fcgyminiszter.<br \/>\n    Varga Mih\u00e1ly kiemelte: az AmChammel 2011-ben k\u00f6t\u00f6tt strat\u00e9giai partners\u00e9gi meg\u00e1llapod\u00e1s \u00e9s az egyes\u00fclt \u00e1llamokbeli v\u00e1llalatokkal k\u00f6t\u00f6tt strat\u00e9giai meg\u00e1llapod\u00e1sok rendszere bev\u00e1ltotta a hozz\u00e1f\u0171z\u00f6tt rem\u00e9nyeket.(MTI)<\/p>\n","protected":false},"excerpt":{"rendered":"<p>A korm\u00e1ny folytatja a befektet\u0151bar\u00e1t gazdas\u00e1gpolitik\u00e1t, ezt szolg\u00e1lj\u00e1k a j\u00f6v\u0151 \u00e9vi k\u00f6lts\u00e9gvet\u00e9s \u00e9s a gazdas\u00e1gv\u00e9delmi akci\u00f3terv egyes int\u00e9zked\u00e9sei is &#8211; mondta Varga Mih\u00e1ly az Amerikai-Magyar Kereskedelmi Kamara (AmCham) \u00fczleti f\u00f3rum\u00e1n p\u00e9nteken Budapesten.<\/p>\n","protected":false},"author":1,"featured_media":0,"comment_status":"closed","ping_status":"open","sticky":false,"template":"","format":"standard","meta":[],"categories":[19],"tags":[],"_links":{"self":[{"href":"https:\/\/gazdasagportal.hu\/index.php\/wp-json\/wp\/v2\/posts\/116683"}],"collection":[{"href":"https:\/\/gazdasagportal.hu\/index.php\/wp-json\/wp\/v2\/posts"}],"about":[{"href":"https:\/\/gazdasagportal.hu\/index.php\/wp-json\/wp\/v2\/types\/post"}],"author":[{"embeddable":true,"href":"https:\/\/gazdasagportal.hu\/index.php\/wp-json\/wp\/v2\/users\/1"}],"replies":[{"embeddable":true,"href":"https:\/\/gazdasagportal.hu\/index.php\/wp-json\/wp\/v2\/comments?post=116683"}],"version-history":[{"count":1,"href":"https:\/\/gazdasagportal.hu\/index.php\/wp-json\/wp\/v2\/posts\/116683\/revisions"}],"predecessor-version":[{"id":116684,"href":"https:\/\/gazdasagportal.hu\/index.php\/wp-json\/wp\/v2\/posts\/116683\/revisions\/116684"}],"wp:attachment":[{"href":"https:\/\/gazdasagportal.hu\/index.php\/wp-json\/wp\/v2\/media?parent=116683"}],"wp:term":[{"taxonomy":"category","embeddable":true,"href":"https:\/\/gazdasagportal.hu\/index.php\/wp-json\/wp\/v2\/categories?post=116683"},{"taxonomy":"post_tag","embeddable":true,"href":"https:\/\/gazdasagportal.hu\/index.php\/wp-json\/wp\/v2\/tags?post=116683"}],"curies":[{"name":"wp","href":"https:\/\/api.w.org\/{rel}","templated":true}]}}