{"id":116679,"date":"2019-06-07T14:17:13","date_gmt":"2019-06-07T12:17:13","guid":{"rendered":"http:\/\/gazdasagportal.hu\/?p=116679"},"modified":"2019-06-07T14:17:13","modified_gmt":"2019-06-07T12:17:13","slug":"pm-a-jovo-evi-budzse-az-adocsokkentes-koltsegvetese-lesz","status":"publish","type":"post","link":"https:\/\/gazdasagportal.hu\/index.php\/pm-a-jovo-evi-budzse-az-adocsokkentes-koltsegvetese-lesz\/","title":{"rendered":"PM: a j\u00f6v\u0151 \u00e9vi b\u00fcdzs\u00e9 az ad\u00f3cs\u00f6kkent\u00e9s k\u00f6lts\u00e9gvet\u00e9se lesz"},"content":{"rendered":"<p><strong>A j\u00f6v\u0151 \u00e9vi b\u00fcdzs\u00e9 az ad\u00f3cs\u00f6kkent\u00e9s k\u00f6lts\u00e9gvet\u00e9se lesz, 2020-ra 500 milli\u00e1rd forint ad\u00f3teher-cs\u00f6kkent\u00e9st tervez a t\u00e1rca a gazdas\u00e1gv\u00e9delmi akci\u00f3terv alapj\u00e1n &#8211; hangs\u00falyozta Izer Norbert, a P\u00e9nz\u00fcgyminiszt\u00e9rium (PM) ad\u00f3\u00fcgyek\u00e9rt felel\u0151s \u00e1llamtitk\u00e1ra p\u00e9nteken sajt\u00f3t\u00e1j\u00e9koztat\u00f3n Budapesten.<\/strong><!--more--><\/p>\n<div class=\"ads-in-post1\"><div id=\"gazdasagportal.hu_fullbanner_wideboard\"><\/div>\r\n<\/div>\n<p>    Felid\u00e9zte, 2010 \u00f3ta a magyar ad\u00f3politikai int\u00e9zked\u00e9sek hat\u00e1s\u00e1ra folyamatosan m\u00e9rs\u00e9kl\u0151dik az ad\u00f3elvon\u00e1s m\u00e9rt\u00e9ke.<br \/>\n    Magyarorsz\u00e1g az Eur\u00f3pai Uni\u00f3ban a legnagyobb ad\u00f3cs\u00f6kkent\u0151, a GDP-ar\u00e1nyos ad\u00f3terhel\u00e9s m\u00e9rt\u00e9ke a 2016. \u00e9vi 39,3 sz\u00e1zal\u00e9kr\u00f3l 2017-ben 38,4 sz\u00e1zal\u00e9kra m\u00e9rs\u00e9kl\u0151d\u00f6tt &#8211; hangs\u00falyozta Izer Norbert.<br \/>\n    Az \u00e1llamtitk\u00e1r r\u00e9szletezte, hogy a szoci\u00e1lis hozz\u00e1j\u00e1rul\u00e1si ad\u00f3 m\u00e9rt\u00e9ke 2 sz\u00e1zal\u00e9kponttal 19,5 sz\u00e1zal\u00e9kr\u00f3l 17,5 sz\u00e1zal\u00e9kra m\u00e9rs\u00e9kl\u0151dik m\u00e1r az id\u00e9n j\u00falius 1-j\u00e9t\u0151l.<br \/>\n    A kisv\u00e1llalati ad\u00f3 (kiva) 1 sz\u00e1zal\u00e9kponttal, 13 sz\u00e1zal\u00e9kr\u00f3l 12 sz\u00e1zal\u00e9kra m\u00e9rs\u00e9kl\u0151dik j\u00f6v\u0151re, ez az ad\u00f3cs\u00f6kkent\u00e9s 5 milli\u00e1rd forintot hagy a v\u00e1llalkoz\u00e1sokn\u00e1l. A kedvez\u0151 kisv\u00e1llalati lehet\u0151s\u00e9get egyre t\u00f6bben v\u00e1lasztj\u00e1k, 2016-ban 6500, az id\u00e9n 40 000 v\u00e1llalat fizet ad\u00f3t a kiva rendszerben &#8211; emelte ki az \u00e1llamtitk\u00e1r.<br \/>\n<div class=\"ads-in-post2\"><script async src=\"https:\/\/pagead2.googlesyndication.com\/pagead\/js\/adsbygoogle.js\"><\/script>\r\n<ins class=\"adsbygoogle\"\r\n     style=\"display:block\"\r\n     data-ad-format=\"fluid\"\r\n     data-ad-layout-key=\"-6t+ed+2i-1n-4w\"\r\n     data-ad-client=\"ca-pub-1959107119989764\"\r\n     data-ad-slot=\"4008251320\"><\/ins>\r\n<script>\r\n     (adsbygoogle = window.adsbygoogle || []).push({});\r\n<\/script><\/div>\n    Izer Norbert elmondta, j\u00f6v\u0151re elt\u00f6rlik az egyszer\u0171s\u00edtett v\u00e1llalkoz\u00e1si ad\u00f3t (eva), a mintegy 18 ezer \u00e9rintett v\u00e1llalkoz\u00e1st a szeptemberben indul\u00f3 kamp\u00e1nyban t\u00e1j\u00e9koztatj\u00e1k a r\u00e9szletekr\u0151l, \u00e9s aj\u00e1nlanak sz\u00e1mukra v\u00e1laszt\u00e1si lehet\u0151s\u00e9get.<br \/>\n    Az ad\u00f3z\u00e1ssal kapcsolatos adminisztr\u00e1ci\u00f3s terhet m\u00e9rs\u00e9kli majd, hogy a munkab\u00e9rt terhel\u0151 nyugd\u00edjj\u00e1rul\u00e9k, a term\u00e9szetbeni eg\u00e9szs\u00e9gbiztos\u00edt\u00e1si j\u00e1rul\u00e9k, a p\u00e9nzbeli eg\u00e9szs\u00e9gbiztos\u00edt\u00e1si j\u00e1rul\u00e9k \u00e9s a munkaer\u0151piaci j\u00e1rul\u00e9k  ad\u00f3fajt\u00e1kat \u00f6sszeolvasztj\u00e1k, \u00edgy a n\u00e9gy helyett egy lesz, ez az int\u00e9zked\u00e9s megk\u00f6nny\u00edti a b\u00e9rsz\u00e1mfejt\u00e9st &#8211; tette hozz\u00e1 az \u00e1llamtitk\u00e1r.<br \/>\n    J\u00f6v\u0151re elt\u00f6rlik a decemberi ad\u00f3felt\u00f6lt\u00e9si k\u00f6telezetts\u00e9get, amely mintegy 150-170 milli\u00e1rd forintot jelentene a c\u00e9geknek, ezzel az \u00f6sszeggel a m\u00e1jusi ad\u00f3fizet\u00e9sig tudnak m\u00e9g gazd\u00e1lkodni &#8211; ismertette az \u00e1llamtitk\u00e1r.<br \/>\n    Izer Norbert kit\u00e9r arra is, hogy a turizmus versenyk\u00e9pess\u00e9g\u00e9nek jav\u00edt\u00e1s\u00e1ra a sz\u00e1ll\u00e1shelyek 18 sz\u00e1zal\u00e9kos \u00e1f\u00e1ja 5 sz\u00e1zal\u00e9kra m\u00e9rs\u00e9kl\u0151dik, \u00e9s figyelembe v\u00e9ve a 4 sz\u00e1zal\u00e9kos turizmusfejleszt\u00e9si hozz\u00e1j\u00e1rul\u00e1st is, ezzel az int\u00e9zked\u00e9ssel az \u00e9rintettek k\u00f6zterhe felez\u0151dik.<br \/>\n    A kistelep\u00fcl\u00e9seken janu\u00e1r elsej\u00e9t\u0151l \u00faj lak\u00f3ingatlant \u00e9p\u00edt\u0151k, illetve a haszn\u00e1lt lak\u00f3ingatlant b\u0151v\u00edt\u0151k, fel\u00faj\u00edt\u00f3k 5 milli\u00f3 forint \u00f6sszeghat\u00e1rig \u00e1fa-visszat\u00e9r\u00edt\u00e9st k\u00e9rhetnek. A kis- \u00e9s k\u00f6zepes v\u00e1llalatok fejleszt\u00e9si ad\u00f3kedvezm\u00e9ny\u00e9nek ig\u00e9nybe v\u00e9tel\u00e9t k\u00f6nny\u00edti, hogy 2020-t\u0151l a kisv\u00e1llalatokn\u00e1l 300 milli\u00f3 forintra, a k\u00f6zepesekn\u00e9l 400 milli\u00f3 forintra, 2021-t\u0151l a kisv\u00e1llalatok eset\u00e9ben 100 milli\u00f3 forintra,  a k\u00f6zepesek eset\u00e9ben 200 milli\u00f3 forintra, 2022-t\u0151l a kisv\u00e1llalatokn\u00e1l 50 milli\u00f3 forintra, a k\u00f6zepesekn\u00e9l 100 milli\u00f3 forintra cs\u00f6kken az ig\u00e9nybe v\u00e9teli jogc\u00edm \u00e9rt\u00e9khat\u00e1ra. A rekl\u00e1mad\u00f3 kulcsa nulla sz\u00e1zal\u00e9k lesz j\u00f6v\u0151re \u00e1tmenetileg &#8211; emelte ki Izer Norbert.<br \/>\n    \u00dajs\u00e1g\u00edr\u00f3i k\u00e9rd\u00e9sre v\u00e1laszolva a P\u00e9nz\u00fcgyminiszt\u00e9rium \u00e1llamtitk\u00e1ra elmondta, az ad\u00f3cs\u00f6kkent\u00e9sre a gazdas\u00e1g n\u00f6veked\u00e9se \u00e9s feh\u00e9red\u00e9se ad lehet\u0151s\u00e9get.(MTI)<\/p>\n","protected":false},"excerpt":{"rendered":"<p>A j\u00f6v\u0151 \u00e9vi b\u00fcdzs\u00e9 az ad\u00f3cs\u00f6kkent\u00e9s k\u00f6lts\u00e9gvet\u00e9se lesz, 2020-ra 500 milli\u00e1rd forint ad\u00f3teher-cs\u00f6kkent\u00e9st tervez a t\u00e1rca a gazdas\u00e1gv\u00e9delmi akci\u00f3terv alapj\u00e1n &#8211; hangs\u00falyozta Izer Norbert, a P\u00e9nz\u00fcgyminiszt\u00e9rium (PM) ad\u00f3\u00fcgyek\u00e9rt felel\u0151s \u00e1llamtitk\u00e1ra p\u00e9nteken sajt\u00f3t\u00e1j\u00e9koztat\u00f3n Budapesten.<\/p>\n","protected":false},"author":1,"featured_media":0,"comment_status":"closed","ping_status":"open","sticky":false,"template":"","format":"standard","meta":[],"categories":[19],"tags":[],"_links":{"self":[{"href":"https:\/\/gazdasagportal.hu\/index.php\/wp-json\/wp\/v2\/posts\/116679"}],"collection":[{"href":"https:\/\/gazdasagportal.hu\/index.php\/wp-json\/wp\/v2\/posts"}],"about":[{"href":"https:\/\/gazdasagportal.hu\/index.php\/wp-json\/wp\/v2\/types\/post"}],"author":[{"embeddable":true,"href":"https:\/\/gazdasagportal.hu\/index.php\/wp-json\/wp\/v2\/users\/1"}],"replies":[{"embeddable":true,"href":"https:\/\/gazdasagportal.hu\/index.php\/wp-json\/wp\/v2\/comments?post=116679"}],"version-history":[{"count":1,"href":"https:\/\/gazdasagportal.hu\/index.php\/wp-json\/wp\/v2\/posts\/116679\/revisions"}],"predecessor-version":[{"id":116680,"href":"https:\/\/gazdasagportal.hu\/index.php\/wp-json\/wp\/v2\/posts\/116679\/revisions\/116680"}],"wp:attachment":[{"href":"https:\/\/gazdasagportal.hu\/index.php\/wp-json\/wp\/v2\/media?parent=116679"}],"wp:term":[{"taxonomy":"category","embeddable":true,"href":"https:\/\/gazdasagportal.hu\/index.php\/wp-json\/wp\/v2\/categories?post=116679"},{"taxonomy":"post_tag","embeddable":true,"href":"https:\/\/gazdasagportal.hu\/index.php\/wp-json\/wp\/v2\/tags?post=116679"}],"curies":[{"name":"wp","href":"https:\/\/api.w.org\/{rel}","templated":true}]}}