{"id":116656,"date":"2019-06-06T15:40:27","date_gmt":"2019-06-06T13:40:27","guid":{"rendered":"http:\/\/gazdasagportal.hu\/?p=116656"},"modified":"2019-06-06T15:40:27","modified_gmt":"2019-06-06T13:40:27","slug":"nem-valtozott-a-munkanelkuli-segelyt-kerok-szama-az-egyesult-allamokban","status":"publish","type":"post","link":"https:\/\/gazdasagportal.hu\/index.php\/nem-valtozott-a-munkanelkuli-segelyt-kerok-szama-az-egyesult-allamokban\/","title":{"rendered":"Nem v\u00e1ltozott a munkan\u00e9lk\u00fcli seg\u00e9lyt k\u00e9r\u0151k sz\u00e1ma az Egyes\u00fclt \u00c1llamokban"},"content":{"rendered":"<p><strong>Nem v\u00e1ltozott az els\u0151 alkalommal munkan\u00e9lk\u00fcli seg\u00e9lyt k\u00e9r\u0151k sz\u00e1ma az Egyes\u00fclt \u00c1llamokban a m\u00falt h\u00e9ten. <\/strong><!--more--><\/p>\n<div class=\"ads-in-post1\"><div id=\"gazdasagportal.hu_fullbanner_wideboard\"><\/div>\r\n<\/div>\n<p>    A washingtoni munka\u00fcgyi miniszt\u00e9rium cs\u00fct\u00f6rt\u00f6k\u00f6n azt k\u00f6z\u00f6lte, hogy a szezon\u00e1lisan kiigaz\u00edtott adatok szerint az els\u0151 alkalommal munkan\u00e9lk\u00fcli seg\u00e9ly\u00e9rt folyamod\u00f3k sz\u00e1ma 218 ezer volt a j\u00fanius 1-j\u00e9n z\u00e1rult h\u00e9ten.<br \/>\n    M\u00e1r a 222. egym\u00e1st k\u00f6vet\u0151 h\u00e9ten, 2015 m\u00e1rciusa \u00f3ta \u00e1ll 300 ezer alatt ez a sz\u00e1m. A 300 ezer alatti \u00e9rt\u00e9ket a munkaer\u0151piac robusztus er\u0151s\u00f6d\u00e9s\u00e9nek jelek\u00e9nt \u00e9rtelmezik az elemz\u0151k.<br \/>\n    A seg\u00e9lyk\u00e9relmek sz\u00e1m\u00e1t m\u00e9r\u0151 n\u00e9gyhetes mozg\u00f3\u00e1tlag 2500-zal 215 ezerre s\u00fcllyedt. A mozg\u00f3\u00e1tlag seg\u00edt kisz\u0171rni az ideiglenes, egyszeri hat\u00e1sokat.<br \/>\n    A tart\u00f3san munkan\u00e9lk\u00fcli seg\u00e9lyt k\u00e9r\u0151k sz\u00e1ma 20 ezerrel, 1 milli\u00f3 682 ezerre emelkedett a m\u00e1jus 25-\u00e9n z\u00e1rult h\u00e9ten. M\u00e1r a 112. egym\u00e1st k\u00f6vet\u0151 h\u00e9ten, 2017 \u00e1prilis eleje \u00f3ta \u00e1ll k\u00e9tmilli\u00f3 alatt ez a sz\u00e1m, t\u00fckr\u00f6zve a munkaer\u0151piac feszess\u00e9g\u00e9t.<br \/>\n<div class=\"ads-in-post2\"><script async src=\"https:\/\/pagead2.googlesyndication.com\/pagead\/js\/adsbygoogle.js\"><\/script>\r\n<ins class=\"adsbygoogle\"\r\n     style=\"display:block\"\r\n     data-ad-format=\"fluid\"\r\n     data-ad-layout-key=\"-6t+ed+2i-1n-4w\"\r\n     data-ad-client=\"ca-pub-1959107119989764\"\r\n     data-ad-slot=\"4008251320\"><\/ins>\r\n<script>\r\n     (adsbygoogle = window.adsbygoogle || []).push({});\r\n<\/script><\/div>\n    A tart\u00f3san munkan\u00e9lk\u00fcli seg\u00e9lyt k\u00e9r\u0151k sz\u00e1m\u00e1t m\u00e9r\u0151 n\u00e9gyhetes mozg\u00f3\u00e1tlag ezerrel, 1 milli\u00f3 672 ezer 750-re cs\u00f6kkent. Ez a sz\u00e1m a 109. hete \u00e1ll k\u00e9tmilli\u00f3 alatt.<br \/>\n    Az amerikai munkaer\u0151piac a teljes foglalkoztatotts\u00e1g k\u00f6r\u00fcli szinten mozog. \u00c1prilisban is a v\u00e1rtn\u00e1l nagyobb m\u00e9rt\u00e9kben n\u0151tt a foglalkoztatottak sz\u00e1ma, a munkan\u00e9lk\u00fclis\u00e9gi r\u00e1ta pedig k\u00f6zel \u00f6t \u00e9vtizedes m\u00e9lypontra s\u00fcllyedt. A nem mez\u0151gazdas\u00e1gi \u00e1gazatokban foglalkoztatottak sz\u00e1ma \u00e1prilisban 263 ezerrel, m\u00e1rciusban pedig 189 ezerrel emelkedett. A munkan\u00e9lk\u00fclis\u00e9gi r\u00e1ta 3,6 sz\u00e1zal\u00e9kra cs\u00f6kkent \u00e1prilisban, m\u00edg m\u00e1rciusban \u00e9s febru\u00e1rban 3,8 sz\u00e1zal\u00e9kon \u00e1llt a mutat\u00f3.<br \/>\n    A m\u00e1jusra vonatkoz\u00f3 adatokat p\u00e9nteken hozz\u00e1k nyilv\u00e1noss\u00e1gra. Elemz\u0151k \u00e1prilishoz hasonl\u00f3an m\u00e1jusra is 3,6 sz\u00e1zal\u00e9kos munkan\u00e9lk\u00fclis\u00e9gi r\u00e1t\u00e1val sz\u00e1molnak.(MTI)<\/p>\n","protected":false},"excerpt":{"rendered":"<p>Nem v\u00e1ltozott az els\u0151 alkalommal munkan\u00e9lk\u00fcli seg\u00e9lyt k\u00e9r\u0151k sz\u00e1ma az Egyes\u00fclt \u00c1llamokban a m\u00falt h\u00e9ten.<\/p>\n","protected":false},"author":1,"featured_media":0,"comment_status":"closed","ping_status":"open","sticky":false,"template":"","format":"standard","meta":[],"categories":[246],"tags":[],"_links":{"self":[{"href":"https:\/\/gazdasagportal.hu\/index.php\/wp-json\/wp\/v2\/posts\/116656"}],"collection":[{"href":"https:\/\/gazdasagportal.hu\/index.php\/wp-json\/wp\/v2\/posts"}],"about":[{"href":"https:\/\/gazdasagportal.hu\/index.php\/wp-json\/wp\/v2\/types\/post"}],"author":[{"embeddable":true,"href":"https:\/\/gazdasagportal.hu\/index.php\/wp-json\/wp\/v2\/users\/1"}],"replies":[{"embeddable":true,"href":"https:\/\/gazdasagportal.hu\/index.php\/wp-json\/wp\/v2\/comments?post=116656"}],"version-history":[{"count":1,"href":"https:\/\/gazdasagportal.hu\/index.php\/wp-json\/wp\/v2\/posts\/116656\/revisions"}],"predecessor-version":[{"id":116657,"href":"https:\/\/gazdasagportal.hu\/index.php\/wp-json\/wp\/v2\/posts\/116656\/revisions\/116657"}],"wp:attachment":[{"href":"https:\/\/gazdasagportal.hu\/index.php\/wp-json\/wp\/v2\/media?parent=116656"}],"wp:term":[{"taxonomy":"category","embeddable":true,"href":"https:\/\/gazdasagportal.hu\/index.php\/wp-json\/wp\/v2\/categories?post=116656"},{"taxonomy":"post_tag","embeddable":true,"href":"https:\/\/gazdasagportal.hu\/index.php\/wp-json\/wp\/v2\/tags?post=116656"}],"curies":[{"name":"wp","href":"https:\/\/api.w.org\/{rel}","templated":true}]}}