{"id":116645,"date":"2019-06-06T11:05:43","date_gmt":"2019-06-06T09:05:43","guid":{"rendered":"http:\/\/gazdasagportal.hu\/?p=116645"},"modified":"2019-06-06T11:05:43","modified_gmt":"2019-06-06T09:05:43","slug":"kina-5g-szolgaltatasi-kereskedelmi-engedelyeket-adott-ki","status":"publish","type":"post","link":"https:\/\/gazdasagportal.hu\/index.php\/kina-5g-szolgaltatasi-kereskedelmi-engedelyeket-adott-ki\/","title":{"rendered":"K\u00edna 5G szolg\u00e1ltat\u00e1si kereskedelmi enged\u00e9lyeket adott ki"},"content":{"rendered":"<p><strong>Kereskedelmi enged\u00e9lyeket adott ki az \u00f6t\u00f6dik gener\u00e1ci\u00f3s (5G) mobilszolg\u00e1ltat\u00e1sokra K\u00edna a h\u00e1rom legnagyobb belf\u00f6ldi telekommunik\u00e1ci\u00f3s szolg\u00e1ltat\u00f3nak \u00e9s az orsz\u00e1g m\u0171sorszolg\u00e1ltat\u00f3 \u00f3ri\u00e1sv\u00e1llalat\u00e1nak &#8211; k\u00f6z\u00f6lte a k\u00ednai ipari \u00e9s inform\u00e1ci\u00f3technol\u00f3giai miniszt\u00e9rium cs\u00fct\u00f6rt\u00f6k\u00f6n.<\/strong><!--more--><\/p>\n<div class=\"ads-in-post1\"><div id=\"gazdasagportal.hu_fullbanner_wideboard\"><\/div>\r\n<\/div>\n<p>    A hongkongi t\u0151zsd\u00e9n is jegyzett China Mobile, China Unicom \u00e9s China Telecom, valamint a k\u00ednai \u00e1llami r\u00e1di\u00f3- \u00e9s telev\u00edzi\u00f3\u00e1llom\u00e1sokat \u00f6sszefog\u00f3 China Broadcasting Network most el\u0151sz\u00f6r kapott z\u00f6ld jelz\u00e9st az 5G rendszerek kereskedelmi c\u00e9l\u00fa telep\u00edt\u00e9s\u00e9re, 2018 \u00e9v v\u00e9g\u00e9n Peking ugyanis csup\u00e1n az 5G h\u00e1l\u00f3zatok tesztel\u00e9s\u00e9t enged\u00e9lyezte a h\u00e1rom mobilszolg\u00e1ltat\u00f3nak.<br \/>\n    Miao Vej ipari \u00e9s inform\u00e1ciatechnol\u00f3giai miniszter az enged\u00e9lyek \u00e1tad\u00e1sakor hangs\u00falyozta: az 5G technol\u00f3gia a v\u00e1rakoz\u00e1sok szerint \u00faj utakat nyit meg \u00e9s felpezsd\u00edti K\u00edna digit\u00e1lis gazdas\u00e1g\u00e1nak n\u00f6veked\u00e9s\u00e9t, felgyors\u00edtva a k\u00fcl\u00f6nb\u00f6z\u0151 ipari szektorok digitaliz\u00e1ci\u00f3j\u00e1t.<br \/>\n    A K\u00ednai Inform\u00e1ci\u00f3s \u00e9s Kommunik\u00e1ci\u00f3s Technol\u00f3giai Akad\u00e9mia jelent\u00e9se szerint az 5G technol\u00f3gia 2020 \u00e9s 2025 k\u00f6z\u00f6tt mintegy 10 ezer 600 milli\u00e1rd j\u00fcan (439 ezer milli\u00e1rd forint) gazdas\u00e1gi teljes\u00edtm\u00e9nyt gener\u00e1lhat, tov\u00e1bb\u00e1 3 milli\u00f3 \u00faj munkahelyet l\u00e9trej\u00f6tt\u00e9t seg\u00edtheti el\u0151.<br \/>\n<div class=\"ads-in-post2\"><script async src=\"https:\/\/pagead2.googlesyndication.com\/pagead\/js\/adsbygoogle.js\"><\/script>\r\n<ins class=\"adsbygoogle\"\r\n     style=\"display:block\"\r\n     data-ad-format=\"fluid\"\r\n     data-ad-layout-key=\"-6t+ed+2i-1n-4w\"\r\n     data-ad-client=\"ca-pub-1959107119989764\"\r\n     data-ad-slot=\"4008251320\"><\/ins>\r\n<script>\r\n     (adsbygoogle = window.adsbygoogle || []).push({});\r\n<\/script><\/div>\n    A k\u00ednai ipari \u00e9s inform\u00e1ciatechnol\u00f3giai miniszt\u00e9rium k\u00f6zlem\u00e9ny\u00e9ben kiemelte: K\u00edna tov\u00e1bbra is \u00fcdv\u00f6zli mindazokat a bel- \u00e9s k\u00fclf\u00f6ldi v\u00e1llalatokat, amelyek r\u00e9szt k\u00edv\u00e1nnak venni az orsz\u00e1g 5G h\u00e1l\u00f3zat\u00e1nak ki\u00e9p\u00edt\u00e9s\u00e9ben, \u00fczemeltet\u00e9s\u00e9ben \u00e9s n\u00e9pszer\u0171s\u00edt\u00e9s\u00e9ben, illetve kivenn\u00e9k r\u00e9szesed\u00e9s\u00fcket a szektor fejl\u0151d\u00e9s\u00e9b\u0151l.<br \/>\n    Az ugyan egyel\u0151re tiszt\u00e1zatlan, hogy mikor f\u00e9rhetnek hozz\u00e1 a felhaszn\u00e1l\u00f3k az 5G h\u00e1l\u00f3zathoz K\u00edn\u00e1ban, a South China Morning Post hongkongi lap r\u00e1mutat: b\u00e1r D\u00e9l-Korea, az Egyes\u00fclt \u00c1llamok, Ausztr\u00e1lia \u00e9s az Egyes\u00fclt Kir\u00e1lys\u00e1g az idei \u00e9v m\u00e1sodik negyed\u00e9v\u00e9ben m\u00e1r beind\u00edtottak egyes 5G szolg\u00e1ltat\u00e1sokat, K\u00edna a bels\u0151 piaca m\u00e9ret\u00e9nek k\u00f6sz\u00f6nhet\u0151en utol\u00e9rheti \u0151ket.<br \/>\n    Az enged\u00e9lyek h\u00edr\u00e9t a Huawei k\u00ednai telekommunik\u00e1ci\u00f3s \u00f3ri\u00e1sv\u00e1llalat k\u00f6zlem\u00e9ny\u00e9ben &#8222;K\u00edna az 5G korszakba val\u00f3 hivatalos bel\u00e9p\u00e9s\u00e9nek&#8221; nevezte \u00e9s maxim\u00e1lis t\u00e1mogat\u00e1s\u00e1r\u00f3l biztos\u00edtotta a k\u00ednai szolg\u00e1ltat\u00f3kat.<br \/>\n    Az amerikai kereskedelmi miniszt\u00e9rium m\u00e1jus k\u00f6zep\u00e9n feltette a Huaweit \u00e9s 68 le\u00e1nyv\u00e1llalat\u00e1t arra a feketelist\u00e1ra, amelyen az Egyes\u00fclt \u00c1llamok nemzetbiztons\u00e1g\u00e1ra vagy k\u00fclpolitikai \u00e9rdekeire potenci\u00e1lis vesz\u00e9lyt jelent\u0151 c\u00e9gek szerepelnek. Ezek a v\u00e1llalatok az amerikai korm\u00e1nyzat enged\u00e9lye n\u00e9lk\u00fcl nem v\u00e1s\u00e1rolhatnak alkatr\u00e9szeket vagy technol\u00f3gi\u00e1t amerikai c\u00e9gekt\u0151l. A Huawei \u00edgy nem vehet egyebek mellett a f\u00e9lvezet\u0151ket \u00e9s egy\u00e9b sz\u00e1m\u00edt\u00e1stechnikai alkatr\u00e9szeket gy\u00e1rt\u00f3 Qualcomm \u00e9s Intel, valamint a szoftvereket \u00e9rt\u00e9kes\u00edt\u0151 Google \u00e9s Microsoft amerikai cs\u00facstechnol\u00f3giai term\u00e9keib\u0151l.<br \/>\n    A k\u00ednai \u00f3ri\u00e1sv\u00e1llalat azonban azt \u00e1ll\u00edtja, teljes m\u00e9rt\u00e9kben felk\u00e9sz\u00fclt az 5G h\u00e1l\u00f3zatok kereskedelmi c\u00e9l\u00fa telep\u00edt\u00e9s\u00e9re K\u00edn\u00e1ban. Nyilatkozatuk szerint a c\u00e9g tavaly \u00e1prilis \u00f3ta t\u00f6bb mint 40 v\u00e1rosban tesztelte az 5G h\u00e1l\u00f3zatok kereskedelmi haszn\u00e1lat\u00e1t K\u00edna h\u00e1rom legnagyobb mobilszolg\u00e1ltat\u00f3j\u00e1val k\u00f6z\u00f6sen.<br \/>\n    Peking egy nappal azt k\u00f6vet\u0151en adta ki az 5G szolg\u00e1ltat\u00e1sokra vonatkoz\u00f3 kereskedelmi enged\u00e9lyeket, hogy Hszi Csin-ping oroszorsz\u00e1gi l\u00e1togat\u00e1sa alkalm\u00e1val Moszkva szerz\u0151d\u00e9st \u00edrt al\u00e1 a Huaweijel az 5G h\u00e1l\u00f3zatok fejleszt\u00e9s\u00e9r\u0151l.<br \/>\n    Az Egyes\u00fclt \u00c1llamok ezzel szemben \u00f3va inti partnereit a Huaweijel val\u00f3 egy\u00fcttm\u0171k\u00f6d\u00e9st\u0151l, \u00e1ll\u00e1spontjuk szerint ugyanis a Huawei t\u00e1vk\u00f6zl\u00e9si berendez\u00e9sei k\u00e9mked\u00e9sre adnak lehet\u0151s\u00e9get a k\u00ednai hat\u00f3s\u00e1goknak. A Huawei \u00e9s a k\u00ednai korm\u00e1ny t\u00f6bb alkalommal is visszautas\u00edtotta Washington \u00e1ll\u00edt\u00e1sait \u00e9s bizony\u00edt\u00e9kok bemutat\u00e1s\u00e1ra sz\u00f3l\u00edtotta fel.(MTI)<\/p>\n","protected":false},"excerpt":{"rendered":"<p>Kereskedelmi enged\u00e9lyeket adott ki az \u00f6t\u00f6dik gener\u00e1ci\u00f3s (5G) mobilszolg\u00e1ltat\u00e1sokra K\u00edna a h\u00e1rom legnagyobb belf\u00f6ldi telekommunik\u00e1ci\u00f3s szolg\u00e1ltat\u00f3nak \u00e9s az orsz\u00e1g m\u0171sorszolg\u00e1ltat\u00f3 \u00f3ri\u00e1sv\u00e1llalat\u00e1nak &#8211; k\u00f6z\u00f6lte a k\u00ednai ipari \u00e9s inform\u00e1ci\u00f3technol\u00f3giai miniszt\u00e9rium cs\u00fct\u00f6rt\u00f6k\u00f6n.<\/p>\n","protected":false},"author":1,"featured_media":0,"comment_status":"closed","ping_status":"open","sticky":false,"template":"","format":"standard","meta":[],"categories":[246],"tags":[],"_links":{"self":[{"href":"https:\/\/gazdasagportal.hu\/index.php\/wp-json\/wp\/v2\/posts\/116645"}],"collection":[{"href":"https:\/\/gazdasagportal.hu\/index.php\/wp-json\/wp\/v2\/posts"}],"about":[{"href":"https:\/\/gazdasagportal.hu\/index.php\/wp-json\/wp\/v2\/types\/post"}],"author":[{"embeddable":true,"href":"https:\/\/gazdasagportal.hu\/index.php\/wp-json\/wp\/v2\/users\/1"}],"replies":[{"embeddable":true,"href":"https:\/\/gazdasagportal.hu\/index.php\/wp-json\/wp\/v2\/comments?post=116645"}],"version-history":[{"count":1,"href":"https:\/\/gazdasagportal.hu\/index.php\/wp-json\/wp\/v2\/posts\/116645\/revisions"}],"predecessor-version":[{"id":116646,"href":"https:\/\/gazdasagportal.hu\/index.php\/wp-json\/wp\/v2\/posts\/116645\/revisions\/116646"}],"wp:attachment":[{"href":"https:\/\/gazdasagportal.hu\/index.php\/wp-json\/wp\/v2\/media?parent=116645"}],"wp:term":[{"taxonomy":"category","embeddable":true,"href":"https:\/\/gazdasagportal.hu\/index.php\/wp-json\/wp\/v2\/categories?post=116645"},{"taxonomy":"post_tag","embeddable":true,"href":"https:\/\/gazdasagportal.hu\/index.php\/wp-json\/wp\/v2\/tags?post=116645"}],"curies":[{"name":"wp","href":"https:\/\/api.w.org\/{rel}","templated":true}]}}