{"id":116633,"date":"2019-06-05T18:50:10","date_gmt":"2019-06-05T16:50:10","guid":{"rendered":"http:\/\/gazdasagportal.hu\/?p=116633"},"modified":"2019-06-05T18:50:10","modified_gmt":"2019-06-05T16:50:10","slug":"dunai-hajobaleset-azonositottak-a-margitszigetnel-delelott-talalt-holttestet","status":"publish","type":"post","link":"https:\/\/gazdasagportal.hu\/index.php\/dunai-hajobaleset-azonositottak-a-margitszigetnel-delelott-talalt-holttestet\/","title":{"rendered":"Dunai haj\u00f3baleset &#8211; Azonos\u00edtott\u00e1k a Margitszigetn\u00e9l d\u00e9lel\u0151tt tal\u00e1lt holttestet"},"content":{"rendered":"<p><strong>Azonos\u00edtott\u00e1k a Margitszigetn\u00e9l szerda d\u00e9lel\u0151tt tal\u00e1lt holttestet. A f\u00e9rfi a m\u00falt heti dunai haj\u00f3baleset tizenharmadik d\u00e9l-koreai \u00e1ldozata &#8211; k\u00f6z\u00f6lte a rend\u0151rs\u00e9g szerda este az MTI-vel.<\/strong><!--more--><\/p>\n<div class=\"ads-in-post1\"><div id=\"gazdasagportal.hu_fullbanner_wideboard\"><\/div>\r\n<\/div>\n<p>    Azt \u00edrt\u00e1k: folyamatos a kutat\u00e1s, a Duna teljes d\u00e9li szakasz\u00e1n tov\u00e1bbra is keresnek m\u00e9g 13 d\u00e9l-koreai utast \u00e9s a haj\u00f3 k\u00e9ttag\u00fa magyar leg\u00e9nys\u00e9g\u00e9t.<br \/>\n    Kor\u00e1bban az M1-en arr\u00f3l sz\u00e1moltak be, hogy szerda d\u00e9lut\u00e1n a Duna Fej\u00e9r megyei \u00e9s budapesti szakasz\u00e1n tal\u00e1ltak egy-egy holttestet, de az azonos\u00edt\u00e1suk m\u00e9g tart.<br \/>\n    M\u00falt szerda este, nem sokkal 9 \u00f3ra ut\u00e1n a Margit h\u00eddn\u00e1l a Viking sz\u00e1llodahaj\u00f3val \u00fctk\u00f6z\u00f6tt a j\u00f3val kisebb, d\u00e9l-koreai turist\u00e1kat sz\u00e1ll\u00edt\u00f3 Hable\u00e1ny turistahaj\u00f3, amely 35 emberrel a fed\u00e9lzet\u00e9n m\u00e1sodpercek alatt els\u00fcllyedt.<br \/>\n<div class=\"ads-in-post2\"><script async src=\"https:\/\/pagead2.googlesyndication.com\/pagead\/js\/adsbygoogle.js\"><\/script>\r\n<ins class=\"adsbygoogle\"\r\n     style=\"display:block\"\r\n     data-ad-format=\"fluid\"\r\n     data-ad-layout-key=\"-6t+ed+2i-1n-4w\"\r\n     data-ad-client=\"ca-pub-1959107119989764\"\r\n     data-ad-slot=\"4008251320\"><\/ins>\r\n<script>\r\n     (adsbygoogle = window.adsbygoogle || []).push({});\r\n<\/script><\/div>\n    H\u00e9t embert kimentettek, h\u00e9t d\u00e9l-koreai \u00e1llampolg\u00e1r holttest\u00e9t m\u00e9g aznap megtal\u00e1lt\u00e1k, 21 ember pedig elt\u0171nt. Az\u00f3ta nyolc holttestet tal\u00e1ltak a Dun\u00e1ban; ha bebizonyosodik, hogy a szerda d\u00e9lut\u00e1n el\u0151ker\u00fclt kett\u0151 is a haj\u00f3baleset \u00e1ldozat\u00e1\u00e9, akkor m\u00e9g 13 embert kell keresni.(MTI)<\/p>\n","protected":false},"excerpt":{"rendered":"<p>Azonos\u00edtott\u00e1k a Margitszigetn\u00e9l szerda d\u00e9lel\u0151tt tal\u00e1lt holttestet. A f\u00e9rfi a m\u00falt heti dunai haj\u00f3baleset tizenharmadik d\u00e9l-koreai \u00e1ldozata &#8211; k\u00f6z\u00f6lte a rend\u0151rs\u00e9g szerda este az MTI-vel.<\/p>\n","protected":false},"author":1001003,"featured_media":0,"comment_status":"closed","ping_status":"open","sticky":false,"template":"","format":"standard","meta":[],"categories":[4],"tags":[],"_links":{"self":[{"href":"https:\/\/gazdasagportal.hu\/index.php\/wp-json\/wp\/v2\/posts\/116633"}],"collection":[{"href":"https:\/\/gazdasagportal.hu\/index.php\/wp-json\/wp\/v2\/posts"}],"about":[{"href":"https:\/\/gazdasagportal.hu\/index.php\/wp-json\/wp\/v2\/types\/post"}],"author":[{"embeddable":true,"href":"https:\/\/gazdasagportal.hu\/index.php\/wp-json\/wp\/v2\/users\/1001003"}],"replies":[{"embeddable":true,"href":"https:\/\/gazdasagportal.hu\/index.php\/wp-json\/wp\/v2\/comments?post=116633"}],"version-history":[{"count":1,"href":"https:\/\/gazdasagportal.hu\/index.php\/wp-json\/wp\/v2\/posts\/116633\/revisions"}],"predecessor-version":[{"id":116634,"href":"https:\/\/gazdasagportal.hu\/index.php\/wp-json\/wp\/v2\/posts\/116633\/revisions\/116634"}],"wp:attachment":[{"href":"https:\/\/gazdasagportal.hu\/index.php\/wp-json\/wp\/v2\/media?parent=116633"}],"wp:term":[{"taxonomy":"category","embeddable":true,"href":"https:\/\/gazdasagportal.hu\/index.php\/wp-json\/wp\/v2\/categories?post=116633"},{"taxonomy":"post_tag","embeddable":true,"href":"https:\/\/gazdasagportal.hu\/index.php\/wp-json\/wp\/v2\/tags?post=116633"}],"curies":[{"name":"wp","href":"https:\/\/api.w.org\/{rel}","templated":true}]}}