{"id":116623,"date":"2019-06-05T14:42:07","date_gmt":"2019-06-05T12:42:07","guid":{"rendered":"http:\/\/gazdasagportal.hu\/?p=116623"},"modified":"2019-06-05T14:42:07","modified_gmt":"2019-06-05T12:42:07","slug":"a-renault-ujabb-gyanus-penzugyi-visszaelest-jelzett-carlos-ghosn-volt-elnok-vezerigazgato-ugyeben","status":"publish","type":"post","link":"https:\/\/gazdasagportal.hu\/index.php\/a-renault-ujabb-gyanus-penzugyi-visszaelest-jelzett-carlos-ghosn-volt-elnok-vezerigazgato-ugyeben\/","title":{"rendered":"A Renault \u00fajabb gyan\u00fas p\u00e9nz\u00fcgyi vissza\u00e9l\u00e9st jelzett Carlos Ghosn volt eln\u00f6k-vez\u00e9rigazgat\u00f3 \u00fcgy\u00e9ben"},"content":{"rendered":"<p><strong>A Renault feljelent\u00e9st k\u00edv\u00e1n tenni a Jap\u00e1nban p\u00e9nz\u00fcgyi vissza\u00e9l\u00e9sek v\u00e1dja miatt toki\u00f3i otthon\u00e1ban h\u00e1zi \u0151rizetben l\u00e9v\u0151 Carlos Ghosn volt eln\u00f6k-vez\u00e9rigazgat\u00f3 ellen, miut\u00e1n 11 milli\u00f3 eur\u00f3s &#8222;gyan\u00fas kiad\u00e1st&#8221; tal\u00e1lt a Nissannal k\u00f6z\u00f6s hollandiai le\u00e1nyv\u00e1llalatn\u00e1l &#8211; jelentette be szerd\u00e1n Bruno Le Maire francia gazdas\u00e1gi miniszter. Ghosn a Nissannak is a vezet\u0151je volt.<\/strong><!--more--><\/p>\n<div class=\"ads-in-post1\"><div id=\"gazdasagportal.hu_fullbanner_wideboard\"><\/div>\r\n<\/div>\n<p>    A francia aut\u00f3gy\u00e1rt\u00f3 novemberben kezdem\u00e9nyezett bels\u0151 vizsg\u00e1latot a kor\u00e1bbi kiad\u00e1sait illet\u0151en, miut\u00e1n a volt eln\u00f6k-vez\u00e9rigazgat\u00f3t Jap\u00e1nban p\u00e9nz\u00fcgyi vissza\u00e9l\u00e9sek gyan\u00faj\u00e1val letart\u00f3ztatt\u00e1k. Ennek a vizsg\u00e1latnak a r\u00e9szenk\u00e9nt tal\u00e1ltak r\u00e1 a gyan\u00fas \u00f6sszegekre az RNBV hollandiai le\u00e1nyv\u00e1llalatn\u00e1l.<br \/>\n    A Renault igazgat\u00f3tan\u00e1csa, amely kedden \u00fclt \u00f6ssze, hogy megvitassa a Fiat Chryslerrel tervezett egyes\u00fcl\u00e9s r\u00e9szleteit, k\u00e9zhez kapta a Mazars k\u00f6nyvvizsg\u00e1l\u00f3 jelent\u00e9s\u00e9t a holland c\u00e9gr\u0151l. A k\u00f6vetkeztet\u00e9sek pedig meger\u0151s\u00edtett\u00e9k, hogy a kiad\u00e1sok ellen\u0151rz\u00e9s\u00e9nek elj\u00e1r\u00e1s\u00e1ban \u00e9s a p\u00e9nz\u00fcgyi \u00e1tl\u00e1that\u00f3s\u00e1gban rendellens\u00e9gek voltak &#8211; jelezte k\u00f6zlem\u00e9ny\u00e9ben a Renault.<br \/>\n    A 11 milli\u00f3s \u00f6sszeg a k\u00f6zlem\u00e9ny szerint els\u0151sorban Carlos Ghosn mag\u00e1n\u00fatjait fedezte k\u00fcl\u00f6n rep\u00fcl\u0151g\u00e9peken, valamint mag\u00e1nkiad\u00e1sait \u00e9s adom\u00e1nyait.<br \/>\n<div class=\"ads-in-post2\"><script async src=\"https:\/\/pagead2.googlesyndication.com\/pagead\/js\/adsbygoogle.js\"><\/script>\r\n<ins class=\"adsbygoogle\"\r\n     style=\"display:block\"\r\n     data-ad-format=\"fluid\"\r\n     data-ad-layout-key=\"-6t+ed+2i-1n-4w\"\r\n     data-ad-client=\"ca-pub-1959107119989764\"\r\n     data-ad-slot=\"4008251320\"><\/ins>\r\n<script>\r\n     (adsbygoogle = window.adsbygoogle || []).push({});\r\n<\/script><\/div>\n    &#8222;A meg\u00e1llap\u00edt\u00e1sok alapj\u00e1n az igazgat\u00f3tan\u00e1cs \u00fagy d\u00f6nt\u00f6tt, hogy felk\u00e9ri a Renault k\u00e9pvisel\u0151it, hogy az RNBV vezet\u0151s\u00e9g\u00e9ben egy\u00fcttm\u0171k\u00f6d\u0151 Nissan-k\u00e9pvisel\u0151kkel egy\u00fctt tegy\u00e9k meg a sz\u00fcks\u00e9ges jogi l\u00e9p\u00e9s\u00e9ket Hollandi\u00e1ban&#8221; &#8211; \u00e1ll a k\u00f6zlem\u00e9nyben.<br \/>\n    A francia gazdas\u00e1gi miniszter szerd\u00e1n meger\u0151s\u00edtette, hogy az \u00e1llam &#8211; amely 15 sz\u00e1zal\u00e9kos tulajdonosa a Renault-nak &#8211; \u00e1tad minden rendelkez\u00e9s\u00e9re \u00e1ll\u00f3 bizony\u00edt\u00e9kot a holland igazs\u00e1gszolg\u00e1ltat\u00e1snak, a feljelent\u00e9st pedig maga az aut\u00f3gy\u00e1r teszi meg.<br \/>\n    Carlos Ghosn francia \u00fcgyv\u00e9dje visszautas\u00edtotta az \u00e1tl\u00e1thatatlans\u00e1gra vonatkoz\u00f3 v\u00e1dakat.<br \/>\n    &#8222;Igazolatlan kiad\u00e1sokr\u00f3l besz\u00e9lnek, de nem mondj\u00e1k meg, pontosan melyekr\u0151l. Hogyan tudn\u00e1nk v\u00e1laszolni egy jelent\u00e9sre, amelyet elrejtenek el\u0151l\u00fcnk?&#8221; &#8211; mondta szerd\u00e1n Jean-Yves Le Borgne, aki szerint amint k\u00e9zhez kapja a jelent\u00e9st, Carlos Ghosn v\u00e1laszt fog adni minden k\u00e9rd\u00e9sre.<br \/>\n    Az RNBV le\u00e1nyv\u00e1llalatot, amelynek fele-fele ar\u00e1nyban tulajdonosa a Renault \u00e9s a Nissan, Carlos Ghosn hozta l\u00e9tre. A Nissan h\u00f3napok \u00f3ta azt \u00e1ll\u00edtja, hogy a strukt\u00fara c\u00e9lja azt volt, hogy elfedje az eln\u00f6k-vez\u00e9rigazgat\u00f3 mag\u00e1nc\u00e9l\u00fa kiad\u00e1sait.<br \/>\n    Carlos Ghosn ellen m\u00e1r n\u00e9gy \u00fcgyben ind\u00edtott elj\u00e1r\u00e1s a jap\u00e1n igazs\u00e1gszolg\u00e1ltat\u00e1s: december elej\u00e9n amiatt emeltek v\u00e1dat, hogy a 2015-t\u0151l 2018-ig terjed\u0151 id\u0151szakban 2,9 milli\u00e1rd jen j\u00f6vedelmet szerepeltetett az \u00e9rt\u00e9kpap\u00edr-fel\u00fcgyeletnek beny\u00fajtott besz\u00e1mol\u00f3kban a t\u00e9nyleges 7,2 milli\u00e1rd jen helyett. Az \u00fcgy\u00e9szs\u00e9g azzal is megv\u00e1dolta a 65 \u00e9ves \u00fczletembert, hogy nem megfelel\u0151en l\u00e1tta el a vez\u00e9rigazgat\u00f3i feladatokat \u00e9s megk\u00e1ros\u00edtotta a Renault c\u00e9ggel sz\u00f6vets\u00e9gi viszonyban \u00e1ll\u00f3 Nissant, amelynek szint\u00e9n eln\u00f6ke volt.<br \/>\n    A Renault v\u00e1djai felt\u00e9telezhet\u0151en megnehez\u00edtik a v\u00e9delem feladat\u00e1t a jap\u00e1n elj\u00e1r\u00e1sban. T\u00f6bb h\u00f3napos el\u0151zetes letart\u00f3ztat\u00e1s ut\u00e1n Carlos Ghosn jelenleg h\u00e1zi \u0151rizetben van Toki\u00f3ban, tagad minden v\u00e1dat, s azt \u00e1ll\u00edtja, hogy a Nissan \u00f6sszeesk\u00fcv\u00e9s\u00e9nek \u00e1ldozata.<br \/>\n    A volt eln\u00f6k-vez\u00e9rigazgat\u00f3 ellen a bels\u0151 vizsg\u00e1latot k\u00f6vet\u0151en febru\u00e1rban m\u00e1r Franciaorsz\u00e1gban is elj\u00e1r\u00e1s indult, ami\u00e9rt 50 ezer eur\u00f3s &#8222;szem\u00e9lyes kedvezm\u00e9nyt&#8221; kapott a Versailles-i Kast\u00e9llyal k\u00f6t\u00f6tt szponzori szerz\u0151d\u00e9s keret\u00e9ben. A gyan\u00fa szerint Carlos Ghosn a Versailles-i Kast\u00e9lyban 2016-ban rendezett esk\u00fcv\u0151j\u00e9t a Renault-val fizettette ki.(MTI)<\/p>\n","protected":false},"excerpt":{"rendered":"<p>A Renault feljelent\u00e9st k\u00edv\u00e1n tenni a Jap\u00e1nban p\u00e9nz\u00fcgyi vissza\u00e9l\u00e9sek v\u00e1dja miatt toki\u00f3i otthon\u00e1ban h\u00e1zi \u0151rizetben l\u00e9v\u0151 Carlos Ghosn volt eln\u00f6k-vez\u00e9rigazgat\u00f3 ellen, miut\u00e1n 11 milli\u00f3 eur\u00f3s &#8222;gyan\u00fas kiad\u00e1st&#8221; tal\u00e1lt a Nissannal k\u00f6z\u00f6s hollandiai le\u00e1nyv\u00e1llalatn\u00e1l &#8211; jelentette be szerd\u00e1n Bruno Le Maire francia gazdas\u00e1gi miniszter. Ghosn a Nissannak is a vezet\u0151je volt.<\/p>\n","protected":false},"author":1,"featured_media":0,"comment_status":"closed","ping_status":"open","sticky":false,"template":"","format":"standard","meta":[],"categories":[12,246],"tags":[],"_links":{"self":[{"href":"https:\/\/gazdasagportal.hu\/index.php\/wp-json\/wp\/v2\/posts\/116623"}],"collection":[{"href":"https:\/\/gazdasagportal.hu\/index.php\/wp-json\/wp\/v2\/posts"}],"about":[{"href":"https:\/\/gazdasagportal.hu\/index.php\/wp-json\/wp\/v2\/types\/post"}],"author":[{"embeddable":true,"href":"https:\/\/gazdasagportal.hu\/index.php\/wp-json\/wp\/v2\/users\/1"}],"replies":[{"embeddable":true,"href":"https:\/\/gazdasagportal.hu\/index.php\/wp-json\/wp\/v2\/comments?post=116623"}],"version-history":[{"count":1,"href":"https:\/\/gazdasagportal.hu\/index.php\/wp-json\/wp\/v2\/posts\/116623\/revisions"}],"predecessor-version":[{"id":116624,"href":"https:\/\/gazdasagportal.hu\/index.php\/wp-json\/wp\/v2\/posts\/116623\/revisions\/116624"}],"wp:attachment":[{"href":"https:\/\/gazdasagportal.hu\/index.php\/wp-json\/wp\/v2\/media?parent=116623"}],"wp:term":[{"taxonomy":"category","embeddable":true,"href":"https:\/\/gazdasagportal.hu\/index.php\/wp-json\/wp\/v2\/categories?post=116623"},{"taxonomy":"post_tag","embeddable":true,"href":"https:\/\/gazdasagportal.hu\/index.php\/wp-json\/wp\/v2\/tags?post=116623"}],"curies":[{"name":"wp","href":"https:\/\/api.w.org\/{rel}","templated":true}]}}